{"id":3143,"date":"2011-11-29T20:01:00","date_gmt":"2011-11-29T19:01:00","guid":{"rendered":"https:\/\/ccoo.app\/barcelona-serveis-municipals\/entrevista-a-xavier-trias\/"},"modified":"2011-11-29T20:01:00","modified_gmt":"2011-11-29T19:01:00","slug":"entrevista-a-xavier-trias","status":"publish","type":"post","link":"https:\/\/ccoo.app\/barcelona-serveis-municipals\/entrevista-a-xavier-trias\/","title":{"rendered":"ENTREVISTA A XAVIER TRIAS"},"content":{"rendered":"<table cellpadding=\"0\" cellspacing=\"0\" style=\"float: left;margin-right: 1em;text-align: left\">\n<tbody>\n<tr>\n<td style=\"text-align: center\"><a href=\"http:\/\/4.bp.blogspot.com\/-EsV2zobwZtA\/TtUvqe30U7I\/AAAAAAAAAOc\/JSnxGQIYm9E\/s1600\/Trias+20+minutos.jpg\" style=\"clear: left;margin-bottom: 1em;margin-left: auto;margin-right: auto\"><img loading=\"lazy\" decoding=\"async\" border=\"0\" height=\"298\" src=\"http:\/\/4.bp.blogspot.com\/-EsV2zobwZtA\/TtUvqe30U7I\/AAAAAAAAAOc\/JSnxGQIYm9E\/s320\/Trias+20+minutos.jpg\" width=\"320\" \/><\/a><\/td>\n<\/tr>\n<tr>\n<td style=\"text-align: center\"><a href=\"http:\/\/estaticos.20minutos.es\/edicionimpresa\/barcelona\/11\/11\/BARC_29_11_11.pdf\">Edici\u00f3n impresa<\/a><\/td>\n<\/tr>\n<\/tbody>\n<\/table>\n<div style=\"text-align: justify\">\nHoy d\u00eda 29 de Noviembre, ha amanecido con una incertidumbre sobre los vigilantes de area verde y los compa\u00f1eros\/as de Aparcaments, por una <a href=\"http:\/\/www.20minutos.es\/noticia\/1235196\/0\/xavier-trias\/alcalde-barcelona\/bonos-pisos-sociales\/\">entrevista publicada en el diario 20 minutos al alcalde de Barcelona Xavier Trias<\/a>, d\u00f3nde deja patente por un lado unas ideas claras acerca de lo que quiere, pero por otro lado tambi\u00e9n deja ver su <b>falta de informaci\u00f3n y conocimiento<\/b> en lo que ata\u00f1e a las funciones de los vigilantes de area verde.<\/div>\n<div style=\"text-align: justify\">\nQueremos recordar al alcalde de Barcelona, que <b>no s\u00f3lo nos dedicamos a mirar si los veh\u00edculos est\u00e1n bien o mal estacionados, sin\u00f3 que realizamos muchas m\u00e1s funciones<\/b>, como son informaci\u00f3n de todo tipo al ciudadano, auxilio en caso de accidente, aviso a las autoridades competentes de cualquier delito o falta, etc&#8230;<\/div>\n<div style=\"text-align: justify\">\nQuiz\u00e1s no quiso decir exactamente esto el se\u00f1or Trias, quiz\u00e1s quiso dar a entender que quiere este personal para realizar m\u00e1s funciones, eso si, lleva 6 meses diciendo que nos quieren dar m\u00e1s funciones, pero no ha concretado ni una sola de ellas. Por parte de <b>CCOO_BSM, <\/b>estamos como no pod\u00eda ser de otra manera<b> dispuestos a hablar <\/b>de que cometidos quiere que realicemos, as\u00ed como por nuestra parte, tambi\u00e9n solicitaremos que temas nos deben arreglar a nuestro colectivo.<\/div>\n<div style=\"text-align: justify\">\n<\/div>\n<div style=\"text-align: justify\">\nEn lo que respecta al <b>vestuario<\/b>, no tenemos nada que opinar, ya que qui\u00e9n decide que vestuario llevamos es precisamente nuestra empresa BSM y el propio Ayuntamiento, si no le gusta como vamos uniformados, ya sabe lo que tiene que hacer, eso si, si nos cambia el vestuario, por favor que sea de <b>MEJOR CALIDAD<\/b>, que este a parte de ser de p\u00e9sima c\u00e1lidad, y no parecerse en nada al de Guardia Urbana(en cu\u00e1nto a calidad), a d\u00eda de hoy todav\u00eda seguimos esperando que nos faciliten las cantidades desglosadas que esta empresa se gasta en nuestro vestuario<b>,<\/b> porqu\u00e9 queremos m\u00e1s calidad para realizar nuestros cometidos.<\/div>\n<div style=\"text-align: justify\">\n<\/div>\n<div style=\"clear: both;text-align: justify\">\n<a href=\"http:\/\/2.bp.blogspot.com\/-d5R0FdoP79Q\/Tb-d1v4eHfI\/AAAAAAAAADg\/4wjabnRvyTc\/s1600\/Parkin+BSM.jpeg\" style=\"clear: right;float: right;margin-bottom: 1em;margin-left: 1em\"><img decoding=\"async\" border=\"0\" src=\"http:\/\/2.bp.blogspot.com\/-d5R0FdoP79Q\/Tb-d1v4eHfI\/AAAAAAAAADg\/4wjabnRvyTc\/s1600\/Parkin+BSM.jpeg\" \/><\/a><\/div>\n<div style=\"text-align: justify\">\nPor otro lado cuando se le pregunta sobre el modelo de gesti\u00f3n de muchos servicios municipales, el se\u00f1or alcalde de Barcelona, pone como ejemplo los aparcamientos municipales, m\u00e1s en concreto el de Santa Caterina y <b>dice que<\/b> <b>no tiene sentido gestionar un aparcamiento desde una empresa municipal.<\/b><\/div>\n<div style=\"text-align: justify\">\nA este punto sr. Trias, s\u00f3lo podemos manifestar que los <b>n\u00fameros son los n\u00fameros<\/b>, un tema que su partido CiU, maneja muy <b>&#8220;bien&#8221;<\/b>, con tanto recorte en Catalu\u00f1a, y que si hacemos n\u00fameros resulta que el ejemplo que usted a puesto de aparcamiento, precisamente <b>es uno de los m\u00e1s rentables de BSM<\/b>, economicamente hablando, <b>no ser\u00e1 que lo que quiere es privatizar lo que da dinero,<\/b> y que BSM asuma lo que genera p\u00e9rdidas, sin comentarios&#8230;<\/div>\n<div style=\"text-align: justify\">\n<\/div>\n<table cellpadding=\"0\" cellspacing=\"0\" style=\"float: left;margin-left: 0px;margin-right: 0px;text-align: left\">\n<tbody>\n<tr>\n<td style=\"text-align: center\"><a href=\"http:\/\/3.bp.blogspot.com\/-rx6y5k-QJ6Q\/TtUyrnC6N-I\/AAAAAAAAAOk\/tQUu6YxUUz4\/s1600\/Portada+BCN+Serveis.jpg\" style=\"clear: left;margin-bottom: 1em;margin-left: auto;margin-right: auto\"><img loading=\"lazy\" decoding=\"async\" border=\"0\" height=\"320\" src=\"http:\/\/3.bp.blogspot.com\/-rx6y5k-QJ6Q\/TtUyrnC6N-I\/AAAAAAAAAOk\/tQUu6YxUUz4\/s320\/Portada+BCN+Serveis.jpg\" width=\"226\" \/><\/a><\/td>\n<\/tr>\n<tr>\n<td style=\"text-align: center\"><a href=\"http:\/\/www.bsmsa.cat\/fileadmin\/user_upload\/BSM_23_web.pdf\">BCN Serveis <\/a><\/td>\n<\/tr>\n<\/tbody>\n<\/table>\n<div style=\"text-align: justify\">\nTambi\u00e9n hace unos d\u00edas en la revista <a href=\"http:\/\/www.bsmsa.cat\/fileadmin\/user_upload\/BSM_23_web.pdf\">BCN Serveis<\/a>, una entrevista realizada a nuestro Director General, el se\u00f1or Ignasi Armengol, manifiesta <i>&#8221; que es un momento muy interesante para mirar el futuro con nuevas ideas, nuevas maneras de enfocar estos servicios municipales, ya sea a trav\u00e9s de BSM directamente o mediante alg\u00fan tipo de participaci\u00f3n mixta&#8221;, <\/i><b>o lo que es lo mismo dicho de otra forma, que entre capital privado<\/b>, por tanto va en la l\u00ednea de lo que el se\u00f1or Trias ha declarado en la entrevista realizada.<\/div>\n<div style=\"text-align: justify\">\n<\/div>\n<div style=\"text-align: justify\">\n<\/div>\n<div style=\"text-align: justify\">\nPor parte de <b>CCOO_BSM hemos solicitado reuni\u00f3n con la Direcci\u00f3n General,<\/b> para que nos aclaren todos estos temas que consideramos importantes.<\/div>\n<div style=\"text-align: justify\">\n<\/div>\n<div style=\"text-align: justify\">\nOs seguiremos informando <\/div>\n<div style=\"text-align: justify\">\n<\/div>\n","protected":false},"excerpt":{"rendered":"<p>Edici\u00f3n impresa Hoy d\u00eda 29 de Noviembre, ha amanecido con una incertidumbre sobre los vigilantes de area verde y los compa\u00f1eros\/as de Aparcaments, por una entrevista publicada en el diario &#8230; <a title=\"ENTREVISTA A XAVIER TRIAS\" class=\"read-more\" href=\"https:\/\/ccoo.app\/barcelona-serveis-municipals\/entrevista-a-xavier-trias\/\" aria-label=\"M\u00e9s informaci\u00f3 sobre ENTREVISTA A XAVIER TRIAS\">Read more<\/a><\/p>\n","protected":false},"author":4519,"featured_media":0,"comment_status":"closed","ping_status":"closed","sticky":false,"template":"","format":"standard","meta":{"footnotes":""},"categories":[1],"tags":[],"class_list":["post-3143","post","type-post","status-publish","format-standard","hentry","category-sin-categoria","generate-columns","tablet-grid-50","mobile-grid-100","grid-parent","grid-33"],"_links":{"self":[{"href":"https:\/\/ccoo.app\/barcelona-serveis-municipals\/wp-json\/wp\/v2\/posts\/3143","targetHints":{"allow":["GET"]}}],"collection":[{"href":"https:\/\/ccoo.app\/barcelona-serveis-municipals\/wp-json\/wp\/v2\/posts"}],"about":[{"href":"https:\/\/ccoo.app\/barcelona-serveis-municipals\/wp-json\/wp\/v2\/types\/post"}],"author":[{"embeddable":true,"href":"https:\/\/ccoo.app\/barcelona-serveis-municipals\/wp-json\/wp\/v2\/users\/4519"}],"replies":[{"embeddable":true,"href":"https:\/\/ccoo.app\/barcelona-serveis-municipals\/wp-json\/wp\/v2\/comments?post=3143"}],"version-history":[{"count":0,"href":"https:\/\/ccoo.app\/barcelona-serveis-municipals\/wp-json\/wp\/v2\/posts\/3143\/revisions"}],"wp:attachment":[{"href":"https:\/\/ccoo.app\/barcelona-serveis-municipals\/wp-json\/wp\/v2\/media?parent=3143"}],"wp:term":[{"taxonomy":"category","embeddable":true,"href":"https:\/\/ccoo.app\/barcelona-serveis-municipals\/wp-json\/wp\/v2\/categories?post=3143"},{"taxonomy":"post_tag","embeddable":true,"href":"https:\/\/ccoo.app\/barcelona-serveis-municipals\/wp-json\/wp\/v2\/tags?post=3143"}],"curies":[{"name":"wp","href":"https:\/\/api.w.org\/{rel}","templated":true}]}}