{"id":3142,"date":"2011-12-04T13:07:00","date_gmt":"2011-12-04T12:07:00","guid":{"rendered":"https:\/\/ccoo.app\/barcelona-serveis-municipals\/pleno-municipal-30-noviembre\/"},"modified":"2011-12-04T13:07:00","modified_gmt":"2011-12-04T12:07:00","slug":"pleno-municipal-30-noviembre","status":"publish","type":"post","link":"https:\/\/ccoo.app\/barcelona-serveis-municipals\/pleno-municipal-30-noviembre\/","title":{"rendered":"PLENO MUNICIPAL 30 NOVIEMBRE"},"content":{"rendered":"<div style=\"clear: both;text-align: center\">\n<a href=\"http:\/\/2.bp.blogspot.com\/-W5ZWzxGwS2I\/TttVRx-eKsI\/AAAAAAAAAOs\/BeR9N4BkLf0\/s1600\/Ajuntament+de+Barcelona.jpg\" style=\"clear: left;float: left;margin-bottom: 1em;margin-right: 1em\"><img decoding=\"async\" border=\"0\" src=\"http:\/\/2.bp.blogspot.com\/-W5ZWzxGwS2I\/TttVRx-eKsI\/AAAAAAAAAOs\/BeR9N4BkLf0\/s1600\/Ajuntament+de+Barcelona.jpg\" \/><\/a><\/div>\n<p>El pasado Mi\u00e9rcoles 30 de Noviembre, tuvo lugar en el Ayuntamiento de Barcelona el pleno ordinario, d\u00f3nde se abordaron algunos temas referentes a BSM.<br \/>\nVamos a intentar haceros un resumen con lo m\u00e1s destacado, as\u00ed como con otros temas de inter\u00e9s que no se hablaron en el pleno, pero de los cu\u00e1les disponemos de informaci\u00f3n, a trav\u00e9s de nuestro sindicato.<\/p>\n<div style=\"clear: both;text-align: center\">\n<a href=\"http:\/\/3.bp.blogspot.com\/-6g7u5zjMDfE\/TcmGnKQbCzI\/AAAAAAAAAEA\/5MclOuKG2uY\/s1600\/agente+de+movilidad.jpeg\" style=\"clear: right;float: right;margin-bottom: 1em;margin-left: 1em\"><img decoding=\"async\" border=\"0\" src=\"http:\/\/3.bp.blogspot.com\/-6g7u5zjMDfE\/TcmGnKQbCzI\/AAAAAAAAAEA\/5MclOuKG2uY\/s1600\/agente+de+movilidad.jpeg\" \/><\/a><\/div>\n<p>El PP,&nbsp; por dos veces y en diferentes temas, propone la creaci\u00f3n del cuerpo <b>auxiliar de Guardia Urbana<\/b>, y definir sus cometidos, por un lado lo proponen en el tema de las contratas de limpieza y el civismo, para que puedan ayudar a la Guardia Urbana en las sanciones, y por otro lado lo propone en el plan de seguridad de 2012-2015, dicho plan es aprobado por CiU,PP y PSC, que en los pr\u00f3ximos meses tendr\u00e1n que redactarlo,definirlo y aprobarlo nuevamente.<br \/>\nEso si, en ning\u00fan momento en el pleno se habla de que esta figura de auxiliar de guardia urbana tenga que ser desempe\u00f1ada por los actuales vigilantes de area verde, si bien esto parece ir en la l\u00ednea de lo que el alcalde manifest\u00f3 en la <a href=\"http:\/\/ccoobsm.blogspot.com\/2011\/11\/entrevista-xavier-trias.html\">entrevista publicada en el diario 20 minutos<\/a>, d\u00f3nde dice que los vigilantes deben hacer m\u00e1s cosas.<\/p>\n<div style=\"clear: both;text-align: center\">\n<a href=\"http:\/\/1.bp.blogspot.com\/-z5pENeXP1RE\/Tg9CwVTWxeI\/AAAAAAAAAGU\/UhH9OPClPWk\/s1600\/Montjuic.jpg\" style=\"clear: left;float: left;margin-bottom: 1em;margin-right: 1em\"><img decoding=\"async\" border=\"0\" src=\"http:\/\/1.bp.blogspot.com\/-z5pENeXP1RE\/Tg9CwVTWxeI\/AAAAAAAAAGU\/UhH9OPClPWk\/s1600\/Montjuic.jpg\" \/><\/a><\/div>\n<p>En lo que respecta a la incertidumbre sobre la gesti\u00f3n de la Anella Olimpica, en el pleno del pasado 30, se abord\u00f3 entre otros temas,<b> rechazar el anterior plan<\/b> del equipo de gobierno anterior, d\u00f3nde pretendian crear una nueva empresa p\u00fablico-privada, seg\u00fan los motivos que di\u00f3 CiU porqu\u00e9 dejaban pocos d\u00edas de uso p\u00fablico para la anella ol\u00edmpica, 45 dias, y que se necesitan m\u00e1s.<br \/>\nEl futuro procedimiento de licitaci\u00f3n seg\u00fan el equipo de gobierno, garantizar\u00e1 m\u00e1s concurrencia de ofertas, incluyendo empresas locales, CiU apuesta claramente por la <b>participaci\u00f3n p\u00fablico-privada<\/b>, que tendr\u00e1n tiempo para debatir el nuevo modelo, y el operador que se present\u00f3 Live Nation ha pedido 54000 euros por motivo de rescisi\u00f3n de contrato, y seg\u00fan el gobierno municipal este operador querr\u00e1 participar en el pr\u00f3ximo proceso de licitaci\u00f3n.<\/p>\n<div style=\"clear: both;text-align: center\">\n<a href=\"http:\/\/3.bp.blogspot.com\/-kmoaRvgk3o8\/TnePawSytLI\/AAAAAAAAAII\/izh8zDE8J68\/s1600\/privado+p%25C3%25BAblico.jpeg\" style=\"clear: right;float: right;margin-bottom: 1em;margin-left: 1em\"><img loading=\"lazy\" decoding=\"async\" border=\"0\" height=\"91\" src=\"http:\/\/3.bp.blogspot.com\/-kmoaRvgk3o8\/TnePawSytLI\/AAAAAAAAAII\/izh8zDE8J68\/s200\/privado+p%25C3%25BAblico.jpeg\" width=\"200\" \/><\/a><\/div>\n<p>Queda aprobado con los votos de CiU, PP, UxB, y las abstenciones de PSC y Icv_EuiA.<br \/>\nResumiendo <b>entierran el anterior plan de privatizaci\u00f3n<\/b>, pero no porqu\u00e9 quieran dejar la gesti\u00f3n p\u00fablica, sin\u00f3 porqu\u00e9 quieren hacer<b> un nuevo plan de concertaci\u00f3n p\u00fablico-privado.<\/b><\/p>\n<p>Desde nuestro sindicato, CCOO, se nos informa de una reuni\u00f3n con el equipo de gobierno de la ciudad d\u00f3nde entre otros temas, se informa, que <b>no quieren hacer cambios dr\u00e1sticos, ni tomar medidas en contra de los trabajadores\/as<\/b>, ni en el Ayuntamiento ni en los patronatos ni empresas p\u00fablicas, pero que si que apuesta en muchos \u00e1mbitos por la colaboraci\u00f3n p\u00fablico-privado.<br \/>\nTambi\u00e9n informa, de que <b>con tiempo se har\u00e1 el cambio de modelo de gesti\u00f3n, que tienen 3 a\u00f1os por delante para realizarlo<\/b>, que quieren un <b>cambio tranquilo<\/b>, en este cambio tambi\u00e9n parece ser que ir\u00e1n inclu\u00eddos algunos cargos que todav\u00eda contin\u00faan a d\u00eda de hoy, del anterior equipo de gobierno, pero que lo har\u00e1n poco a poco.<\/p>\n<div style=\"clear: both;text-align: center\">\n<a href=\"http:\/\/2.bp.blogspot.com\/-d5R0FdoP79Q\/Tb-d1v4eHfI\/AAAAAAAAADg\/4wjabnRvyTc\/s1600\/Parkin+BSM.jpeg\" style=\"clear: left;float: left;margin-bottom: 1em;margin-right: 1em\"><img decoding=\"async\" border=\"0\" src=\"http:\/\/2.bp.blogspot.com\/-d5R0FdoP79Q\/Tb-d1v4eHfI\/AAAAAAAAADg\/4wjabnRvyTc\/s1600\/Parkin+BSM.jpeg\" \/><\/a><\/div>\n<p>Respecto a los aparcamientos municipales gestionados por BSM, de todos es conocido la opini\u00f3n del propio alcalde, que dej\u00f3 bien clara en la <a href=\"http:\/\/ccoobsm.blogspot.com\/2011\/11\/entrevista-xavier-trias.html\">entrevista realizada el pasado Martes 29 en el diario 20 minutos, <\/a>y desde nuestro sindicato nos confirman las palabras del propio alcalde, dejando claro que pretende un <b>cambio de modelo de gesti\u00f3n<\/b>, que si bien no quiere privatizar los aparcamientos(m\u00e1s bien no quiere vender el suelo p\u00fablico), si que quiere que <b>la gesti\u00f3n que realiza actualmente BSM, la realice cualquier otro operador privado, bien directamente o mediante la famosa concertaci\u00f3n p\u00fablico-privado. <\/b><br \/>\nParece que no caben muchos m\u00e1s rumores sobre el futuro de los aparcamientos en BSM, quiz\u00e1s <b>la duda queda en si se desprender\u00e1n de todos, o si bien la futura gesti\u00f3n ser\u00e1 desde una empresa privada o una concertada p\u00fablico-privada<\/b>. Estaremos atentos a las novedades en lo que al futuro de aparcamientos se refiere.<\/p>\n<div style=\"clear: both;text-align: center\">\n<a href=\"http:\/\/4.bp.blogspot.com\/-xcMPosoQSpw\/Ttthb9UAd4I\/AAAAAAAAAO0\/hCiMuptHc3g\/s1600\/presupuestos.jpg\" style=\"clear: right;float: right;margin-bottom: 1em;margin-left: 1em\"><img decoding=\"async\" border=\"0\" src=\"http:\/\/4.bp.blogspot.com\/-xcMPosoQSpw\/Ttthb9UAd4I\/AAAAAAAAAO0\/hCiMuptHc3g\/s1600\/presupuestos.jpg\" \/><\/a><\/div>\n<p>Por \u00faltimo s\u00f3lo destacar que en la propuesta de <b>presupuestos municipales<\/b> para el a\u00f1o 2012, en lo que respecta a <b>BSM<\/b>, desciende un<b> 17% <\/b>pasando de 209 a 173 millones de euros, que solicitaremos se nos informe de dicha disminuci\u00f3n, aunque todo apunta a que desde el propio pleno del ayuntamiento han recuperado una prima de emisi\u00f3n de acciones de BSM, que figura en el patrimonio, que asciende a 34 millones de euros.<br \/>\nLa propuesta de tasas en lo que se refiere a la gr\u00faa municipal tiene un ligero incremento por debajo del IPC y las tasas de estacionamiento regulado oscilan la subida entre un 2% y un 4%, a excepci\u00f3n de la del residente que se mantiene en 20 c\u00e9ntimos diarios, con la novedad de que al <b>residente sin sanciones en el a\u00f1o anterior, obtendr\u00e1 su ticket a coste cero<\/b>.<br \/>\nPor lo que respecta al resto de impuestos, cabe destacar que el impuesto de circulaci\u00f3n, baja entre un 3% y un 7%, y en cambio el transporte p\u00fablico, se va a encarecer notablemente, lo que en temas de <b>movilidad sostenible<\/b>, y reducci\u00f3n del CO2,<b> no parece que sean las medidas m\u00e1s id\u00f3neas. <\/b><br \/>\nLos presupuestos municipales para el 2012, en general sufren una bajada en los ingresos, y deben ser aprovados o no, justo antes de las navidades, aunque todo apunta a que el PP le dar\u00e1 el apoyo a CiU.<\/p>\n","protected":false},"excerpt":{"rendered":"<p>El pasado Mi\u00e9rcoles 30 de Noviembre, tuvo lugar en el Ayuntamiento de Barcelona el pleno ordinario, d\u00f3nde se abordaron algunos temas referentes a BSM. Vamos a intentar haceros un resumen &#8230; <a title=\"PLENO MUNICIPAL 30 NOVIEMBRE\" class=\"read-more\" href=\"https:\/\/ccoo.app\/barcelona-serveis-municipals\/pleno-municipal-30-noviembre\/\" aria-label=\"M\u00e9s informaci\u00f3 sobre PLENO MUNICIPAL 30 NOVIEMBRE\">Read more<\/a><\/p>\n","protected":false},"author":4519,"featured_media":0,"comment_status":"closed","ping_status":"closed","sticky":false,"template":"","format":"standard","meta":{"footnotes":""},"categories":[1],"tags":[],"class_list":["post-3142","post","type-post","status-publish","format-standard","hentry","category-sin-categoria","generate-columns","tablet-grid-50","mobile-grid-100","grid-parent","grid-33"],"_links":{"self":[{"href":"https:\/\/ccoo.app\/barcelona-serveis-municipals\/wp-json\/wp\/v2\/posts\/3142","targetHints":{"allow":["GET"]}}],"collection":[{"href":"https:\/\/ccoo.app\/barcelona-serveis-municipals\/wp-json\/wp\/v2\/posts"}],"about":[{"href":"https:\/\/ccoo.app\/barcelona-serveis-municipals\/wp-json\/wp\/v2\/types\/post"}],"author":[{"embeddable":true,"href":"https:\/\/ccoo.app\/barcelona-serveis-municipals\/wp-json\/wp\/v2\/users\/4519"}],"replies":[{"embeddable":true,"href":"https:\/\/ccoo.app\/barcelona-serveis-municipals\/wp-json\/wp\/v2\/comments?post=3142"}],"version-history":[{"count":0,"href":"https:\/\/ccoo.app\/barcelona-serveis-municipals\/wp-json\/wp\/v2\/posts\/3142\/revisions"}],"wp:attachment":[{"href":"https:\/\/ccoo.app\/barcelona-serveis-municipals\/wp-json\/wp\/v2\/media?parent=3142"}],"wp:term":[{"taxonomy":"category","embeddable":true,"href":"https:\/\/ccoo.app\/barcelona-serveis-municipals\/wp-json\/wp\/v2\/categories?post=3142"},{"taxonomy":"post_tag","embeddable":true,"href":"https:\/\/ccoo.app\/barcelona-serveis-municipals\/wp-json\/wp\/v2\/tags?post=3142"}],"curies":[{"name":"wp","href":"https:\/\/api.w.org\/{rel}","templated":true}]}}