{"id":3141,"date":"2011-12-13T12:09:00","date_gmt":"2011-12-13T11:09:00","guid":{"rendered":"https:\/\/ccoo.app\/barcelona-serveis-municipals\/lote-de-navidad-solidario\/"},"modified":"2011-12-13T12:09:00","modified_gmt":"2011-12-13T11:09:00","slug":"lote-de-navidad-solidario","status":"publish","type":"post","link":"https:\/\/ccoo.app\/barcelona-serveis-municipals\/lote-de-navidad-solidario\/","title":{"rendered":"LOTE DE NAVIDAD SOLIDARIO"},"content":{"rendered":"<div>\n<div style=\"clear: both;text-align: center\">\n<a href=\"http:\/\/2.bp.blogspot.com\/-rFzBVcWNr7c\/TucdyiKfqrI\/AAAAAAAAAO8\/4ZcIkj0iezk\/s1600\/lote+de+navidad.jpg\" style=\"clear: left;float: left;margin-bottom: 1em;margin-right: 1em\"><img decoding=\"async\" border=\"0\" src=\"http:\/\/2.bp.blogspot.com\/-rFzBVcWNr7c\/TucdyiKfqrI\/AAAAAAAAAO8\/4ZcIkj0iezk\/s1600\/lote+de+navidad.jpg\" \/><\/a><\/div>\n<div style=\"font-family: inherit;text-align: justify\">\n<span style=\"font-size: small\">Hace ya un par de semanas que la Direcci\u00f3n de Recursos Humanos nos confirm\u00f3, en una reuni\u00f3n, que este a\u00f1o no nos iban a hacer entrega del lote navide\u00f1o, que ven\u00edamos disfrutando desde hace ya muchos a\u00f1os. Sus argumentos fueron que la partida presupuestaria del lote de los trabajadores\/as iba a ser destinada al <b>Banco de Alimentos<\/b>, ya que este a\u00f1o hay mucha gente necesitada.<\/span><\/div>\n<div style=\"font-family: inherit;text-align: justify\">\n<span style=\"font-size: small\">Si bien el <b>esp\u00edritu<\/b>, de esta actuaci\u00f3n algunos trabajadores\/as lo han entendido y aceptado, no es m\u00e1s cierto que otros muchos\/as trabajadores\/as est\u00e1n disconformes, sobre todo con las formas de actuar que nos tiene acostumbrados esta empresa. <\/span><\/div>\n<div style=\"font-family: inherit;text-align: justify\">\n<\/div>\n<table cellpadding=\"0\" cellspacing=\"0\" style=\"float: right;font-family: inherit;margin-left: 0px;margin-right: 0px;text-align: left\">\n<tbody>\n<tr>\n<td style=\"text-align: center\"><span style=\"font-size: small\"><a href=\"http:\/\/3.bp.blogspot.com\/-knCQr913vdE\/TuceH0ALaxI\/AAAAAAAAAPE\/PAInhn6Ky18\/s1600\/fundaci%25C3%25B3+banc+dels+aliments.jpg\" style=\"clear: right;margin-bottom: 1em;margin-left: auto;margin-right: auto\"><img loading=\"lazy\" decoding=\"async\" border=\"0\" height=\"103\" src=\"http:\/\/3.bp.blogspot.com\/-knCQr913vdE\/TuceH0ALaxI\/AAAAAAAAAPE\/PAInhn6Ky18\/s320\/fundaci%25C3%25B3+banc+dels+aliments.jpg\" width=\"320\" \/><\/a><\/span><\/td>\n<\/tr>\n<tr>\n<td style=\"text-align: center\"><span style=\"font-size: small\"><span lang=\"ES-TRAD\"><a href=\"http:\/\/www.bancdelsaliments.org\/ca\/home\/\">http:\/\/www.bancdelsaliments.org\/ca\/home\/<\/a><\/span><\/span><\/td>\n<\/tr>\n<\/tbody>\n<\/table>\n<div style=\"font-family: inherit;text-align: justify\">\n<div style=\"text-align: justify\">\n<span style=\"font-size: small\">Si bien es verdad que el lote, no lo tenemos recogido en ning\u00fan acuerdo ni convenio, no hubiera costado nada hacer una <b>consulta p\u00fablica<\/b>, aunque s\u00f3lo fuera por deferencia, d\u00f3nde los trabajadores\/as hubieran decidido voluntariamente si aceptaban dicha decisi\u00f3n. Y adem\u00e1s en ning\u00fan momento hemos escuchado a la empresa que fuera aportar ninguna cantidad al citado banco de alimentos de los presupuestos de la empresa, por tanto <b>la \u00fanica partida que se ingresar\u00e1, si es que se ingresa, ser\u00e1 la de los trabajadores\/as mediante sus lotes.<\/b><\/span><\/div>\n<div style=\"text-align: justify\">\n<\/div>\n<div style=\"text-align: justify\">\n<\/div>\n<div style=\"clear: both;text-align: center\">\n<\/div>\n<div style=\"text-align: justify\">\n<table cellpadding=\"0\" cellspacing=\"0\" style=\"float: left;margin-right: 1em;text-align: left\">\n<tbody>\n<tr>\n<td style=\"text-align: center\"><a href=\"http:\/\/2.bp.blogspot.com\/-nLOh-RVyVDY\/TufGvNA-VhI\/AAAAAAAAAPs\/TDd7emv6QNE\/s1600\/Carta+la+Vanguardia.jpg\" style=\"clear: left;margin-bottom: 1em;margin-left: auto;margin-right: auto\"><img loading=\"lazy\" decoding=\"async\" border=\"0\" height=\"320\" src=\"http:\/\/2.bp.blogspot.com\/-nLOh-RVyVDY\/TufGvNA-VhI\/AAAAAAAAAPs\/TDd7emv6QNE\/s320\/Carta+la+Vanguardia.jpg\" width=\"180\" \/><\/a><\/td>\n<\/tr>\n<tr>\n<td style=\"text-align: center\">Carta en La Vanguardia 13\/12\/2011<\/td>\n<td style=\"text-align: center\"><\/td>\n<td style=\"text-align: center\"><\/td>\n<td style=\"text-align: center\"><\/td>\n<td style=\"text-align: center\"><\/td>\n<\/tr>\n<\/tbody>\n<\/table>\n<p><span lang=\"ES-TRAD\">Porque de esta forma nos queda la sensaci\u00f3n de ser <b>solidarios<br \/>\na punta de pistola<\/b> y lo que en un principio podr\u00eda contar con la aprobaci\u00f3n<br \/>\nde una mayor\u00eda de la plantilla ahora se convierte en&nbsp; una situaci\u00f3n<br \/>\nnegativa y poco<span style=\"color: #4f81bd\">,<span style=\"color: black\"> por no decir nada,<\/span><\/span> popular.<br \/>\nPues debemos pensar que entre nuestros compa\u00f1eros\/as, hay personas que tambi\u00e9n<br \/>\nest\u00e9n pasando malos momentos debido a la crisis y tengan aut\u00e9nticos problemas<br \/>\npara llegar a final de mes.<\/span><\/div>\n<div style=\"text-align: justify\">\n<\/div>\n<div style=\"text-align: justify\">\n<span lang=\"ES-TRAD\">Y como remate final, ahora nos piden la aportaci\u00f3n<br \/>\nde alimentos de forma voluntaria para secundar la campa\u00f1a del banco de<br \/>\nalimentos y <b>a cambio nos ofrecen las entradas que ya ten\u00edamos otros a\u00f1os en<br \/>\nel mismo lote<\/b>. De nuevo lo que es <b>una idea solidaria, altruista y muy<br \/>\nnoble queda empa\u00f1ada por las formas<\/b> como se lleva a cabo y evidentemente<br \/>\nprovocando el malestar de muchos\/as.&nbsp;<\/span><\/div>\n<div style=\"text-align: justify\">\n<\/div>\n<div style=\"text-align: justify\">\n<span lang=\"ES-TRAD\">Esperemos que cuando se dice BSM aporta alimentos,<br \/>\ndigan los <b>trabajadores\/as de BSM aportan solidariamente alimentos<\/b><br \/>\nmediante la renuncia de su lote navide\u00f1o.<\/span><\/div>\n<div style=\"text-align: justify\">\n<\/div>\n<div style=\"text-align: justify\">\n<\/div>\n<div style=\"clear: both;text-align: center\">\n<a href=\"http:\/\/2.bp.blogspot.com\/-8WxsBpDqsdA\/TufEH8xDDeI\/AAAAAAAAAPk\/DGz4ZeH4csc\/s1600\/solidaridad.jpg\" style=\"clear: right;float: right;margin-bottom: 1em;margin-left: 1em\"><img decoding=\"async\" border=\"0\" src=\"http:\/\/2.bp.blogspot.com\/-8WxsBpDqsdA\/TufEH8xDDeI\/AAAAAAAAAPk\/DGz4ZeH4csc\/s1600\/solidaridad.jpg\" \/><\/a><\/div>\n<div style=\"text-align: justify\">\n<span lang=\"ES-TRAD\">Por \u00faltimo una reflexi\u00f3n, la solidaridad nace como<br \/>\nderecho de cada uno\/a de nosotros, durante los 365 <span style=\"color: black\">d\u00edas<\/span><br \/>\nal a\u00f1o, o en el momento que cada uno\/a elija ser solidario,<b> NUNCA se debe<br \/>\nimponer el ser solidario a cambio de nada<\/b> (entradas para el Zoo<span style=\"color: #4f81bd\">, <span style=\"color: black\">Tibidabo<\/span><\/span>, etc&#8230;), ya que cada uno\/a somos lo<br \/>\nsuficientemente adultos\/as, para <b>decidir cu\u00e1ndo y con qui\u00e9n somos solidarios<br \/>\nen nuestra vida personal.&nbsp;<\/b><\/span><\/div>\n<div style=\"text-align: justify\">\n<\/div>\n<div style=\"text-align: justify\">\n<\/div>\n<div style=\"text-align: justify\">\n<span lang=\"ES-TRAD\">Cualquier persona que quiera donar directamente al<br \/>\nBanc dels Aliments, aqu\u00ed ten\u00e9is su enlace <a href=\"http:\/\/www.bancdelsaliments.org\/ca\/home\/\">http:\/\/www.bancdelsaliments.org\/ca\/home\/<\/a><\/span><\/div>\n<div style=\"text-align: justify\">\n<\/div>\n<div style=\"text-align: justify\">\n<\/div>\n<div style=\"text-align: justify\">\n<span lang=\"ES-TRAD\">Por cierto Felices Fiestas para todos\/as<\/span><\/div>\n<\/div>\n<div style=\"font-family: inherit;text-align: justify\">\n<\/div>\n<\/div>\n","protected":false},"excerpt":{"rendered":"<p>Hace ya un par de semanas que la Direcci\u00f3n de Recursos Humanos nos confirm\u00f3, en una reuni\u00f3n, que este a\u00f1o no nos iban a hacer entrega del lote navide\u00f1o, que &#8230; <a title=\"LOTE DE NAVIDAD SOLIDARIO\" class=\"read-more\" href=\"https:\/\/ccoo.app\/barcelona-serveis-municipals\/lote-de-navidad-solidario\/\" aria-label=\"M\u00e9s informaci\u00f3 sobre LOTE DE NAVIDAD SOLIDARIO\">Read more<\/a><\/p>\n","protected":false},"author":4519,"featured_media":0,"comment_status":"closed","ping_status":"closed","sticky":false,"template":"","format":"standard","meta":{"footnotes":""},"categories":[1],"tags":[],"class_list":["post-3141","post","type-post","status-publish","format-standard","hentry","category-sin-categoria","generate-columns","tablet-grid-50","mobile-grid-100","grid-parent","grid-33"],"_links":{"self":[{"href":"https:\/\/ccoo.app\/barcelona-serveis-municipals\/wp-json\/wp\/v2\/posts\/3141","targetHints":{"allow":["GET"]}}],"collection":[{"href":"https:\/\/ccoo.app\/barcelona-serveis-municipals\/wp-json\/wp\/v2\/posts"}],"about":[{"href":"https:\/\/ccoo.app\/barcelona-serveis-municipals\/wp-json\/wp\/v2\/types\/post"}],"author":[{"embeddable":true,"href":"https:\/\/ccoo.app\/barcelona-serveis-municipals\/wp-json\/wp\/v2\/users\/4519"}],"replies":[{"embeddable":true,"href":"https:\/\/ccoo.app\/barcelona-serveis-municipals\/wp-json\/wp\/v2\/comments?post=3141"}],"version-history":[{"count":0,"href":"https:\/\/ccoo.app\/barcelona-serveis-municipals\/wp-json\/wp\/v2\/posts\/3141\/revisions"}],"wp:attachment":[{"href":"https:\/\/ccoo.app\/barcelona-serveis-municipals\/wp-json\/wp\/v2\/media?parent=3141"}],"wp:term":[{"taxonomy":"category","embeddable":true,"href":"https:\/\/ccoo.app\/barcelona-serveis-municipals\/wp-json\/wp\/v2\/categories?post=3141"},{"taxonomy":"post_tag","embeddable":true,"href":"https:\/\/ccoo.app\/barcelona-serveis-municipals\/wp-json\/wp\/v2\/tags?post=3141"}],"curies":[{"name":"wp","href":"https:\/\/api.w.org\/{rel}","templated":true}]}}