{"id":3139,"date":"2011-12-19T18:59:00","date_gmt":"2011-12-19T17:59:00","guid":{"rendered":"https:\/\/ccoo.app\/barcelona-serveis-municipals\/calendario-area-2012\/"},"modified":"2011-12-19T18:59:00","modified_gmt":"2011-12-19T17:59:00","slug":"calendario-area-2012","status":"publish","type":"post","link":"https:\/\/ccoo.app\/barcelona-serveis-municipals\/calendario-area-2012\/","title":{"rendered":"CALENDARIO AREA 2012"},"content":{"rendered":"<div>\n<div style=\"clear: both;text-align: center\">\n<\/div>\n<div style=\"text-align: justify\">\nDespu\u00e9s de tres reuniones para tratar el calendario de AREA 2012 y otros temas del departamento,<b> el acuerdo para el calendario AREA 2012 ha sido imposible.<\/b><\/div>\n<div style=\"text-align: justify\">\n<\/div>\n<table cellpadding=\"0\" cellspacing=\"0\" style=\"float: right;margin-left: 1em;text-align: right\">\n<tbody>\n<tr>\n<td style=\"text-align: center\"><a href=\"http:\/\/3.bp.blogspot.com\/-sD-a6TzFNfg\/TvBZgcewWzI\/AAAAAAAAAQU\/gx5B4h3bUpg\/s1600\/CALENDARIO+PROVISIONAL+AREA+2012.jpg\" style=\"clear: right;margin-bottom: 1em;margin-left: auto;margin-right: auto\"><img loading=\"lazy\" decoding=\"async\" border=\"0\" height=\"277\" src=\"http:\/\/3.bp.blogspot.com\/-sD-a6TzFNfg\/TvBZgcewWzI\/AAAAAAAAAQU\/gx5B4h3bUpg\/s320\/CALENDARIO+PROVISIONAL+AREA+2012.jpg\" width=\"320\" \/><\/a><\/td>\n<\/tr>\n<tr>\n<td style=\"text-align: center\"><b>Propuesta calendario AREA 2012 empresa<\/b><\/td>\n<\/tr>\n<\/tbody>\n<\/table>\n<div style=\"text-align: justify\">\nPor parte de CCOO y de la representaci\u00f3n social, hemos planteado muchas<br \/>\npropuestas diferentes a las vacaciones, minis, y los s\u00e1bados P, siendo<b><br \/>\nrechazadas todas por la empresa o s\u00f3lo qued\u00e1ndose con la parte que les<br \/>\ninteresaba.&nbsp;<\/b><\/div>\n<div style=\"text-align: justify\">\nA nuestro punto de vista no quer\u00edan acuerdo, s\u00f3lo han pretendido que con<br \/>\n el paso del tiempo y la cercan\u00eda de fin de a\u00f1o, la representaci\u00f3n<br \/>\nsocial se fuera olvidando de sus leg\u00edtimas pretensiones y <b>corri\u00e9ramos a<br \/>\nfirmarles un calendario sin las mejoras planteadas.<\/b><br \/>\nEs de sobra conocido por todos\/as los trabajadores\/as, la <b>p\u00e9sima gesti\u00f3n<br \/>\ndel departamento de AREA<\/b> que hace tanto padecemos, y esto es un ejemplo<br \/>\nm\u00e1s, de la <b>negativa por sistema<\/b> que estamos tan acostumbrados a<br \/>\nescuchar.<\/div>\n<div style=\"text-align: justify\">\nEs tan dif\u00edcil asumir que los <b>s\u00e1bados P son exclusivamente voluntarios<\/b>, son s\u00e1bados diferentes en cuanto al volumen de trabajo(que los cubran y los retribuyan como Domingo o festivo), que los <b>2 turnos de vacaciones que van del 15 al 15<\/b>(que por cierto los a\u00f1os que ha estado estos turnos han superado las expectativas del departamento siendo elegidos por 25% de la plantilla), <b>son del agrado de los trabajadores\/as,<\/b> y que nos respeten la solicitud de minivacaciones, si <b>solicitamos semana santa o navidad que no nos manden al per\u00edodo contrario.<\/b><\/div>\n<div style=\"clear: both;text-align: center\">\n<a href=\"http:\/\/4.bp.blogspot.com\/--ueedAcKG-w\/TvBYpp1VVhI\/AAAAAAAAAQM\/jhpDq-pkLHM\/s1600\/pr%25C3%25B3rroga.jpg\" style=\"clear: left;float: left;margin-bottom: 1em;margin-right: 1em\"><img loading=\"lazy\" decoding=\"async\" border=\"0\" height=\"161\" src=\"http:\/\/4.bp.blogspot.com\/--ueedAcKG-w\/TvBYpp1VVhI\/AAAAAAAAAQM\/jhpDq-pkLHM\/s320\/pr%25C3%25B3rroga.jpg\" width=\"320\" \/><\/a><\/div>\n<div style=\"text-align: justify\">\nPor muchos intentos que hagamos no est\u00e1n por la labor de negociar, es m\u00e1s la \u00faltima reuni\u00f3n se acab\u00f3 con el manifiesto de la empresa de <b>prorrogar el calendario de este a\u00f1o, sin acuerdo con la parte social.<\/b> C\u00f3mo parece ser que no entienden lo que significa el t\u00e9rmino <b>pr\u00f3rroga<\/b>, seg\u00fan el Diccionario de la Real Academia Espa\u00f1ola, es &#8220;<i>continuaci\u00f3n de algo por un tiempo determinad<\/i>o&#8221;, por lo que eso de decir que prorrogan el calendario 2011 al 2012, para luego quitar turnos de minis y de vacaciones como nos han presentado, no se llama pr\u00f3rroga, se llama<b> IMPOSICI\u00d3N<\/b> del calendario que les da la gana.<\/div>\n<div style=\"text-align: justify\">\nHabr\u00e1 que esperar, si intentan una \u00faltima mediaci\u00f3n, o por el contrario nos encontramos con un calendario en los centros de trabajo, que s\u00f3lo ser\u00e1 fruto de la <b>IMPOSICI\u00d3N<\/b> por parte de la Direcci\u00f3n de la empresa y de la Unidad.<\/div>\n<div style=\"text-align: justify\">\n<\/div>\n<div style=\"text-align: justify\">\nEso s\u00ed, luego, para cualquier comunicado que saquen hacia la plantilla, nos citan como <b>COLABORADORES<\/b>, <b>\u00bfde qu\u00e9?<\/b>, de asumir imposici\u00f3n tras imposici\u00f3n a la que nos tienen durante tantos a\u00f1os acostumbrados.<\/div>\n<div style=\"text-align: center\">\n<\/div>\n<div style=\"text-align: center\">\n<b>\u00a1\u00a1BASTA YA DE HIPOCRES\u00cdA!! <\/b><\/div>\n<div style=\"clear: both;text-align: center\">\n<\/div>\n<div style=\"text-align: justify\">\n <\/div>\n<\/div>\n","protected":false},"excerpt":{"rendered":"<p>Despu\u00e9s de tres reuniones para tratar el calendario de AREA 2012 y otros temas del departamento, el acuerdo para el calendario AREA 2012 ha sido imposible. Propuesta calendario AREA 2012 &#8230; <a title=\"CALENDARIO AREA 2012\" class=\"read-more\" href=\"https:\/\/ccoo.app\/barcelona-serveis-municipals\/calendario-area-2012\/\" aria-label=\"M\u00e9s informaci\u00f3 sobre CALENDARIO AREA 2012\">Read more<\/a><\/p>\n","protected":false},"author":4519,"featured_media":0,"comment_status":"closed","ping_status":"closed","sticky":false,"template":"","format":"standard","meta":{"footnotes":""},"categories":[1],"tags":[],"class_list":["post-3139","post","type-post","status-publish","format-standard","hentry","category-sin-categoria","generate-columns","tablet-grid-50","mobile-grid-100","grid-parent","grid-33"],"_links":{"self":[{"href":"https:\/\/ccoo.app\/barcelona-serveis-municipals\/wp-json\/wp\/v2\/posts\/3139","targetHints":{"allow":["GET"]}}],"collection":[{"href":"https:\/\/ccoo.app\/barcelona-serveis-municipals\/wp-json\/wp\/v2\/posts"}],"about":[{"href":"https:\/\/ccoo.app\/barcelona-serveis-municipals\/wp-json\/wp\/v2\/types\/post"}],"author":[{"embeddable":true,"href":"https:\/\/ccoo.app\/barcelona-serveis-municipals\/wp-json\/wp\/v2\/users\/4519"}],"replies":[{"embeddable":true,"href":"https:\/\/ccoo.app\/barcelona-serveis-municipals\/wp-json\/wp\/v2\/comments?post=3139"}],"version-history":[{"count":0,"href":"https:\/\/ccoo.app\/barcelona-serveis-municipals\/wp-json\/wp\/v2\/posts\/3139\/revisions"}],"wp:attachment":[{"href":"https:\/\/ccoo.app\/barcelona-serveis-municipals\/wp-json\/wp\/v2\/media?parent=3139"}],"wp:term":[{"taxonomy":"category","embeddable":true,"href":"https:\/\/ccoo.app\/barcelona-serveis-municipals\/wp-json\/wp\/v2\/categories?post=3139"},{"taxonomy":"post_tag","embeddable":true,"href":"https:\/\/ccoo.app\/barcelona-serveis-municipals\/wp-json\/wp\/v2\/tags?post=3139"}],"curies":[{"name":"wp","href":"https:\/\/api.w.org\/{rel}","templated":true}]}}