{"id":3138,"date":"2012-01-01T14:40:00","date_gmt":"2012-01-01T13:40:00","guid":{"rendered":"https:\/\/ccoo.app\/barcelona-serveis-municipals\/subida-irpf-2012\/"},"modified":"2012-01-01T14:40:00","modified_gmt":"2012-01-01T13:40:00","slug":"subida-irpf-2012","status":"publish","type":"post","link":"https:\/\/ccoo.app\/barcelona-serveis-municipals\/subida-irpf-2012\/","title":{"rendered":"SUBIDA IRPF 2012"},"content":{"rendered":"<div style=\"text-align: left\">\n<\/div>\n<table cellpadding=\"0\" cellspacing=\"0\" style=\"float: left;margin-right: 1em;text-align: left\">\n<tbody>\n<tr>\n<td style=\"text-align: center\"><a href=\"http:\/\/4.bp.blogspot.com\/-dRE9mkT79yM\/VLyxLs1wY4I\/AAAAAAAAGN0\/-MOiNMBKaeA\/s1600\/IRPF.jpg\" style=\"clear: left;margin-bottom: 1em;margin-left: auto;margin-right: auto\"><img decoding=\"async\" border=\"0\" src=\"http:\/\/4.bp.blogspot.com\/-dRE9mkT79yM\/VLyxLs1wY4I\/AAAAAAAAGN0\/-MOiNMBKaeA\/s1600\/IRPF.jpg\" \/><\/a><\/td>\n<\/tr>\n<tr>\n<td style=\"text-align: center\"><a href=\"http:\/\/www.boe.es\/boe\/dias\/2011\/12\/31\/pdfs\/BOE-A-2011-20638.pdf\">Click aqui para descargar el BOE<\/a><\/td>\n<\/tr>\n<\/tbody>\n<\/table>\n<div style=\"text-align: justify\">\nEn el \u00faltimo consejo de ministros de 2011, el gobierno central ha introducido una serie de medidas como la congelaci\u00f3n salarial al sector p\u00fablico, incremento de&nbsp; horas semanales a 37,5, la no convocatoria de oposiciones con algunas excepciones, la congelaci\u00f3n del SMI(642 euros), as\u00ed como en la medida que nos vamos a centrar en explicar que es <b>una subida temporal del escalado del IRPF para los a\u00f1os 2012-2013, que va desde un 0,75% a un 7%<\/b> m\u00e1s de retenci\u00f3n a cuenta para el estado.<\/div>\n<div style=\"text-align: justify\">\nTodas estas medidas ya han sido publicadas en el BOE con fecha de 31 de Diciembre de 2011, para ser efectivas a partir del 1 de Enero de 2012.<\/div>\n<div style=\"text-align: justify\">\n<\/div>\n<div style=\"clear: both;text-align: center\">\n<\/div>\n<div style=\"clear: both;text-align: center\">\n<a href=\"http:\/\/3.bp.blogspot.com\/-eR2jfMmY07g\/VLyxYZvFRaI\/AAAAAAAAGN8\/P82COQ8pe8U\/s1600\/Rajoy%2Bsubida%2BIRPF.jpg\" style=\"clear: right;float: right;margin-bottom: 1em;margin-left: 1em;text-align: justify\"><img loading=\"lazy\" decoding=\"async\" border=\"0\" src=\"http:\/\/3.bp.blogspot.com\/-eR2jfMmY07g\/VLyxYZvFRaI\/AAAAAAAAGN8\/P82COQ8pe8U\/s1600\/Rajoy%2Bsubida%2BIRPF.jpg\" height=\"180\" width=\"200\" \/><\/a><\/div>\n<div style=\"text-align: justify\">\nSobre la medida del <b>IRPF<\/b>, cabe comentar que las retenciones tendr\u00e1n en cuenta las situaciones personales y familiares de cada uno\/a, pero que afectar\u00e1 practicamente a la totalidad de trabajadores\/as de este pa\u00eds, si bien siempre en un escalado, para qui\u00e9n m\u00e1s cobra, m\u00e1s paga. El argumento empleado por el PP, para llevar a cabo esta <b>subida de impuestos<\/b>, es hacer frente al d\u00e9ficit presupuestario, y poder rebajarlo, a\u00fan sabiendo que el<b> principal problema de este pa\u00eds, es que no se generan puestos de trabajo para poder generar m\u00e1s impuestos.<\/b><\/div>\n<div style=\"text-align: justify\">\n<\/div>\n<div style=\"text-align: justify\">\n<\/div>\n<div style=\"text-align: justify\">\nOs adjuntamos tabla de subida del IRPF en funci\u00f3n de los salarios brutos anuales.<\/div>\n<div style=\"clear: both;text-align: center\">\n<a href=\"http:\/\/1.bp.blogspot.com\/-itzXqT8G9aU\/VLyx1umrKBI\/AAAAAAAAGOE\/5ji9bzGg_5M\/s1600\/subida%2BIRPF.jpg\" style=\"margin-left: 1em;margin-right: 1em\"><img loading=\"lazy\" decoding=\"async\" border=\"0\" src=\"http:\/\/1.bp.blogspot.com\/-itzXqT8G9aU\/VLyx1umrKBI\/AAAAAAAAGOE\/5ji9bzGg_5M\/s1600\/subida%2BIRPF.jpg\" height=\"224\" width=\"640\" \/><\/a><\/div>\n<div style=\"text-align: justify\">\n<\/div>\n<div style=\"clear: both;text-align: center\">\n<\/div>\n<div style=\"clear: both;text-align: center\">\n<\/div>\n<div style=\"clear: both;text-align: center\">\n<\/div>\n<div style=\"clear: both;text-align: center\">\n<\/div>\n<p>\n<span style=\"font-size: x-small\">fuente informaci\u00f3n ejemplos tablas diario <a href=\"http:\/\/politica.elpais.com\/politica\/2011\/12\/30\/actualidad\/1325263059_329557.html\">El Pais<\/a> <\/span><\/p>\n<div style=\"text-align: justify\">\nEditamos la entrada, para informar que la subida IRPF 2012 se empezar\u00e1 a aplicar en el mes de Febrero, seg\u00fan publicaci\u00f3n oficial de la <a href=\"http:\/\/www.agenciatributaria.es\/AEAT.internet\/Inicio.shtml\">Agencia Tributaria<\/a>.<\/div>\n","protected":false},"excerpt":{"rendered":"<p>Click aqui para descargar el BOE En el \u00faltimo consejo de ministros de 2011, el gobierno central ha introducido una serie de medidas como la congelaci\u00f3n salarial al sector p\u00fablico, &#8230; <a title=\"SUBIDA IRPF 2012\" class=\"read-more\" href=\"https:\/\/ccoo.app\/barcelona-serveis-municipals\/subida-irpf-2012\/\" aria-label=\"M\u00e9s informaci\u00f3 sobre SUBIDA IRPF 2012\">Read more<\/a><\/p>\n","protected":false},"author":4519,"featured_media":0,"comment_status":"closed","ping_status":"closed","sticky":false,"template":"","format":"standard","meta":{"footnotes":""},"categories":[1],"tags":[],"class_list":["post-3138","post","type-post","status-publish","format-standard","hentry","category-sin-categoria","generate-columns","tablet-grid-50","mobile-grid-100","grid-parent","grid-33"],"_links":{"self":[{"href":"https:\/\/ccoo.app\/barcelona-serveis-municipals\/wp-json\/wp\/v2\/posts\/3138","targetHints":{"allow":["GET"]}}],"collection":[{"href":"https:\/\/ccoo.app\/barcelona-serveis-municipals\/wp-json\/wp\/v2\/posts"}],"about":[{"href":"https:\/\/ccoo.app\/barcelona-serveis-municipals\/wp-json\/wp\/v2\/types\/post"}],"author":[{"embeddable":true,"href":"https:\/\/ccoo.app\/barcelona-serveis-municipals\/wp-json\/wp\/v2\/users\/4519"}],"replies":[{"embeddable":true,"href":"https:\/\/ccoo.app\/barcelona-serveis-municipals\/wp-json\/wp\/v2\/comments?post=3138"}],"version-history":[{"count":0,"href":"https:\/\/ccoo.app\/barcelona-serveis-municipals\/wp-json\/wp\/v2\/posts\/3138\/revisions"}],"wp:attachment":[{"href":"https:\/\/ccoo.app\/barcelona-serveis-municipals\/wp-json\/wp\/v2\/media?parent=3138"}],"wp:term":[{"taxonomy":"category","embeddable":true,"href":"https:\/\/ccoo.app\/barcelona-serveis-municipals\/wp-json\/wp\/v2\/categories?post=3138"},{"taxonomy":"post_tag","embeddable":true,"href":"https:\/\/ccoo.app\/barcelona-serveis-municipals\/wp-json\/wp\/v2\/tags?post=3138"}],"curies":[{"name":"wp","href":"https:\/\/api.w.org\/{rel}","templated":true}]}}