{"id":3137,"date":"2012-01-04T11:41:00","date_gmt":"2012-01-04T10:41:00","guid":{"rendered":"https:\/\/ccoo.app\/barcelona-serveis-municipals\/quien-recibe-formacion-en-bsm\/"},"modified":"2012-01-04T11:41:00","modified_gmt":"2012-01-04T10:41:00","slug":"quien-recibe-formacion-en-bsm","status":"publish","type":"post","link":"https:\/\/ccoo.app\/barcelona-serveis-municipals\/quien-recibe-formacion-en-bsm\/","title":{"rendered":"\u00bfQUI\u00c9N RECIBE FORMACI\u00d3N EN BSM?"},"content":{"rendered":"<div style=\"clear: both;text-align: center\">\n<\/div>\n<div style=\"font-family: inherit;text-align: justify\">\n<span style=\"font-size: small\">En BSM, la formaci\u00f3n nunca se le ha dado la importancia que tiene, bien por la dejadez de la Direcci\u00f3n de la empresa en estos temas, o peor si cabe, por dejar decidir que cursos se imparten a las correspondientes unidades, siendo estas las responsables, junto a RRHH de decir<b> NO por sistema a la petici\u00f3n de cursos de la representaci\u00f3n social.<\/b><\/span><\/div>\n<div style=\"font-family: inherit;text-align: justify\">\n<span style=\"font-size: small\"><br \/><\/span><\/div>\n<div style=\"font-family: inherit;text-align: justify\">\n<span style=\"font-size: small\">Esta secci\u00f3n sindical, despu\u00e9s de comprobar y repasar los datos que se nos facilitan sobre cursos de formaci\u00f3n de los trabajadores\/as, podemos afirmar con total <b>rotundidad<\/b> que casi<b> un 29% del gasto en formaci\u00f3n se ha ido destinado a tan s\u00f3lo el 2,60% aproximadamente de trabajadores\/as<\/b> para este a\u00f1o pasado 2011. Como podr\u00e9is entender, esta secci\u00f3n sindical de<b> CCOO_BSM, no puede avalar con su firma que la formaci\u00f3n en esta empresa sea de <\/b><b>\u00e9lite<\/b>, para qui\u00e9n las correspondientes Direcciones quieran, mientras el grueso de trabajadores\/as no recibe formaci\u00f3n, o recibe lo que le llaman<b> reciclaje<\/b>(charlas de 5 minutos en tu puesto de trabajo, recordando instrucciones de trabajo).<\/span><\/div>\n<div style=\"font-family: inherit;text-align: justify\">\n<\/div>\n<div style=\"clear: both;text-align: center\">\n<\/div>\n<div style=\"font-family: inherit;text-align: justify\">\n<span style=\"font-size: small\">Como ejemplo \u00faltimo, tenemos el de la realizaci\u00f3n de un curso de igualdad durante este \u00faltimo mes, para todo el personal que dispusiera de ordenador en su puesto de trabajo, <b>para el 70% restante de trabajadores\/as <\/b>este curso parece que no tienen el <b>derecho de realizarlo, ni siquiera se preocupan en buscar soluciones<\/b>, ni ofrecer hacerlo en un dep\u00f3sito, ni ofrecer hacerlo en cualquier ordenador con tiempo efectivo de trabajo, para que perder el tiempo en dar soluciones al personal en materia formativa.<\/span><\/div>\n<div style=\"font-family: inherit;text-align: justify\">\n<\/div>\n<div style=\"background: none repeat scroll 0% 0% white;font-family: inherit;text-align: justify\">\n<span style=\"font-size: small\"><span style=\"color: #2a2a2a\">Os reproducimos escrito entregado el pasado d\u00eda 30\/12\/2011 en la reuni\u00f3n de la Comisi\u00f3n de Formaci\u00f3n, d\u00f3nde informamos negativamente y no suscribimos dicho plan.<\/span><\/span><\/div>\n<div style=\"background: none repeat scroll 0% 0% white;font-family: inherit;text-align: justify\">\n<span style=\"font-size: small\"><span style=\"color: #2a2a2a\">&nbsp;<\/span><\/span><span style=\"font-size: small\"><span style=\"color: #2a2a2a\"><br \/><\/span><\/span><\/div>\n<div style=\"text-align: justify\">\n<\/div>\n<div style=\"font-family: inherit;text-align: justify\">\n<\/div>\n<div style=\"background: none repeat scroll 0% 0% white;font-family: inherit;text-align: justify\">\n<span style=\"font-size: small\"><span style=\"color: #2a2a2a\">La secci\u00f3n sindical de CCOO_BSM<br \/>\nemite informe<b> negativo<\/b> del Plan de Formaci\u00f3n 2012 de BSM. <\/span><\/span><\/div>\n<div style=\"text-align: justify\">\n<span style=\"font-family: inherit;font-size: small\"><\/p>\n<p><\/span><\/div>\n<div style=\"background: none repeat scroll 0% 0% white;font-family: inherit;text-align: justify\">\n<span style=\"font-size: small\"><span style=\"color: #2a2a2a\"><\/span><\/span><\/div>\n<div style=\"background: none repeat scroll 0% 0% white;font-family: inherit;text-align: justify\">\n<span style=\"font-size: small\"><span style=\"color: #2a2a2a\"><\/span><\/span><\/div>\n<div style=\"background: none repeat scroll 0% 0% white;font-family: inherit;text-align: justify\">\n<span style=\"font-size: small\"><span style=\"color: #2a2a2a\"><\/span><\/span><\/div>\n<div style=\"background: none repeat scroll 0% 0% white;font-family: inherit;text-align: justify\">\n<span style=\"font-size: small\"><span style=\"color: #2a2a2a\"><br \/><\/span><\/span><\/div>\n<div style=\"text-align: justify\">\n<span style=\"font-family: inherit;font-size: small\"><\/span><\/div>\n<div style=\"background: none repeat scroll 0% 0% white;font-family: inherit;text-align: justify\">\n<span style=\"font-size: small\"><span style=\"color: #2a2a2a\">En primer lugar que los<br \/>\n<b>colectivos mayoritarios<\/b> UOER, Aparcaments i Grues, ya especialmente castigados<br \/>\ncon poca o ninguna formaci\u00f3n en a\u00f1os anteriores, en el a\u00f1o 2012 van a tener una<br \/>\n<b>formaci\u00f3n insuficiente en horas y que adem\u00e1s no siempre afecta a la totalidad de<br \/>\nlos trabajadores\/as<\/b> de la Unidad.<\/span><\/span><\/div>\n<div style=\"text-align: justify\">\n<span style=\"font-family: inherit;font-size: small\"><\/p>\n<p><\/span><\/div>\n<div style=\"background: none repeat scroll 0% 0% white;font-family: inherit;text-align: justify\">\n<span style=\"font-size: small\"><span style=\"color: #2a2a2a\"><br \/>\nComo segundo factor desfavorable, observando el pasado 2011, esta secci\u00f3n<br \/>\nsindical es consciente que en la actual situaci\u00f3n de crisis, la Formaci\u00f3n no se<br \/>\niba a estar exenta de alguna merma en su presupuesto pero lo que <b>no asumimos es<br \/>\nque sean siempre los mismos, los colectivos mayoritarios antes mencionados y<br \/>\nlas categor\u00edas m\u00e1s bajas a los que menos recursos se destinan.<\/b><\/span><\/span><\/div>\n<div style=\"text-align: justify\">\n<span style=\"font-family: inherit;font-size: small\"><\/p>\n<p><\/span><\/div>\n<div style=\"background: none repeat scroll 0% 0% white;font-family: inherit;text-align: justify\">\n<span style=\"font-size: small\"><span style=\"color: #2a2a2a\"><br \/>\nY finalmente el motivo m\u00e1s importante de la emisi\u00f3n de este informe negativo es<br \/>\nla <b>nula participaci\u00f3n real de los trabajadores\/as y sus representantes en la<br \/>\nelecci\u00f3n, supervisi\u00f3n y gesti\u00f3n de los cursos.<\/b> Actualmente el 90% de los cursos<br \/>\nlos eligen y confeccionan entre las Unidades y RRHH, siendo la <b>representaci\u00f3n<br \/>\nsocial meros firmantes de las decisiones unilaterales<\/b> de los primeros y los<br \/>\ntrabajadores\/as simples sujetos pasivos.<\/span><\/span><\/div>\n<div style=\"text-align: justify\">\n<span style=\"font-family: inherit;font-size: small\"><\/p>\n<p><\/span><\/div>\n<div style=\"background: none repeat scroll 0% 0% white;font-family: inherit;text-align: justify\">\n<span style=\"font-size: small\"><span style=\"color: #2a2a2a\"><br \/>\nComo en el \u00e1nimo de esta secci\u00f3n sindical no est\u00e1 el buscar el conflicto por el<br \/>\nconflicto. CCOO_BSM est\u00e1 dispuesta a negociar durante este 2012 un <b>Plan de<br \/>\nFormaci\u00f3n verdaderamente participativo<\/b> en el que trabajadores\/as y sus<br \/>\nrepresentantes sean <b>parte activa en la elecci\u00f3n de los cursos, de su duraci\u00f3n y<br \/>\ndel lugar donde se imparten<\/b>. Cu\u00e1les son los criterios por los que tal persona<br \/>\nhace tal curso y tal otra no, porque una Unidad recibe una cantidad de euros en<br \/>\ncursos y otra Unidad otra cantidad. No solo deben decidir las Unidades<br \/>\nrespectivas y RRHH.<\/span><\/span><\/div>\n<div style=\"text-align: justify\">\n<span style=\"font-family: inherit;font-size: small\"><\/p>\n<p><\/span><\/div>\n<div style=\"background: none repeat scroll 0% 0% white;font-family: inherit;text-align: justify\">\n<span style=\"font-size: small\"><span style=\"color: #2a2a2a\"><br \/>\nQue las secciones sindicales representadas en la Comisi\u00f3n de Formaci\u00f3n <b>seamos<br \/>\nalgo m\u00e1s que meras comparsas <\/b>que previa reuni\u00f3n dos veces al a\u00f1o s\u00f3lo damos el visto<br \/>\nbueno a lo que la empresa nos dice a cambio de cuatro cursillos.<\/span><\/span><\/div>\n<div style=\"text-align: justify\">\n<span style=\"font-family: inherit;font-size: small\"><\/p>\n<p><\/span><\/div>\n<div style=\"background: none repeat scroll 0% 0% white;font-family: inherit;text-align: justify\">\n<\/div>\n<div style=\"text-align: justify\">\n<span style=\"font-family: inherit;font-size: small\"><\/p>\n<p><span style=\"color: #2a2a2a\"><b>Solo si<\/b> <b>BSM cambia su concepci\u00f3n de lo que es la participaci\u00f3n<br \/>\nde los trabajadores\/as y sus representantes,<\/b> CCOO_BSM podr\u00eda llegar en a\u00f1os venideros<br \/>\na informar favorablemente.<\/span><\/span><\/div>\n<div style=\"font-family: inherit;text-align: justify\">\n<span style=\"font-size: small\"><br \/><\/span><\/div>\n<p><\/p>\n","protected":false},"excerpt":{"rendered":"<p>En BSM, la formaci\u00f3n nunca se le ha dado la importancia que tiene, bien por la dejadez de la Direcci\u00f3n de la empresa en estos temas, o peor si cabe, &#8230; <a title=\"\u00bfQUI\u00c9N RECIBE FORMACI\u00d3N EN BSM?\" class=\"read-more\" href=\"https:\/\/ccoo.app\/barcelona-serveis-municipals\/quien-recibe-formacion-en-bsm\/\" aria-label=\"M\u00e9s informaci\u00f3 sobre \u00bfQUI\u00c9N RECIBE FORMACI\u00d3N EN BSM?\">Read more<\/a><\/p>\n","protected":false},"author":4519,"featured_media":0,"comment_status":"closed","ping_status":"closed","sticky":false,"template":"","format":"standard","meta":{"footnotes":""},"categories":[1],"tags":[],"class_list":["post-3137","post","type-post","status-publish","format-standard","hentry","category-sin-categoria","generate-columns","tablet-grid-50","mobile-grid-100","grid-parent","grid-33"],"_links":{"self":[{"href":"https:\/\/ccoo.app\/barcelona-serveis-municipals\/wp-json\/wp\/v2\/posts\/3137","targetHints":{"allow":["GET"]}}],"collection":[{"href":"https:\/\/ccoo.app\/barcelona-serveis-municipals\/wp-json\/wp\/v2\/posts"}],"about":[{"href":"https:\/\/ccoo.app\/barcelona-serveis-municipals\/wp-json\/wp\/v2\/types\/post"}],"author":[{"embeddable":true,"href":"https:\/\/ccoo.app\/barcelona-serveis-municipals\/wp-json\/wp\/v2\/users\/4519"}],"replies":[{"embeddable":true,"href":"https:\/\/ccoo.app\/barcelona-serveis-municipals\/wp-json\/wp\/v2\/comments?post=3137"}],"version-history":[{"count":0,"href":"https:\/\/ccoo.app\/barcelona-serveis-municipals\/wp-json\/wp\/v2\/posts\/3137\/revisions"}],"wp:attachment":[{"href":"https:\/\/ccoo.app\/barcelona-serveis-municipals\/wp-json\/wp\/v2\/media?parent=3137"}],"wp:term":[{"taxonomy":"category","embeddable":true,"href":"https:\/\/ccoo.app\/barcelona-serveis-municipals\/wp-json\/wp\/v2\/categories?post=3137"},{"taxonomy":"post_tag","embeddable":true,"href":"https:\/\/ccoo.app\/barcelona-serveis-municipals\/wp-json\/wp\/v2\/tags?post=3137"}],"curies":[{"name":"wp","href":"https:\/\/api.w.org\/{rel}","templated":true}]}}