{"id":3133,"date":"2012-01-23T13:44:00","date_gmt":"2012-01-23T12:44:00","guid":{"rendered":"https:\/\/ccoo.app\/barcelona-serveis-municipals\/congelacion-salarial-2012-bsm\/"},"modified":"2012-01-23T13:44:00","modified_gmt":"2012-01-23T12:44:00","slug":"congelacion-salarial-2012-bsm","status":"publish","type":"post","link":"https:\/\/ccoo.app\/barcelona-serveis-municipals\/congelacion-salarial-2012-bsm\/","title":{"rendered":"CONGELACI\u00d3N SALARIAL 2012 BSM"},"content":{"rendered":"<div style=\"clear: both;text-align: center\">\n<a href=\"http:\/\/2.bp.blogspot.com\/-7YFhuComMdE\/Tx0-TlOXbaI\/AAAAAAAAAT8\/qkWUbdAVNuQ\/s1600\/Mani+28+G+prou+retallades.jpg\" style=\"clear: left;float: left;margin-bottom: 1em;margin-right: 1em\"><img loading=\"lazy\" decoding=\"async\" border=\"0\" height=\"200\" src=\"http:\/\/2.bp.blogspot.com\/-7YFhuComMdE\/Tx0-TlOXbaI\/AAAAAAAAAT8\/qkWUbdAVNuQ\/s200\/Mani+28+G+prou+retallades.jpg\" width=\"138\" \/><\/a><\/div>\n<div style=\"text-align: justify\">\nDesde el pasado Mi\u00e9rcoles 18 de Enero, somos conocedores\/as, de que la Direcci\u00f3n de la empresa, al amparo del <a href=\"http:\/\/www.boe.es\/boe\/dias\/2011\/12\/31\/pdfs\/BOE-A-2011-20638.pdf\">RD 20\/2011<\/a>, nos <b>congela el sueldo para este a\u00f1o 2012<\/b>, dejando de aplicar la subida recogida en convenio, que <b>ascend\u00eda a un 2,4% m\u00e1s diferenciales seg\u00fan categor\u00eda<\/b>.&nbsp;<\/div>\n<div style=\"text-align: justify\">\nEn estos momentos estamos estudiando con nuestros servicios jur\u00eddicos, la <b>legalidad y la afectaci\u00f3n de dicha medida<\/b>, no s\u00f3lo en la congelaci\u00f3n salarial de todos los trabajadores\/as, si no en los complementos personales que cada uno pueda devengar tambi\u00e9n. <\/div>\n<div style=\"text-align: justify\">\n<\/div>\n<div style=\"text-align: justify\">\nPor desgracia en los tiempos que corren, el comentario m\u00e1s escuchado es, menos mal que s\u00f3lo nos congelan, pero os vamos a dar <b>ejemplos claros<\/b> de lo que supone para los trabajadores\/as de BSM, la congelaci\u00f3n salarial de este a\u00f1o, para que cada uno\/a saque sus conclusiones.&nbsp;<\/div>\n<div style=\"text-align: justify\">\n<\/div>\n<table cellpadding=\"0\" cellspacing=\"0\" style=\"float: right;text-align: right\">\n<tbody>\n<tr>\n<td style=\"text-align: center\"><a href=\"http:\/\/4.bp.blogspot.com\/-XmwwL_65h-I\/Tx0_Kc3k3rI\/AAAAAAAAAUU\/eW0aVBElFck\/s1600\/diferencias+brutas+2011_2012.jpg\" style=\"clear: right;margin-bottom: 1em;margin-left: auto;margin-right: auto\"><img loading=\"lazy\" decoding=\"async\" border=\"0\" height=\"320\" src=\"http:\/\/4.bp.blogspot.com\/-XmwwL_65h-I\/Tx0_Kc3k3rI\/AAAAAAAAAUU\/eW0aVBElFck\/s320\/diferencias+brutas+2011_2012.jpg\" width=\"204\" \/><\/a><\/td>\n<\/tr>\n<tr>\n<td style=\"text-align: center\"><span style=\"color: red\">P\u00e9rdida poder adquisitivo 2012<\/span><\/td>\n<td style=\"text-align: center\"><\/td>\n<td style=\"text-align: center\"><\/td>\n<\/tr>\n<\/tbody>\n<\/table>\n<div style=\"text-align: justify\">\nPor un lado est\u00e1, lo que vamos a dejar de cobrar por la congelaci\u00f3n, que puede ir aproximadamente, desde los <b>500 euros hasta los 1100 euros brutos anuales,<\/b> de p\u00e9rdida de poder adquisitivo seg\u00fan categor\u00eda salarial.<\/div>\n<div style=\"text-align: justify\">\n<\/div>\n<div style=\"text-align: justify\">\nPor otro lado, le debemos sumar nuestros complementos personales, tipo antig\u00fcedad, que tambi\u00e9n quedan congelados, as\u00ed como la subida de IRPF a partir de este mes de Febrero 2012, por lo que el <b>salario que dejaremos de percibir este a\u00f1o, asciende desde los 700 hasta los 1400 euros brutos aproximadamente<\/b>, lo que en algunos casos supone casi lo mismo que un salario mensual.<\/div>\n<div style=\"text-align: justify\">\n<\/div>\n<div style=\"text-align: justify\">\nEn cu\u00e1nto a la congelaci\u00f3n en si, la afectaci\u00f3n m\u00e1s importante no es s\u00f3lo la p\u00e9rdida de poder adquisitivo de este a\u00f1o de los trabajadores\/as de BSM, si no <b>la p\u00e9rdida de por vida de este salario<\/b>, a no ser que podamos conseguir mediante negociaci\u00f3n o movilizaci\u00f3n, recuperarlo, en un tiempo determinado.<\/div>\n<div style=\"text-align: justify\">\n<\/div>\n<div style=\"clear: both;text-align: center\">\n<a href=\"http:\/\/3.bp.blogspot.com\/-jDzy3UTUDDM\/Tx1A4yzrOTI\/AAAAAAAAAUc\/_dN9vOxUkV0\/s1600\/si+tothom+calla+ells+retallen.jpg\" style=\"clear: left;float: left;margin-bottom: 1em;margin-right: 1em\"><img loading=\"lazy\" decoding=\"async\" border=\"0\" height=\"121\" src=\"http:\/\/3.bp.blogspot.com\/-jDzy3UTUDDM\/Tx1A4yzrOTI\/AAAAAAAAAUc\/_dN9vOxUkV0\/s200\/si+tothom+calla+ells+retallen.jpg\" width=\"200\" \/><\/a><\/div>\n<div style=\"text-align: justify\">\nEn la propia reuni\u00f3n del pasado Mi\u00e9rcoles 18, algunos representantes de CCOO, ya les expusimos a la Direcci\u00f3n de la empresa, que si bien a\u00fan sin poder haber consultado la legalidad de la aplicaci\u00f3n del <a href=\"http:\/\/www.boe.es\/boe\/dias\/2011\/12\/31\/pdfs\/BOE-A-2011-20638.pdf\">RD 20\/2011<\/a>, el cu\u00e1l deja claro y manifiesto que no se puede incrementar la masa salarial con respecto al a\u00f1o anterior, bien es cierto que <b>podemos alcanzar mejoras sociales que compensen<\/b> <b>esta p\u00e9rdida de poder adquisitivo<\/b>. La Direcci\u00f3n de la empresa, nos manifest\u00f3 que se puede estudiar, y esta es la v\u00eda por la cu\u00e1l una representaci\u00f3n del comit\u00e9 de empresa, ya est\u00e1 trabajando en ello, para <b>realizar propuestas y alternativas a la congelaci\u00f3n salarial.<\/b><\/div>\n<div style=\"text-align: justify\">\n<\/div>\n<div style=\"clear: both;text-align: center\">\n<a href=\"http:\/\/4.bp.blogspot.com\/-QEflUNUf4Is\/Tx0-iu-g49I\/AAAAAAAAAUM\/FGf6-pj5zOA\/s1600\/no+podria+mirar+a+mis+hijos.jpg\" style=\"clear: right;float: right;margin-bottom: 1em;margin-left: 1em\"><img loading=\"lazy\" decoding=\"async\" border=\"0\" height=\"200\" src=\"http:\/\/4.bp.blogspot.com\/-QEflUNUf4Is\/Tx0-iu-g49I\/AAAAAAAAAUM\/FGf6-pj5zOA\/s200\/no+podria+mirar+a+mis+hijos.jpg\" width=\"146\" \/><\/a><\/div>\n<div style=\"text-align: justify\">\nEn los pr\u00f3ximos d\u00edas os iremos informando de la medidas y propuestas a presentar a la Direcci\u00f3n de la empresa, y de la posible voluntad de esta de <b>resarcir a los trabajadores\/as con alternativas a la congelaci\u00f3n<\/b>, si la Direcci\u00f3n no tuviera voluntad de acuerdo o de di\u00e1logo, entonces,&nbsp; el escenario que esta secci\u00f3n sindical de CCOO_BSM plantear\u00eda, ser\u00eda de <b>conflicto y confrontaci\u00f3n<\/b>, ya que ambas partes pactamos un convenio colectivo para su \u00edntegro cumplimiento.<\/div>\n<div style=\"text-align: justify\">\n<\/div>\n<div style=\"text-align: justify\">\nOs seguiremos informando<\/div>\n","protected":false},"excerpt":{"rendered":"<p>Desde el pasado Mi\u00e9rcoles 18 de Enero, somos conocedores\/as, de que la Direcci\u00f3n de la empresa, al amparo del RD 20\/2011, nos congela el sueldo para este a\u00f1o 2012, dejando &#8230; <a title=\"CONGELACI\u00d3N SALARIAL 2012 BSM\" class=\"read-more\" href=\"https:\/\/ccoo.app\/barcelona-serveis-municipals\/congelacion-salarial-2012-bsm\/\" aria-label=\"M\u00e9s informaci\u00f3 sobre CONGELACI\u00d3N SALARIAL 2012 BSM\">Read more<\/a><\/p>\n","protected":false},"author":4519,"featured_media":0,"comment_status":"closed","ping_status":"closed","sticky":false,"template":"","format":"standard","meta":{"footnotes":""},"categories":[1],"tags":[],"class_list":["post-3133","post","type-post","status-publish","format-standard","hentry","category-sin-categoria","generate-columns","tablet-grid-50","mobile-grid-100","grid-parent","grid-33"],"_links":{"self":[{"href":"https:\/\/ccoo.app\/barcelona-serveis-municipals\/wp-json\/wp\/v2\/posts\/3133","targetHints":{"allow":["GET"]}}],"collection":[{"href":"https:\/\/ccoo.app\/barcelona-serveis-municipals\/wp-json\/wp\/v2\/posts"}],"about":[{"href":"https:\/\/ccoo.app\/barcelona-serveis-municipals\/wp-json\/wp\/v2\/types\/post"}],"author":[{"embeddable":true,"href":"https:\/\/ccoo.app\/barcelona-serveis-municipals\/wp-json\/wp\/v2\/users\/4519"}],"replies":[{"embeddable":true,"href":"https:\/\/ccoo.app\/barcelona-serveis-municipals\/wp-json\/wp\/v2\/comments?post=3133"}],"version-history":[{"count":0,"href":"https:\/\/ccoo.app\/barcelona-serveis-municipals\/wp-json\/wp\/v2\/posts\/3133\/revisions"}],"wp:attachment":[{"href":"https:\/\/ccoo.app\/barcelona-serveis-municipals\/wp-json\/wp\/v2\/media?parent=3133"}],"wp:term":[{"taxonomy":"category","embeddable":true,"href":"https:\/\/ccoo.app\/barcelona-serveis-municipals\/wp-json\/wp\/v2\/categories?post=3133"},{"taxonomy":"post_tag","embeddable":true,"href":"https:\/\/ccoo.app\/barcelona-serveis-municipals\/wp-json\/wp\/v2\/tags?post=3133"}],"curies":[{"name":"wp","href":"https:\/\/api.w.org\/{rel}","templated":true}]}}