{"id":3132,"date":"2012-01-24T20:30:00","date_gmt":"2012-01-24T19:30:00","guid":{"rendered":"https:\/\/ccoo.app\/barcelona-serveis-municipals\/propuestas-comite-empresa-bsm\/"},"modified":"2012-01-24T20:30:00","modified_gmt":"2012-01-24T19:30:00","slug":"propuestas-comite-empresa-bsm","status":"publish","type":"post","link":"https:\/\/ccoo.app\/barcelona-serveis-municipals\/propuestas-comite-empresa-bsm\/","title":{"rendered":"PROPUESTAS COMIT\u00c9 EMPRESA BSM"},"content":{"rendered":"<div style=\"clear: both;text-align: center\">\n<a href=\"http:\/\/1.bp.blogspot.com\/-zCyDX5ti_z0\/Tx7wzt-X6fI\/AAAAAAAAAU0\/v49y4p68AnU\/s1600\/comite+empresa+BSM.jpg\" style=\"clear: left;float: left;margin-bottom: 1em;margin-right: 1em\"><img decoding=\"async\" border=\"0\" src=\"http:\/\/1.bp.blogspot.com\/-zCyDX5ti_z0\/Tx7wzt-X6fI\/AAAAAAAAAU0\/v49y4p68AnU\/s1600\/comite+empresa+BSM.jpg\" \/><\/a><\/div>\n<div style=\"text-align: justify\">\nEn el d\u00eda de hoy 24\/01\/2012, una comisi\u00f3n reducida del comit\u00e9 de empresa, hemos estado reunidos para acordar, las diferentes<b> propuestas y medidas a negociar<\/b> con la Direcci\u00f3n de la empresa ante la aplicaci\u00f3n del <a href=\"http:\/\/www.boe.es\/boe\/dias\/2011\/12\/31\/pdfs\/BOE-A-2011-20638.pdf\">RD 20\/2011<\/a> en BSM.&nbsp;<\/div>\n<div style=\"text-align: justify\">\nPor parte del comit\u00e9 de empresa, hemos <b>solicitado reuni\u00f3n<\/b><br \/>\n <b>con la Direcci\u00f3n General de BSM<\/b>, para tratar estos asuntos y poder<br \/>\npaliar los efectos negativos de la congelaci\u00f3n salarial para este a\u00f1o<br \/>\n2012.<\/div>\n<div style=\"text-align: justify\">\n<\/div>\n<div style=\"clear: both;text-align: center\">\n<a href=\"http:\/\/2.bp.blogspot.com\/-uD2OjPiipCI\/Tx7p6FDdo4I\/AAAAAAAAAUk\/Z6eHnEJSFFc\/s1600\/Propuestas+comit%25C3%25A9+congelaci%25C3%25B3n+salarial+2012.jpg\" style=\"clear: right;float: right;margin-bottom: 1em;margin-left: 1em\"><img loading=\"lazy\" decoding=\"async\" border=\"0\" height=\"320\" src=\"http:\/\/2.bp.blogspot.com\/-uD2OjPiipCI\/Tx7p6FDdo4I\/AAAAAAAAAUk\/Z6eHnEJSFFc\/s320\/Propuestas+comit%25C3%25A9+congelaci%25C3%25B3n+salarial+2012.jpg\" width=\"226\" \/><\/a><\/div>\n<div style=\"text-align: justify\">\nLas principales propuestas a realizar son: <\/div>\n<div style=\"text-align: justify\">\n\u2022&nbsp;&nbsp;&nbsp; <b>4 d\u00edas laborables <\/b>para todo el personal afectado por la congelaci\u00f3n salarial.<br \/>\u2022 &nbsp;&nbsp; <b>Supresi\u00f3n o inaplicaci\u00f3n<\/b> del p\u00e1rrafo 3\u00ba del Art. 88 (IT \u2013 <b>6% absentismo individual)<\/b><br \/>\u2022&nbsp;&nbsp;&nbsp;<b> Plan de Movilidad:<\/b> Abono Transporte P\u00fablico y Plazas Aparcamiento.<br \/>\u2022&nbsp;&nbsp;&nbsp;<b> Reducci\u00f3n o supresi\u00f3n de jornadas partidas<\/b> y servicios especiales en todas Unidades.<br \/>\u2022&nbsp;&nbsp;&nbsp; <b>Ticket de Comida<\/b> en las Unidades que no se pueda aplicar el punto anterior.<br \/>\u2022&nbsp;&nbsp;&nbsp;<b> Abono 100% <\/b>de la Retribuci\u00f3n de la <b>Variable<\/b> a todos los colectivos.<\/div>\n<div style=\"text-align: justify\">\n<\/div>\n<div style=\"text-align: justify\">\n<\/div>\n<div style=\"text-align: justify\">\n<\/div>\n<div style=\"text-align: justify\">\nAnte la diversidad de rumores, que existen sobre el alcance de la <b>congelaci\u00f3n salarial<\/b>, queremos puntualizar que <b>afecta a todos los conceptos salariales<\/b>, tanto de categor\u00eda como personales, todo teniendo en cuenta que los complementos personales como el de <b>antig\u00fcedad<\/b>, que se generen por <b>nuevo bienio o quinquenio<\/b>, <b>deben ser abonados<\/b> a precio tablas 2011, ya que su devengo es un derecho que no tiene nada que ver con la congelaci\u00f3n del salario.<\/div>\n<div style=\"text-align: justify\">\n<\/div>\n<div style=\"clear: both;text-align: center\">\n<a href=\"http:\/\/1.bp.blogspot.com\/-PipS6hEW1pA\/Tx7tllGv3mI\/AAAAAAAAAUs\/2Tg6UrdfZbY\/s1600\/subvencion+iglesia+BOE.jpg\" style=\"clear: left;float: left;margin-bottom: 1em;margin-right: 1em\"><img loading=\"lazy\" decoding=\"async\" border=\"0\" height=\"187\" src=\"http:\/\/1.bp.blogspot.com\/-PipS6hEW1pA\/Tx7tllGv3mI\/AAAAAAAAAUs\/2Tg6UrdfZbY\/s320\/subvencion+iglesia+BOE.jpg\" width=\"320\" \/><\/a><\/div>\n<div style=\"text-align: justify\">\nEn el <a href=\"http:\/\/www.boe.es\/boe\/dias\/2011\/12\/31\/pdfs\/BOE-A-2011-20638.pdf\">RD 20\/2011<\/a>, mientras <b>por un lado se&nbsp; aplica congelaci\u00f3n salarial<\/b> a todos\/as los empleados del sector p\u00fablico, es muy interesante observar como&nbsp; en el apartado s\u00e9ptimo de las disposiciones adicionales,  como casi de escondidas y sin publicidad ninguna, aparece la <b>financiaci\u00f3n a la Iglesia<\/b> por valor de <b>m\u00e1s de 13 millones de euros mensuales<\/b>. Queda claro a por qu\u00e9 colectivos va el gobierno central del PP, con el apoyo como no, de CiU. Con la Iglesia hemos topado!!!<\/div>\n<div style=\"text-align: justify\">\n<\/div>\n<div style=\"clear: both;text-align: center\">\n<a href=\"http:\/\/4.bp.blogspot.com\/-zx9s-c-a3X0\/Tx7z5hWsw8I\/AAAAAAAAAU8\/QPTyjnC_WTc\/s1600\/bus.jpg\" style=\"clear: left;float: left;margin-bottom: 1em;margin-right: 1em\"><img loading=\"lazy\" decoding=\"async\" border=\"0\" height=\"137\" src=\"http:\/\/4.bp.blogspot.com\/-zx9s-c-a3X0\/Tx7z5hWsw8I\/AAAAAAAAAU8\/QPTyjnC_WTc\/s200\/bus.jpg\" width=\"200\" \/><\/a><\/div>\n<div style=\"text-align: justify\">\nPor \u00faltimo, comentaros que el <b>comit\u00e9 de empresa de BSM<\/b>, ha decidido sumarse a las manifestaciones y concentraciones que est\u00e1n realizando los compa\u00f1eros de <b>autobuses y metro de Barcelona<\/b>, y os solicitamos a todos los trabajadores\/as de BSM, que en la medida de vuestras posibilidades os sum\u00e9is a ellas. <\/div>\n<div style=\"text-align: justify\">\n<\/div>\n<div style=\"text-align: justify\">\n<a href=\"http:\/\/2.bp.blogspot.com\/-TPJIwGEuiJY\/Tx70p-1QOzI\/AAAAAAAAAVM\/2A_-bGyLa7Q\/s1600\/metro+barcelona.jpg\" style=\"clear: right;float: right;margin-bottom: 1em;margin-left: 1em\"><img loading=\"lazy\" decoding=\"async\" border=\"0\" height=\"149\" src=\"http:\/\/2.bp.blogspot.com\/-TPJIwGEuiJY\/Tx70p-1QOzI\/AAAAAAAAAVM\/2A_-bGyLa7Q\/s200\/metro+barcelona.jpg\" width=\"200\" \/><\/a>Como primer acto acudiremos a la manifestaci\u00f3n convocada para este mismo<b>&nbsp;<\/b><\/div>\n<div style=\"text-align: center\">\n<span style=\"font-size: large\"><b>Jueves 26 de Enero a las 09:30 horas y a las 16:30 horas en la Plaza Universitat<\/b><\/span><\/div>\n<p><\/p>\n","protected":false},"excerpt":{"rendered":"<p>En el d\u00eda de hoy 24\/01\/2012, una comisi\u00f3n reducida del comit\u00e9 de empresa, hemos estado reunidos para acordar, las diferentes propuestas y medidas a negociar con la Direcci\u00f3n de la &#8230; <a title=\"PROPUESTAS COMIT\u00c9 EMPRESA BSM\" class=\"read-more\" href=\"https:\/\/ccoo.app\/barcelona-serveis-municipals\/propuestas-comite-empresa-bsm\/\" aria-label=\"M\u00e9s informaci\u00f3 sobre PROPUESTAS COMIT\u00c9 EMPRESA BSM\">Read more<\/a><\/p>\n","protected":false},"author":4519,"featured_media":0,"comment_status":"closed","ping_status":"closed","sticky":false,"template":"","format":"standard","meta":{"footnotes":""},"categories":[1],"tags":[],"class_list":["post-3132","post","type-post","status-publish","format-standard","hentry","category-sin-categoria","generate-columns","tablet-grid-50","mobile-grid-100","grid-parent","grid-33"],"_links":{"self":[{"href":"https:\/\/ccoo.app\/barcelona-serveis-municipals\/wp-json\/wp\/v2\/posts\/3132","targetHints":{"allow":["GET"]}}],"collection":[{"href":"https:\/\/ccoo.app\/barcelona-serveis-municipals\/wp-json\/wp\/v2\/posts"}],"about":[{"href":"https:\/\/ccoo.app\/barcelona-serveis-municipals\/wp-json\/wp\/v2\/types\/post"}],"author":[{"embeddable":true,"href":"https:\/\/ccoo.app\/barcelona-serveis-municipals\/wp-json\/wp\/v2\/users\/4519"}],"replies":[{"embeddable":true,"href":"https:\/\/ccoo.app\/barcelona-serveis-municipals\/wp-json\/wp\/v2\/comments?post=3132"}],"version-history":[{"count":0,"href":"https:\/\/ccoo.app\/barcelona-serveis-municipals\/wp-json\/wp\/v2\/posts\/3132\/revisions"}],"wp:attachment":[{"href":"https:\/\/ccoo.app\/barcelona-serveis-municipals\/wp-json\/wp\/v2\/media?parent=3132"}],"wp:term":[{"taxonomy":"category","embeddable":true,"href":"https:\/\/ccoo.app\/barcelona-serveis-municipals\/wp-json\/wp\/v2\/categories?post=3132"},{"taxonomy":"post_tag","embeddable":true,"href":"https:\/\/ccoo.app\/barcelona-serveis-municipals\/wp-json\/wp\/v2\/tags?post=3132"}],"curies":[{"name":"wp","href":"https:\/\/api.w.org\/{rel}","templated":true}]}}