{"id":3130,"date":"2012-02-07T11:10:00","date_gmt":"2012-02-07T10:10:00","guid":{"rendered":"https:\/\/ccoo.app\/barcelona-serveis-municipals\/asambleas-trabajadores-as-bsm-martes-14-febrero\/"},"modified":"2012-02-07T11:10:00","modified_gmt":"2012-02-07T10:10:00","slug":"asambleas-trabajadores-as-bsm-martes-14-febrero","status":"publish","type":"post","link":"https:\/\/ccoo.app\/barcelona-serveis-municipals\/asambleas-trabajadores-as-bsm-martes-14-febrero\/","title":{"rendered":"ASAMBLEAS TRABAJADORES\/AS BSM MARTES 14 FEBRERO"},"content":{"rendered":"<div style=\"clear: both;text-align: center\">\n<a href=\"http:\/\/3.bp.blogspot.com\/-qSJ25GFTtg4\/TzDqTE2XGfI\/AAAAAAAAAVc\/8_AKo3mIRKY\/s1600\/Cartel+Asambleas+comit%C3%A9+14_02_2012.jpg\" style=\"clear: left;float: left;margin-bottom: 1em;margin-right: 1em\"><img loading=\"lazy\" decoding=\"async\" border=\"0\" height=\"320\" src=\"http:\/\/3.bp.blogspot.com\/-qSJ25GFTtg4\/TzDqTE2XGfI\/AAAAAAAAAVc\/8_AKo3mIRKY\/s320\/Cartel+Asambleas+comit%C3%A9+14_02_2012.jpg\" width=\"261\" \/><\/a><\/div>\n<div style=\"text-align: justify\">\nEl comit\u00e9 de empresa de BSM, ha convocado <b>asambleas informativas<\/b> para todos los trabajadores\/as de BSM, para informaros de la aplicaci\u00f3n del RD 20\/2011, as\u00ed como de las propuestas que hemos realizado a la empresa como consecuencia de la congelaci\u00f3n salarial, de la no aportaci\u00f3n al plan de pensiones, etc&#8230;<\/div>\n<div style=\"text-align: justify\">\nLas asambleas, tendr\u00e1n lugar en la <b>Estaci\u00f3n del Norte el pr\u00f3ximo Martes 14 de Febrero a las 10 h y a las 15:45 h<\/b>, esperamos contar con vuestra presencia y participaci\u00f3n, tanto para informaros de primera mano de la afectaci\u00f3n real del RD 20\/2011, como de la reuni\u00f3n que tendremos este Jueves 9 de Febrero con la Direcci\u00f3n de la empresa, para abordar estos temas.<\/div>\n<div style=\"text-align: justify\">\n<\/div>\n<div style=\"text-align: justify\">\nOs esperamos<\/div>\n","protected":false},"excerpt":{"rendered":"<p>El comit\u00e9 de empresa de BSM, ha convocado asambleas informativas para todos los trabajadores\/as de BSM, para informaros de la aplicaci\u00f3n del RD 20\/2011, as\u00ed como de las propuestas que &#8230; <a title=\"ASAMBLEAS TRABAJADORES\/AS BSM MARTES 14 FEBRERO\" class=\"read-more\" href=\"https:\/\/ccoo.app\/barcelona-serveis-municipals\/asambleas-trabajadores-as-bsm-martes-14-febrero\/\" aria-label=\"M\u00e9s informaci\u00f3 sobre ASAMBLEAS TRABAJADORES\/AS BSM MARTES 14 FEBRERO\">Read more<\/a><\/p>\n","protected":false},"author":4519,"featured_media":0,"comment_status":"closed","ping_status":"closed","sticky":false,"template":"","format":"standard","meta":{"footnotes":""},"categories":[1],"tags":[],"class_list":["post-3130","post","type-post","status-publish","format-standard","hentry","category-sin-categoria","generate-columns","tablet-grid-50","mobile-grid-100","grid-parent","grid-33"],"_links":{"self":[{"href":"https:\/\/ccoo.app\/barcelona-serveis-municipals\/wp-json\/wp\/v2\/posts\/3130","targetHints":{"allow":["GET"]}}],"collection":[{"href":"https:\/\/ccoo.app\/barcelona-serveis-municipals\/wp-json\/wp\/v2\/posts"}],"about":[{"href":"https:\/\/ccoo.app\/barcelona-serveis-municipals\/wp-json\/wp\/v2\/types\/post"}],"author":[{"embeddable":true,"href":"https:\/\/ccoo.app\/barcelona-serveis-municipals\/wp-json\/wp\/v2\/users\/4519"}],"replies":[{"embeddable":true,"href":"https:\/\/ccoo.app\/barcelona-serveis-municipals\/wp-json\/wp\/v2\/comments?post=3130"}],"version-history":[{"count":0,"href":"https:\/\/ccoo.app\/barcelona-serveis-municipals\/wp-json\/wp\/v2\/posts\/3130\/revisions"}],"wp:attachment":[{"href":"https:\/\/ccoo.app\/barcelona-serveis-municipals\/wp-json\/wp\/v2\/media?parent=3130"}],"wp:term":[{"taxonomy":"category","embeddable":true,"href":"https:\/\/ccoo.app\/barcelona-serveis-municipals\/wp-json\/wp\/v2\/categories?post=3130"},{"taxonomy":"post_tag","embeddable":true,"href":"https:\/\/ccoo.app\/barcelona-serveis-municipals\/wp-json\/wp\/v2\/tags?post=3130"}],"curies":[{"name":"wp","href":"https:\/\/api.w.org\/{rel}","templated":true}]}}