{"id":3129,"date":"2012-02-11T10:19:00","date_gmt":"2012-02-11T09:19:00","guid":{"rendered":"https:\/\/ccoo.app\/barcelona-serveis-municipals\/reforma-laboral-2012\/"},"modified":"2012-02-11T10:19:00","modified_gmt":"2012-02-11T09:19:00","slug":"reforma-laboral-2012","status":"publish","type":"post","link":"https:\/\/ccoo.app\/barcelona-serveis-municipals\/reforma-laboral-2012\/","title":{"rendered":"REFORMA LABORAL 2012"},"content":{"rendered":"<div style=\"clear: both;text-align: center\">\n<a href=\"http:\/\/2.bp.blogspot.com\/-J05pk2rXm-0\/TxbavecOp-I\/AAAAAAAAATY\/qhTFD0Y03BU\/s1600\/BOE.jpg\" style=\"clear: left;float: left;margin-bottom: 1em;margin-right: 1em\"><img decoding=\"async\" border=\"0\" src=\"http:\/\/2.bp.blogspot.com\/-J05pk2rXm-0\/TxbavecOp-I\/AAAAAAAAATY\/qhTFD0Y03BU\/s1600\/BOE.jpg\" \/><\/a><\/div>\n<div style=\"text-align: justify\">\nYa est\u00e1 publicada en el <a href=\"http:\/\/www.boe.es\/boe\/dias\/2012\/02\/11\/pdfs\/BOE-A-2012-2076.pdf\">BOE<\/a>, con fecha de hoy s\u00e1bado 11 de Febrero de 2012 la<b> reforma laboral &#8220;agresiva&#8221;<\/b> que ha impuesto el Partido Popular.<\/div>\n<div style=\"text-align: justify\">\nToca leerla detenidamente a ver que m\u00e1s sorpresas nos depara, pod\u00e9is descargarla <a href=\"http:\/\/www.boe.es\/boe\/dias\/2012\/02\/11\/pdfs\/BOE-A-2012-2076.pdf\">aqu\u00ed<\/a><\/div>\n<div style=\"text-align: justify\">\nDurante los pr\u00f3ximos d\u00edas os iremos explicando las <b>&#8220;agresivas&#8221; novedades<\/b> que nos depara esta reforma, que ya han anunciado que no crear\u00e1 empleo, pero que si lo precarizar\u00e1 a\u00fan m\u00e1s.<\/div>\n","protected":false},"excerpt":{"rendered":"<p>Ya est\u00e1 publicada en el BOE, con fecha de hoy s\u00e1bado 11 de Febrero de 2012 la reforma laboral &#8220;agresiva&#8221; que ha impuesto el Partido Popular. Toca leerla detenidamente a &#8230; <a title=\"REFORMA LABORAL 2012\" class=\"read-more\" href=\"https:\/\/ccoo.app\/barcelona-serveis-municipals\/reforma-laboral-2012\/\" aria-label=\"M\u00e9s informaci\u00f3 sobre REFORMA LABORAL 2012\">Read more<\/a><\/p>\n","protected":false},"author":4519,"featured_media":0,"comment_status":"closed","ping_status":"closed","sticky":false,"template":"","format":"standard","meta":{"footnotes":""},"categories":[1],"tags":[],"class_list":["post-3129","post","type-post","status-publish","format-standard","hentry","category-sin-categoria","generate-columns","tablet-grid-50","mobile-grid-100","grid-parent","grid-33"],"_links":{"self":[{"href":"https:\/\/ccoo.app\/barcelona-serveis-municipals\/wp-json\/wp\/v2\/posts\/3129","targetHints":{"allow":["GET"]}}],"collection":[{"href":"https:\/\/ccoo.app\/barcelona-serveis-municipals\/wp-json\/wp\/v2\/posts"}],"about":[{"href":"https:\/\/ccoo.app\/barcelona-serveis-municipals\/wp-json\/wp\/v2\/types\/post"}],"author":[{"embeddable":true,"href":"https:\/\/ccoo.app\/barcelona-serveis-municipals\/wp-json\/wp\/v2\/users\/4519"}],"replies":[{"embeddable":true,"href":"https:\/\/ccoo.app\/barcelona-serveis-municipals\/wp-json\/wp\/v2\/comments?post=3129"}],"version-history":[{"count":0,"href":"https:\/\/ccoo.app\/barcelona-serveis-municipals\/wp-json\/wp\/v2\/posts\/3129\/revisions"}],"wp:attachment":[{"href":"https:\/\/ccoo.app\/barcelona-serveis-municipals\/wp-json\/wp\/v2\/media?parent=3129"}],"wp:term":[{"taxonomy":"category","embeddable":true,"href":"https:\/\/ccoo.app\/barcelona-serveis-municipals\/wp-json\/wp\/v2\/categories?post=3129"},{"taxonomy":"post_tag","embeddable":true,"href":"https:\/\/ccoo.app\/barcelona-serveis-municipals\/wp-json\/wp\/v2\/tags?post=3129"}],"curies":[{"name":"wp","href":"https:\/\/api.w.org\/{rel}","templated":true}]}}