{"id":3125,"date":"2012-02-26T14:51:00","date_gmt":"2012-02-26T13:51:00","guid":{"rendered":"https:\/\/ccoo.app\/barcelona-serveis-municipals\/manifestaciones-29-febrero-2012\/"},"modified":"2012-02-26T14:51:00","modified_gmt":"2012-02-26T13:51:00","slug":"manifestaciones-29-febrero-2012","status":"publish","type":"post","link":"https:\/\/ccoo.app\/barcelona-serveis-municipals\/manifestaciones-29-febrero-2012\/","title":{"rendered":"MANIFESTACIONES 29 FEBRERO 2012"},"content":{"rendered":"<div style=\"clear: both;text-align: center\">\n<a href=\"http:\/\/3.bp.blogspot.com\/-Cp92VsXeMR4\/T0oqAWlJNuI\/AAAAAAAAAWU\/L898tty-3a0\/s1600\/Mani+29F.jpg\" style=\"clear: left;float: left;margin-bottom: 1em;margin-right: 1em\"><img loading=\"lazy\" decoding=\"async\" border=\"0\" height=\"320\" src=\"http:\/\/3.bp.blogspot.com\/-Cp92VsXeMR4\/T0oqAWlJNuI\/AAAAAAAAAWU\/L898tty-3a0\/s320\/Mani+29F.jpg\" width=\"226\" \/><\/a><\/div>\n<div style=\"text-align: justify\">\nContinuando con la campa\u00f1a de movilizaciones que los sindicatos estamos llevando a cabo, contra la reforma laboral, en este caso el pr\u00f3ximo Mi\u00e9rcoles 29 de Febrero hay convocadas manifestaciones en las principales ciudades de Europa, por una Europa social m\u00e1s justa y por el empleo, convocada por la Confederaci\u00f3n Europea de Sindicatos (CES).&nbsp;<\/div>\n<div style=\"text-align: justify\">\nEn Barcelona se celebrar\u00e1 el<b> 29 a las 18:00 en Plaza Catalu\u00f1a<\/b>.<\/div>\n<div style=\"text-align: justify\">\n<\/div>\n<div style=\"text-align: justify\">\nEsperamos poder seguir contando con vuestra presencia, ante el mayor ataque contra los derechos de los trabajadores\/as, realizado en democracia, y los que todav\u00eda no os anim\u00e1is a participar, esperamos que comenc\u00e9is a hacerlo antes de que no podamos dar marcha atr\u00e1s, a esta ola conservadora instaurada en Europa, de recortes y m\u00e1s recortes a nuestros derechos laborales y ciudadanos.<\/div>\n","protected":false},"excerpt":{"rendered":"<p>Continuando con la campa\u00f1a de movilizaciones que los sindicatos estamos llevando a cabo, contra la reforma laboral, en este caso el pr\u00f3ximo Mi\u00e9rcoles 29 de Febrero hay convocadas manifestaciones en &#8230; <a title=\"MANIFESTACIONES 29 FEBRERO 2012\" class=\"read-more\" href=\"https:\/\/ccoo.app\/barcelona-serveis-municipals\/manifestaciones-29-febrero-2012\/\" aria-label=\"M\u00e9s informaci\u00f3 sobre MANIFESTACIONES 29 FEBRERO 2012\">Read more<\/a><\/p>\n","protected":false},"author":4519,"featured_media":0,"comment_status":"closed","ping_status":"closed","sticky":false,"template":"","format":"standard","meta":{"footnotes":""},"categories":[1],"tags":[],"class_list":["post-3125","post","type-post","status-publish","format-standard","hentry","category-sin-categoria","generate-columns","tablet-grid-50","mobile-grid-100","grid-parent","grid-33"],"_links":{"self":[{"href":"https:\/\/ccoo.app\/barcelona-serveis-municipals\/wp-json\/wp\/v2\/posts\/3125","targetHints":{"allow":["GET"]}}],"collection":[{"href":"https:\/\/ccoo.app\/barcelona-serveis-municipals\/wp-json\/wp\/v2\/posts"}],"about":[{"href":"https:\/\/ccoo.app\/barcelona-serveis-municipals\/wp-json\/wp\/v2\/types\/post"}],"author":[{"embeddable":true,"href":"https:\/\/ccoo.app\/barcelona-serveis-municipals\/wp-json\/wp\/v2\/users\/4519"}],"replies":[{"embeddable":true,"href":"https:\/\/ccoo.app\/barcelona-serveis-municipals\/wp-json\/wp\/v2\/comments?post=3125"}],"version-history":[{"count":0,"href":"https:\/\/ccoo.app\/barcelona-serveis-municipals\/wp-json\/wp\/v2\/posts\/3125\/revisions"}],"wp:attachment":[{"href":"https:\/\/ccoo.app\/barcelona-serveis-municipals\/wp-json\/wp\/v2\/media?parent=3125"}],"wp:term":[{"taxonomy":"category","embeddable":true,"href":"https:\/\/ccoo.app\/barcelona-serveis-municipals\/wp-json\/wp\/v2\/categories?post=3125"},{"taxonomy":"post_tag","embeddable":true,"href":"https:\/\/ccoo.app\/barcelona-serveis-municipals\/wp-json\/wp\/v2\/tags?post=3125"}],"curies":[{"name":"wp","href":"https:\/\/api.w.org\/{rel}","templated":true}]}}