{"id":3123,"date":"2012-03-02T20:08:00","date_gmt":"2012-03-02T19:08:00","guid":{"rendered":"https:\/\/ccoo.app\/barcelona-serveis-municipals\/proxima-manifestacion-11-de-marzo-contra-la-reforma-laboral\/"},"modified":"2012-03-02T20:08:00","modified_gmt":"2012-03-02T19:08:00","slug":"proxima-manifestacion-11-de-marzo-contra-la-reforma-laboral","status":"publish","type":"post","link":"https:\/\/ccoo.app\/barcelona-serveis-municipals\/proxima-manifestacion-11-de-marzo-contra-la-reforma-laboral\/","title":{"rendered":"PR\u00d3XIMA MANIFESTACI\u00d3N 11 DE MARZO CONTRA LA REFORMA LABORAL"},"content":{"rendered":"<div>\n<div style=\"clear: both;text-align: center\">\n<a href=\"http:\/\/2.bp.blogspot.com\/-WPnDz7U0xmg\/T1EMTnAaUVI\/AAAAAAAAAXc\/Gq_CHFvSfII\/s1600\/Mani+11M.jpg\" style=\"clear: left;float: left;margin-bottom: 1em;margin-right: 1em\"><img loading=\"lazy\" decoding=\"async\" border=\"0\" height=\"320\" src=\"http:\/\/2.bp.blogspot.com\/-WPnDz7U0xmg\/T1EMTnAaUVI\/AAAAAAAAAXc\/Gq_CHFvSfII\/s320\/Mani+11M.jpg\" width=\"227\" \/><\/a><\/div>\n<div style=\"text-align: justify\">\nEl domingo 11 de marzo habr\u00e1 liga de f\u00fatbol, habr\u00e1 <a href=\"http:\/\/www.tengoentradas.com\/Entradas-Toros-Valencia.html\">corridas de toros<\/a>, habr\u00e1 <a href=\"http:\/\/www.google.es\/#hl=es&amp;sclient=psy-ab&amp;q=conciertos+11+de+marzo+2012&amp;pbx=1&amp;oq=conciertos+11+de+marzo+2012&amp;aq=f&amp;aqi=&amp;aql=&amp;gs_sm=3&amp;gs_upl=13566l13566l0l13640l1l1l0l0l0l0l56l56l1l1l0&amp;gs_l=serp.3...13566l13566l0l13640l1l1l0l0l0l0l56l56l1l1l0&amp;bav=on.2,or.r_gc.r_pw.r_cp.r_qf.,cf.osb&amp;fp=fa315a9d940e9a5&amp;biw=1347&amp;bih=1297\">conciertos<\/a>,<br \/>\n habr\u00e1 cine, habr\u00e1 teatro, habr\u00e1 misa, habr\u00e1 diarios a la venta en los<br \/>\nkioscos y habr\u00e1 gente que tome el aperitivo por los bares. Todo esto es y<br \/>\n ha sido siempre compatible con honrar la memoria de las v\u00edctimas del<br \/>\natentado del 11M. \u00bfTodo? No. Al parecer, que los sindicatos hayan<br \/>\nescogido ese mismo domingo para manifestarse contra la reforma laboral<br \/>\nes una \u201cfalta de sensibilidad\u201d que \u201cles descalifica\u201d, <a href=\"http:\/\/www.europapress.es\/nacional\/noticia-botella-afea-sindicatos-convocar-movilizaciones-11-20120301172442.html\">seg\u00fan la alcaldesa Ana Botella<\/a>;<br \/>\n es algo que pone \u201cde manifiesto el grado de deterioro en la<br \/>\nconfrontaci\u00f3n por confrontaci\u00f3n a la que han llegado los sindicatos al<br \/>\nquerer utilizar a las v\u00edctimas del 11M para justificar su estrategia de<br \/>\noposici\u00f3n\u201d, <a href=\"http:\/\/www.elmundo.es\/elmundo\/2012\/03\/01\/madrid\/1330612686.html\">seg\u00fan el vicepresidente de Madrid, Ignacio Gonz\u00e1lez<\/a>.<\/div>\n<div style=\"text-align: justify\">\n<\/div>\n<div style=\"text-align: justify\">\nPara las autoridades madrile\u00f1as, la capital no es demasiado grande ni<br \/>\n el domingo tiene las horas suficientes como para poder compaginar ambos<br \/>\n actos: que los ciudadanos ejerzan su derecho constitucional a la<br \/>\nmanifestaci\u00f3n y las autoridades y las v\u00edctimas celebren un acto<br \/>\nconmemorativo de aquel atentado. Ante tal provocaci\u00f3n, Esperanza Aguirre<br \/>\n \u2013siempre tan h\u00e1bil para estas cosas\u2013 ha decidido cambiar de fecha el<br \/>\naniversario y lo celebrar\u00e1 el 12 de marzo. Aplauden a la lideresa <a href=\"https:\/\/twitter.com\/#%21\/pedroj_ramirez\/statuses\/175259211347935233\">los mismos que llevan a\u00f1os manipulando el 11M para vender diarios<\/a>. Todo vale ya contra los sindicatos.<\/div>\n<div style=\"text-align: justify\">\nLos dirigentes del PP tienen raz\u00f3n en algo: estamos ante una<br \/>\nflagrante utilizaci\u00f3n de las v\u00edctimas.<\/div>\n<div style=\"text-align: justify\">\n<\/div>\n<div style=\"text-align: justify\">\n&nbsp;Pero no son precisamente los<br \/>\nsindicatos quienes las est\u00e1n utilizando para sus fines pol\u00edticos. <a href=\"http:\/\/www.asociacion11m.org\/ver-comunicado.php?id=25\">Lo explica bastante bien la Asociaci\u00f3n 11M Afectados del Terrorismo<\/a>,<br \/>\n que preside Pilar Manj\u00f3n: \u201cNunca se nos ocurrir\u00eda pedir que pararan el<br \/>\nfutbol, o ni siquiera que guardaran ese d\u00eda un segundo de respeto y<br \/>\nmemoria, por la misma raz\u00f3n no entraremos al juego maniqueo de<br \/>\ndeslegitimar a los sindicatos\u201d. Conviene leer tambi\u00e9n el resto de su<br \/>\ncomunicado. Es m\u00e1s claro que el agua y termina con un dato relevante:<br \/>\nque esos  dirigentes del PP que claman contra los insensibles sindicatos<br \/>\n a\u00fan no han invitado a esta asociaci\u00f3n de v\u00edctimas a los actos del 11M<br \/>\nque est\u00e1n organizando. Se les habr\u00e1 pasado.&nbsp;<\/div>\n<div style=\"text-align: justify\">\n<\/div>\n<div style=\"text-align: justify\">\n<span style=\"font-size: x-small\">fuente texto \u00edntegro de <a href=\"http:\/\/www.escolar.net\/MT\/archives\/2012\/03\/utilizar-a-las-victimas.html\">Ignacio Escolar a trav\u00e9s de escolar.net <\/a><\/span><\/div>\n<\/div>\n","protected":false},"excerpt":{"rendered":"<p>El domingo 11 de marzo habr\u00e1 liga de f\u00fatbol, habr\u00e1 corridas de toros, habr\u00e1 conciertos, habr\u00e1 cine, habr\u00e1 teatro, habr\u00e1 misa, habr\u00e1 diarios a la venta en los kioscos y &#8230; <a title=\"PR\u00d3XIMA MANIFESTACI\u00d3N 11 DE MARZO CONTRA LA REFORMA LABORAL\" class=\"read-more\" href=\"https:\/\/ccoo.app\/barcelona-serveis-municipals\/proxima-manifestacion-11-de-marzo-contra-la-reforma-laboral\/\" aria-label=\"M\u00e9s informaci\u00f3 sobre PR\u00d3XIMA MANIFESTACI\u00d3N 11 DE MARZO CONTRA LA REFORMA LABORAL\">Read more<\/a><\/p>\n","protected":false},"author":4519,"featured_media":0,"comment_status":"closed","ping_status":"closed","sticky":false,"template":"","format":"standard","meta":{"footnotes":""},"categories":[1],"tags":[],"class_list":["post-3123","post","type-post","status-publish","format-standard","hentry","category-sin-categoria","generate-columns","tablet-grid-50","mobile-grid-100","grid-parent","grid-33"],"_links":{"self":[{"href":"https:\/\/ccoo.app\/barcelona-serveis-municipals\/wp-json\/wp\/v2\/posts\/3123","targetHints":{"allow":["GET"]}}],"collection":[{"href":"https:\/\/ccoo.app\/barcelona-serveis-municipals\/wp-json\/wp\/v2\/posts"}],"about":[{"href":"https:\/\/ccoo.app\/barcelona-serveis-municipals\/wp-json\/wp\/v2\/types\/post"}],"author":[{"embeddable":true,"href":"https:\/\/ccoo.app\/barcelona-serveis-municipals\/wp-json\/wp\/v2\/users\/4519"}],"replies":[{"embeddable":true,"href":"https:\/\/ccoo.app\/barcelona-serveis-municipals\/wp-json\/wp\/v2\/comments?post=3123"}],"version-history":[{"count":0,"href":"https:\/\/ccoo.app\/barcelona-serveis-municipals\/wp-json\/wp\/v2\/posts\/3123\/revisions"}],"wp:attachment":[{"href":"https:\/\/ccoo.app\/barcelona-serveis-municipals\/wp-json\/wp\/v2\/media?parent=3123"}],"wp:term":[{"taxonomy":"category","embeddable":true,"href":"https:\/\/ccoo.app\/barcelona-serveis-municipals\/wp-json\/wp\/v2\/categories?post=3123"},{"taxonomy":"post_tag","embeddable":true,"href":"https:\/\/ccoo.app\/barcelona-serveis-municipals\/wp-json\/wp\/v2\/tags?post=3123"}],"curies":[{"name":"wp","href":"https:\/\/api.w.org\/{rel}","templated":true}]}}