{"id":3122,"date":"2012-03-07T10:46:00","date_gmt":"2012-03-07T09:46:00","guid":{"rendered":"https:\/\/ccoo.app\/barcelona-serveis-municipals\/comite-de-empresa-bsm-contra-la-reforma-laboral\/"},"modified":"2012-03-07T10:46:00","modified_gmt":"2012-03-07T09:46:00","slug":"comite-de-empresa-bsm-contra-la-reforma-laboral","status":"publish","type":"post","link":"https:\/\/ccoo.app\/barcelona-serveis-municipals\/comite-de-empresa-bsm-contra-la-reforma-laboral\/","title":{"rendered":"COMIT\u00c9 DE EMPRESA BSM CONTRA LA REFORMA LABORAL"},"content":{"rendered":"<div style=\"clear: both;text-align: center\">\n<a href=\"http:\/\/4.bp.blogspot.com\/-vMYVEXIap-E\/T1cdX6JMG2I\/AAAAAAAAAXw\/wY546rz4MjA\/s1600\/Comite+BSM+Informa+Manis+11M.jpg\" style=\"clear: left;float: left;margin-bottom: 1em;margin-right: 1em\"><img loading=\"lazy\" decoding=\"async\" border=\"0\" height=\"320\" src=\"http:\/\/4.bp.blogspot.com\/-vMYVEXIap-E\/T1cdX6JMG2I\/AAAAAAAAAXw\/wY546rz4MjA\/s320\/Comite+BSM+Informa+Manis+11M.jpg\" width=\"244\" \/><\/a><\/div>\n<div style=\"text-align: justify\">\nAyer d\u00eda 6 de Marzo, en la reuni\u00f3n del comit\u00e9 de empresa, este acord\u00f3 por unanimidad unirse a las manifestaciones convocadas para este pr\u00f3ximo <b>Domingo 11 de Marzo <\/b>en Barcelona a las 12h en Paseo de Gracia desde Avenida Diagonal hasta Plaza Catalu\u00f1a, invitando a la participaci\u00f3n del colectivo de trabajadores\/as de BSM en la manifestaci\u00f3n de este Domingo.<\/div>\n<div style=\"text-align: justify\">\nPara ello hemos quedado a partir de las <b>11:30h en Paseo de Gracia con Rosellon <\/b>(delante de Nespresso), este Domingo 11, el comit\u00e9 de empresa con los trabajadores\/as que quer\u00e1is asistir para defender nuestros derechos ante esta reforma laboral agresiva, que nos hace retroceder 30 a\u00f1os en derechos laborales.<\/div>\n","protected":false},"excerpt":{"rendered":"<p>Ayer d\u00eda 6 de Marzo, en la reuni\u00f3n del comit\u00e9 de empresa, este acord\u00f3 por unanimidad unirse a las manifestaciones convocadas para este pr\u00f3ximo Domingo 11 de Marzo en Barcelona &#8230; <a title=\"COMIT\u00c9 DE EMPRESA BSM CONTRA LA REFORMA LABORAL\" class=\"read-more\" href=\"https:\/\/ccoo.app\/barcelona-serveis-municipals\/comite-de-empresa-bsm-contra-la-reforma-laboral\/\" aria-label=\"M\u00e9s informaci\u00f3 sobre COMIT\u00c9 DE EMPRESA BSM CONTRA LA REFORMA LABORAL\">Read more<\/a><\/p>\n","protected":false},"author":4519,"featured_media":0,"comment_status":"closed","ping_status":"closed","sticky":false,"template":"","format":"standard","meta":{"footnotes":""},"categories":[1],"tags":[],"class_list":["post-3122","post","type-post","status-publish","format-standard","hentry","category-sin-categoria","generate-columns","tablet-grid-50","mobile-grid-100","grid-parent","grid-33"],"_links":{"self":[{"href":"https:\/\/ccoo.app\/barcelona-serveis-municipals\/wp-json\/wp\/v2\/posts\/3122","targetHints":{"allow":["GET"]}}],"collection":[{"href":"https:\/\/ccoo.app\/barcelona-serveis-municipals\/wp-json\/wp\/v2\/posts"}],"about":[{"href":"https:\/\/ccoo.app\/barcelona-serveis-municipals\/wp-json\/wp\/v2\/types\/post"}],"author":[{"embeddable":true,"href":"https:\/\/ccoo.app\/barcelona-serveis-municipals\/wp-json\/wp\/v2\/users\/4519"}],"replies":[{"embeddable":true,"href":"https:\/\/ccoo.app\/barcelona-serveis-municipals\/wp-json\/wp\/v2\/comments?post=3122"}],"version-history":[{"count":0,"href":"https:\/\/ccoo.app\/barcelona-serveis-municipals\/wp-json\/wp\/v2\/posts\/3122\/revisions"}],"wp:attachment":[{"href":"https:\/\/ccoo.app\/barcelona-serveis-municipals\/wp-json\/wp\/v2\/media?parent=3122"}],"wp:term":[{"taxonomy":"category","embeddable":true,"href":"https:\/\/ccoo.app\/barcelona-serveis-municipals\/wp-json\/wp\/v2\/categories?post=3122"},{"taxonomy":"post_tag","embeddable":true,"href":"https:\/\/ccoo.app\/barcelona-serveis-municipals\/wp-json\/wp\/v2\/tags?post=3122"}],"curies":[{"name":"wp","href":"https:\/\/api.w.org\/{rel}","templated":true}]}}