{"id":3036,"date":"2013-04-16T16:06:00","date_gmt":"2013-04-16T14:06:00","guid":{"rendered":"https:\/\/ccoo.app\/barcelona-serveis-municipals\/modelo-publico-privado-y-resultado-cuentas-2012-en-bsm\/"},"modified":"2013-04-16T16:06:00","modified_gmt":"2013-04-16T14:06:00","slug":"modelo-publico-privado-y-resultado-cuentas-2012-en-bsm","status":"publish","type":"post","link":"https:\/\/ccoo.app\/barcelona-serveis-municipals\/modelo-publico-privado-y-resultado-cuentas-2012-en-bsm\/","title":{"rendered":"Modelo p\u00fablico-privado y resultado cuentas 2012 en BSM"},"content":{"rendered":"<div style=\"text-align: justify\">\n<div style=\"clear: both;text-align: center\">\n<a href=\"http:\/\/4.bp.blogspot.com\/-fzgC6_Obx30\/UW0kJRz1k2I\/AAAAAAAABgQ\/T6BN8Iw2ph0\/s1600\/Expansi%C3%B3n+abril+13.PNG\" style=\"clear: left;float: left;margin-bottom: 1em;margin-right: 1em\"><img loading=\"lazy\" decoding=\"async\" border=\"0\" src=\"http:\/\/4.bp.blogspot.com\/-fzgC6_Obx30\/UW0kJRz1k2I\/AAAAAAAABgQ\/T6BN8Iw2ph0\/s320\/Expansi%C3%B3n+abril+13.PNG\" height=\"320\" width=\"241\" \/><\/a><\/div>\n<p>Hace justo una semana, el martes 9 de abril, nos enteramos por la prensa (cosa habitual en BSM), de la pol\u00edtica que CiU pretende llevar a cabo en Aparcaments.<\/p><\/div>\n<div style=\"text-align: justify\">\nLas declaraciones de Ignasi Armengol en el diario Expansi\u00f3n, no sorprendieron para nada a esta secci\u00f3n sindical, ya que <b>son las mismas que se repiten desde hace ya unos a\u00f1os<\/b>, y que el propio alcalde Xavier Trias, <a href=\"http:\/\/ccoobsm.blogspot.com.es\/2011\/11\/entrevista-xavier-trias.html\">en una entrevista del 29\/11\/2011<\/a> ya comentaba: que no ten\u00eda sentido que gestion\u00e1ramos aparcamientos, eso s\u00ed, interpretando con atenci\u00f3n la entrevista, dejaba claro que su idea es <b>privatizar s\u00f3lo los aparcamientos que dan beneficios<\/b>.<\/div>\n<div style=\"text-align: justify\">\n<\/div>\n<div style=\"text-align: justify\">\nPues en esta misma l\u00ednea, pero con mayores matices, se expresa nuestro Director General, apostando abiertamente por un modelo de colaboraci\u00f3n <b>p\u00fablico-privado<\/b>, con la posibilidad de crear nuevas <b>sociedades mixtas<\/b> para explotar algunos aparcamientos o realizar <b>concesiones.<\/b> Seg\u00fan el propio Ignasi Armengol, este planteamiento es consecuencia de los argumentos defendidos por CiU, de que un <b>Ayuntamiento no deber\u00eda prestar servicios que pueda prestar una empresa privada<\/b>.<\/div>\n<div style=\"text-align: justify\">\n<\/div>\n<div style=\"text-align: justify\">\nSi seg\u00fan CiU y nuestro Director General, desde el sector p\u00fablico no se deben prestar servicios que puedan prestar una empresa privada. En esta frase inocente y bas\u00e1ndose s\u00f3lo en una supuesta y as\u00e9ptica eficiencia, se nos da gato por liebre, ideolog\u00eda \u00abneocon\u00bb por informaci\u00f3n t\u00e9cnica, que por otro lado <b>nunca demuestran con n\u00fameros que la gesti\u00f3n vaya a ser m\u00e1s efectiva o eficaz<\/b>, s\u00f3lo podemos hacer un<i> acto de fe <\/i>y creernos que la gesti\u00f3n privada es mejor que la p\u00fablica, cuando en realidad estamos hastiados de observar cada d\u00eda, c\u00f3mo pol\u00edticos y partidos adjudican contratos y empresas a amigos y familiares, para que obtengan un buen beneficio y poco despu\u00e9s al llegar las p\u00e9rdidas, \u00e9stas son socializadas.<\/p>\n<p>Bienvenidos al capitalismo socialista: <b>beneficios privados vs deuda socializada<\/b>.<\/p>\n<p>Al d\u00eda siguiente a trav\u00e9s del portal del empleado, la Direcci\u00f3n de BSM, matiz\u00f3 estas palabras manifestando que todav\u00eda est\u00e1 todo en <b>fase de estudio<\/b>, y que no pueden ofrecer m\u00e1s detalles en cuanto al <b>futuro modelo y al calendario<\/b> que se llevar\u00e1 a la pr\u00e1ctica. <\/div>\n<div style=\"text-align: justify\">\n<\/div>\n<div style=\"text-align: justify\">\n<div style=\"clear: both;text-align: center\">\n<\/div>\n<p>Los aparcamientos en BSM con un beneficio de m\u00e1s de <b>8 millones de euros en 2012<\/b>, y con una previsi\u00f3n de <b>6 millones de euros en 2013<\/b>, todo seg\u00fan los datos ofrecidos al <a href=\"http:\/\/www.expansion.com\/2013\/04\/08\/catalunya\/1365446462.html\">diario Expansi\u00f3n por el Director General de BSM<\/a> ( ya que a esta secci\u00f3n sindical no nos han ofrecido ning\u00fan tipo de informaci\u00f3n al respecto), dejan claro que no es un departamento precisamente con problemas econ\u00f3micos, sino que quieren aplicar <b>ideolog\u00eda neoliberal para privatizar lo que da rendimientos.<\/b><\/div>\n<div style=\"text-align: justify\">\n<\/div>\n<div style=\"text-align: justify\">\nEn todo caso e independientemente de las cifras, no olvidemos que BSM fue creada para gestionar unos determinados servicios p\u00fablicos, y que nuestra vocaci\u00f3n es la de servicio al ciudadano\/a en todas las \u00e1reas que desarrollamos, no obstante, desde hace un par de a\u00f1os, <b>observamos con preocupaci\u00f3n <\/b>c\u00f3mo la Direcci\u00f3n General de BSM y CiU, realizan cambios en nuestra empresa, que van en <b>contra de la calidad del servicio<\/b> que como trabajadores\/as nos gustar\u00eda poder ofrecer a la ciudadan\u00eda.<\/div>\n<div style=\"text-align: justify\">\n<\/div>\n<div style=\"text-align: justify\">\nPor otro lado, en el mismo art\u00edculo, se detallan los <b>resultados econ\u00f3micos del 2012<\/b>, y que en el global del grupo BSM arrojan un <b>beneficio de 3,26<\/b> millones de euros, y una <b>previsi\u00f3n para 2013 de poco m\u00e1s de 1 mill\u00f3n de euros de beneficio<\/b>.<\/div>\n<div style=\"text-align: justify\">\n<\/div>\n<div style=\"text-align: justify\">\nAhora detallaremos los resultados por actividades:<\/div>\n<ul style=\"text-align: justify\">\n<li>Incrementan los beneficios en la <b>zona azul y verde<\/b>, pasando de <b>11,4 millones en 2011 a 12 millones de euros en 2012<\/b>, ni siquiera unos mejores resultados en la explotaci\u00f3n del estacionamiento regulado, han evitado que la Direcci\u00f3n General decida aplicar un tramo 6 en lugar de un tramo 8 en la retribuci\u00f3n variable de este departamento,<b> priv\u00e1ndonos de 60 euros<\/b> a cada trabajador\/a.<\/li>\n<\/ul>\n<ul style=\"text-align: justify\">\n<li>En <b>Bicing<\/b>, se <b>redujeron las p\u00e9rdidas en 800.000 euros<\/b>, siendo el resultado <b>negativo de 11,2 millones<\/b> de euros, a la espera del contrato de <b>esponsorizaci\u00f3n<\/b> que est\u00e1n ultimando y que reducir\u00e1 considerablemente dichas p\u00e9rdidas.<\/li>\n<\/ul>\n<ul style=\"text-align: justify\">\n<\/ul>\n<ul style=\"text-align: justify\">\n<li>El <b>Tibidabo<\/b> comienza a recuperarse econ\u00f3micamente teniendo <b>solamente 100.000 euros de p\u00e9rdidas en 2012,<\/b> que suponen una <b>mejora de 1,3 millones respecto al 2011<\/b>, y que seg\u00fan fuentes municipales, en cuanto comience a dar beneficios que puede ser entre este a\u00f1o 2013 o el pr\u00f3ximo, se proceder\u00e1 a la <b>privatizaci\u00f3n<\/b>.<\/li>\n<\/ul>\n<ul style=\"text-align: justify\">\n<li>La <b>Anella Ol\u00edmpica<\/b>, seg\u00fan los datos publicados, arrojan unas <b>p\u00e9rdidas mucho menores<\/b> que el a\u00f1o anterior, siendo de <b>1,3 millones de euros<\/b>, con una <b>diferencia positiva de 2 millones entre 2011 y 2012.<\/b><\/li>\n<\/ul>\n<ul style=\"text-align: justify\">\n<li><b>Gr\u00faas y Zoo<\/b> aumentan las <b>p\u00e9rdidas en 1,5 y 1 mill\u00f3n<\/b> de euros respectivamente.<\/li>\n<\/ul>\n<ul style=\"text-align: justify\">\n<li><b>Cementiris de Barcelona<\/b>, arroja un <b>beneficio de 3,8 millones<\/b> de euros, siendo la diferencia entre 2011 y 2012 de 5 millones de euros.<\/li>\n<\/ul>\n<div style=\"text-align: justify\">\n<\/div>\n<div style=\"text-align: justify\">\nLa Direcci\u00f3n de BSM lleva a\u00f1os <b>reduciendo el personal<\/b> operativo por despidos, incapacidad permanente o jubilaciones y prejubilaciones, mientras el personal directivo <b>nunca se reduce<\/b> o m\u00e1s bien lo contrario, <b>aumenta<\/b>.<\/p>\n<p><span style=\"font-size: x-small\"><span style=\"font-size: x-small\">I<\/span>nformaci\u00f3n extra\u00edda del art\u00edculo publicado en el diario <a href=\"http:\/\/www.expansion.com\/2013\/04\/08\/catalunya\/1365446462.html\">Expansi\u00f3n<\/a><\/span><\/div>\n<p><\/p>\n","protected":false},"excerpt":{"rendered":"<p>Hace justo una semana, el martes 9 de abril, nos enteramos por la prensa (cosa habitual en BSM), de la pol\u00edtica que CiU pretende llevar a cabo en Aparcaments. Las &#8230; <a title=\"Modelo p\u00fablico-privado y resultado cuentas 2012 en BSM\" class=\"read-more\" href=\"https:\/\/ccoo.app\/barcelona-serveis-municipals\/modelo-publico-privado-y-resultado-cuentas-2012-en-bsm\/\" aria-label=\"M\u00e9s informaci\u00f3 sobre Modelo p\u00fablico-privado y resultado cuentas 2012 en BSM\">Read more<\/a><\/p>\n","protected":false},"author":4519,"featured_media":0,"comment_status":"closed","ping_status":"closed","sticky":false,"template":"","format":"standard","meta":{"footnotes":""},"categories":[1],"tags":[],"class_list":["post-3036","post","type-post","status-publish","format-standard","hentry","category-sin-categoria","generate-columns","tablet-grid-50","mobile-grid-100","grid-parent","grid-33"],"_links":{"self":[{"href":"https:\/\/ccoo.app\/barcelona-serveis-municipals\/wp-json\/wp\/v2\/posts\/3036","targetHints":{"allow":["GET"]}}],"collection":[{"href":"https:\/\/ccoo.app\/barcelona-serveis-municipals\/wp-json\/wp\/v2\/posts"}],"about":[{"href":"https:\/\/ccoo.app\/barcelona-serveis-municipals\/wp-json\/wp\/v2\/types\/post"}],"author":[{"embeddable":true,"href":"https:\/\/ccoo.app\/barcelona-serveis-municipals\/wp-json\/wp\/v2\/users\/4519"}],"replies":[{"embeddable":true,"href":"https:\/\/ccoo.app\/barcelona-serveis-municipals\/wp-json\/wp\/v2\/comments?post=3036"}],"version-history":[{"count":0,"href":"https:\/\/ccoo.app\/barcelona-serveis-municipals\/wp-json\/wp\/v2\/posts\/3036\/revisions"}],"wp:attachment":[{"href":"https:\/\/ccoo.app\/barcelona-serveis-municipals\/wp-json\/wp\/v2\/media?parent=3036"}],"wp:term":[{"taxonomy":"category","embeddable":true,"href":"https:\/\/ccoo.app\/barcelona-serveis-municipals\/wp-json\/wp\/v2\/categories?post=3036"},{"taxonomy":"post_tag","embeddable":true,"href":"https:\/\/ccoo.app\/barcelona-serveis-municipals\/wp-json\/wp\/v2\/tags?post=3036"}],"curies":[{"name":"wp","href":"https:\/\/api.w.org\/{rel}","templated":true}]}}