{"id":3035,"date":"2013-04-22T19:20:00","date_gmt":"2013-04-22T17:20:00","guid":{"rendered":"https:\/\/ccoo.app\/barcelona-serveis-municipals\/regulacion-accesos-park-guell\/"},"modified":"2013-04-22T19:20:00","modified_gmt":"2013-04-22T17:20:00","slug":"regulacion-accesos-park-guell","status":"publish","type":"post","link":"https:\/\/ccoo.app\/barcelona-serveis-municipals\/regulacion-accesos-park-guell\/","title":{"rendered":"REGULACI\u00d3N ACCESOS PARK G\u00dcELL"},"content":{"rendered":"<div style=\"text-align: justify\">\n<div style=\"clear: both;text-align: center\">\n<\/div>\n<p>Hoy lunes 22 de abril, ha tenido lugar una reuni\u00f3n entre la Direcci\u00f3n de BSM, y una representaci\u00f3n del comit\u00e9 de empresa, en la cual nos han informado sobre la <b>nueva regulaci\u00f3n prevista para octubre<\/b> de este a\u00f1o, en cu\u00e1nto a los <b>accesos a la zona monumental del Parque G\u00fcell<\/b>.<\/div>\n<div style=\"text-align: justify\">\n<\/div>\n<div style=\"text-align: justify\">\nPrimero de todo, se ha informado del proyecto a desarrollar, encargado por el Ayuntamiento de Barcelona, el cu\u00e1l prev\u00e9 la <b>gesti\u00f3n de los accesos<\/b> a la zona monumental y la <b>venta de entradas, ya sea en taquillas o por&nbsp;Internet<\/b>. La previsi\u00f3n es de <b>3 taquillas y 5 puntos de control de acceso<\/b> aproximadamente. Tambi\u00e9n se habilitar\u00e1n <b>cajeros autom\u00e1ticos<\/b> tanto en las taquillas como en estaciones de metro pr\u00f3ximas. Los controles de acceso, por tema est\u00e9tico, se establecer\u00e1n <b>a diario<\/b>, teniendo que poner y quitar dicho material.<\/div>\n<div style=\"text-align: justify\">\n<\/p>\n<div style=\"clear: both;text-align: center\">\n<\/div>\n<p>Sobre el actual <b>estacionamiento de autobuses<\/b>, situado en la Carretera del Carmel,&nbsp;<b>se cambiar\u00e1 el actual sistema<\/b>, y &nbsp;<b>seguramente no sea controlado por los trabajadores de AREA<\/b>, sino por otra unidad de BSM.<\/div>\n<div style=\"text-align: justify\">\nLa Divisi\u00f3n Montjuic-Forum ser\u00e1 la encargada de gestionar la unidad Park G\u00fcell.<\/div>\n<div style=\"text-align: justify\">\n<\/div>\n<div style=\"text-align: justify\">\nEn cuanto a los <b>50 puestos de trabajo<\/b>, que desde el Ayuntamiento de Barcelona se anunci\u00f3, en diversos <a href=\"http:\/\/w3.bcn.cat\/V01\/Serveis\/Noticies\/V01NoticiesLlistatNoticiesCtl\/0,2138,1653_1802_2_1890901427,00.html?bcnAccessible=true&amp;accio=detall&amp;home=HomeBCN\">comunicados oficiales, como el que pod\u00e9is observar clicando aqu\u00ed<\/a>, la Direcci\u00f3n de BSM nos informa, de la intenci\u00f3n de que dichos puestos sean cubiertos con <b>personal voluntario<\/b> que actualmente est\u00e9 trabajando en el <b>Grupo BSM<\/b>, incluyendo a los trabajadores\/as de <b>ZOO y Tibidabo<\/b>.&nbsp;<\/div>\n<div style=\"text-align: justify\">\nTienen previsto realizarlo de la siguiente forma, siendo todos los datos <b>provisionales y aproximados<\/b>:<\/div>\n<ul style=\"text-align: justify\">\n<li>21 plazas aproximadas mediante promoci\u00f3n interna, para el personal actualmente con <b>contrato indefinido<\/b> en el grupo BSM (incluyendo ZOO y Tibidabo), con la categor\u00eda de <b>atenci\u00f3n al usuario<\/b>, englobada en el grupo 8 del convenio colectivo de BSM.<\/li>\n<li>Si el total de plazas anteriores no fuera cubierto, se realizar\u00edan promociones internas hasta 21 plazas aproximadamente, para el personal con <b>contrato temporal en el grupo BSM <\/b>(incluyendo ZOO y Tibidabo), o contrato indefinido en Tibidabo, con la categor\u00eda de <b>atenci\u00f3n al usuario,<\/b> englobada en el grupo 8 del convenio colectivo de BSM. En este punto la Direcci\u00f3n comenta que se incluir\u00e1 al personal actualmente en situaci\u00f3n de<b> IPT<\/b>.<\/li>\n<li><b>En caso de necesitarlo<\/b>, la empresa recurrir\u00e1 a la contrataci\u00f3n de personal externo, para cubrir dichos puestos de trabajo.<\/li>\n<li>4 plazas de <b>encagardo\/a, <\/b>para personal con <b>contrato indefinido<\/b> en el grupo BSM (incluyendo ZOO y Tibidabo). <\/li>\n<\/ul>\n<div style=\"text-align: justify\">\nTodas las promociones anteriores, son a <b>jornada completa<\/b>, en el<br \/>\nhorario que supuestamente tendr\u00e1 los accesos al parque G\u00fcell, siendo<br \/>\neste:<\/div>\n<ul style=\"text-align: justify\">\n<li>15 octubre a 25 de marzo de 08:30 horas a 18:00 horas <\/li>\n<li>26 marzo a 14 de octubre de 08:00 horas a 21:30 horas <\/li>\n<\/ul>\n<div style=\"text-align: justify\">\nEste personal seg\u00fan la Direcci\u00f3n de BSM, ser\u00eda el que estar\u00eda operativo<b> todo el a\u00f1o<\/b>, siendo reforzado en la \u00e9poca de marzo a octubre, con <b>contrataciones temporales<\/b> y durante todo el a\u00f1o con personal externo de seguridad.<\/div>\n<div style=\"text-align: justify\">\n<\/div>\n<div style=\"text-align: justify\">\n<div style=\"clear: both;text-align: center\">\n<\/div>\n<p>Desde la Direcci\u00f3n de la empresa, se hace mucho hincapi\u00e9, en la cuesti\u00f3n del conocimiento del idioma <b>ingl\u00e9s<\/b>, dejando como requisito imprescindible su conocimiento y comprensi\u00f3n.<\/div>\n<div style=\"text-align: justify\">\n<\/div>\n<div style=\"text-align: justify\">\n<\/div>\n<div style=\"text-align: justify\">\nTodo aquel trabajador\/a del grupo BSM, que cuando se oficialicen dichas promociones, est\u00e9 interesado en optar a alg\u00fan puesto, no dud\u00e9is en contactar con vuestros representantes para que os <b>aclaren dudas<\/b>, sobre todo en lo referente al pasar a una nueva categor\u00eda, y lo que conlleva en condiciones salariales.<\/div>\n<div style=\"text-align: justify\">\n<\/div>\n<div style=\"text-align: justify\">\nDesde CCOO_BSM, hemos manifestado nuestra<b> disconformidad <\/b>a las condiciones que ha establecido la Direcci\u00f3n, para esas supuestas promociones internas. El pr\u00f3ximo <b>lunes 29 de abril,<\/b> hay prevista otra reuni\u00f3n para seguir abordando este asunto.<\/div>\n<p><\/p>\n","protected":false},"excerpt":{"rendered":"<p>Hoy lunes 22 de abril, ha tenido lugar una reuni\u00f3n entre la Direcci\u00f3n de BSM, y una representaci\u00f3n del comit\u00e9 de empresa, en la cual nos han informado sobre la &#8230; <a title=\"REGULACI\u00d3N ACCESOS PARK G\u00dcELL\" class=\"read-more\" href=\"https:\/\/ccoo.app\/barcelona-serveis-municipals\/regulacion-accesos-park-guell\/\" aria-label=\"M\u00e9s informaci\u00f3 sobre REGULACI\u00d3N ACCESOS PARK G\u00dcELL\">Read more<\/a><\/p>\n","protected":false},"author":4519,"featured_media":0,"comment_status":"closed","ping_status":"closed","sticky":false,"template":"","format":"standard","meta":{"footnotes":""},"categories":[1],"tags":[],"class_list":["post-3035","post","type-post","status-publish","format-standard","hentry","category-sin-categoria","generate-columns","tablet-grid-50","mobile-grid-100","grid-parent","grid-33"],"_links":{"self":[{"href":"https:\/\/ccoo.app\/barcelona-serveis-municipals\/wp-json\/wp\/v2\/posts\/3035","targetHints":{"allow":["GET"]}}],"collection":[{"href":"https:\/\/ccoo.app\/barcelona-serveis-municipals\/wp-json\/wp\/v2\/posts"}],"about":[{"href":"https:\/\/ccoo.app\/barcelona-serveis-municipals\/wp-json\/wp\/v2\/types\/post"}],"author":[{"embeddable":true,"href":"https:\/\/ccoo.app\/barcelona-serveis-municipals\/wp-json\/wp\/v2\/users\/4519"}],"replies":[{"embeddable":true,"href":"https:\/\/ccoo.app\/barcelona-serveis-municipals\/wp-json\/wp\/v2\/comments?post=3035"}],"version-history":[{"count":0,"href":"https:\/\/ccoo.app\/barcelona-serveis-municipals\/wp-json\/wp\/v2\/posts\/3035\/revisions"}],"wp:attachment":[{"href":"https:\/\/ccoo.app\/barcelona-serveis-municipals\/wp-json\/wp\/v2\/media?parent=3035"}],"wp:term":[{"taxonomy":"category","embeddable":true,"href":"https:\/\/ccoo.app\/barcelona-serveis-municipals\/wp-json\/wp\/v2\/categories?post=3035"},{"taxonomy":"post_tag","embeddable":true,"href":"https:\/\/ccoo.app\/barcelona-serveis-municipals\/wp-json\/wp\/v2\/tags?post=3035"}],"curies":[{"name":"wp","href":"https:\/\/api.w.org\/{rel}","templated":true}]}}