{"id":3034,"date":"2013-04-26T20:03:00","date_gmt":"2013-04-26T18:03:00","guid":{"rendered":"https:\/\/ccoo.app\/barcelona-serveis-municipals\/reunion-de-seguimiento-de-seguridad-area-26-4-2013\/"},"modified":"2013-04-26T20:03:00","modified_gmt":"2013-04-26T18:03:00","slug":"reunion-de-seguimiento-de-seguridad-area-26-4-2013","status":"publish","type":"post","link":"https:\/\/ccoo.app\/barcelona-serveis-municipals\/reunion-de-seguimiento-de-seguridad-area-26-4-2013\/","title":{"rendered":"Reuni\u00f3n de seguimiento de seguridad Area 26-4-2013"},"content":{"rendered":"<p>En primer lugar CCOO manifest\u00f3 que<br \/>\ndebido a que se negaron por sistema las 9 propuestas realizadas por esta<br \/>\nSecci\u00f3n Sindical, hemos decidido no presentar m\u00e1s propuestas, ya que estas son<br \/>\nun brindis al sol y que acudiremos a las reuniones de seguimiento de seguridad<br \/>\nde \u00e1rea, para tomar nota de lo que all\u00ed se diga, para poder informar a los<br \/>\ntrabajadores, para hacer llegar las quejas de los Trabajadores y para debatir<br \/>\nlo que all\u00ed se exponga.<\/p>\n<div style=\"margin-bottom: 5.95pt;text-align: justify\">\nReferente al curso de resoluci\u00f3n de<br \/>\nconflictos que se ha decidido hacer, CCOO recuerda que este curso ya se ha<br \/>\nhecho en otras ocasiones y, aunque es muy positivo hacerlo, por s\u00ed mismo no<br \/>\nresuelve la problem\u00e1tica de la seguridad de los vigilantes, por lo que debe ir<br \/>\nacompa\u00f1ado de otras medidas. Por ejemplo, que la Guardia Urbana de cada<br \/>\ndistrito se pase por los dep\u00f3sitos, para que podamos conocer a la polic\u00eda de<br \/>\nproximidad, cosa que anta\u00f1o ocurr\u00eda y que desde hace tiempo no es as\u00ed.<\/div>\n<div style=\"margin-bottom: 5.95pt;text-align: justify\">\nEn cuanto a la propuesta de hacer a los<br \/>\nvigilantes agentes de la autoridad, CCOO expone que si de verdad se quiere<br \/>\nhacer algo al respecto, lo primero es redactar una carta suscrita por todas las<br \/>\nsecciones sindicales y la direcci\u00f3n de la unidad de \u00c1rea, para envi\u00e1rsela al<br \/>\ndirector de BSM como cargo pol\u00edtico que es y que este la haga llegar tanto al<br \/>\nAyuntamiento como al Parlament y no mover este tema cada uno por su lado.<\/div>\n<div style=\"margin-bottom: 5.95pt;text-align: justify\">\nSe ha propuesto un modelo de pareja<br \/>\nvariable, de unas 3 parejas por dep\u00f3sito, que cubran zonas que no sean las<br \/>\nhabituales de pareja<\/div>\n<div style=\"margin-bottom: 5.95pt;text-align: justify\">\n<a href=\"http:\/\/1.bp.blogspot.com\/-HVmixzyGfwg\/UXrArsJq5uI\/AAAAAAAAAHM\/2A-yNPFFXRQ\/s1600\/Tiquet+se+pasa+que+te+van+a+enviar+mensaje.jpg\" style=\"clear: right;float: right;margin-bottom: 1em;margin-left: 1em\"><img loading=\"lazy\" decoding=\"async\" border=\"0\" height=\"189\" src=\"http:\/\/1.bp.blogspot.com\/-HVmixzyGfwg\/UXrArsJq5uI\/AAAAAAAAAHM\/2A-yNPFFXRQ\/s320\/Tiquet+se+pasa+que+te+van+a+enviar+mensaje.jpg\" width=\"320\" \/><\/a>CCOO ha efectuado una<br \/>\nqueja por los mensajes enviados a los encargados para que los trabajadores den<br \/>\nexplicaciones por los tiquets que han sido denunciados por ultrapasar el tiempo<br \/>\nabonado, ya que no ayudan al bien estar de los trabajadores. La unidad, ha<br \/>\nmanifestado que en ning\u00fan momento se han pedido explicaciones, ni se ha pedido<br \/>\nque se hagan notas y ha le\u00eddo el mensaje que se est\u00e1 enviado a los encargados<br \/>\ndonde les indican que han de recordar de manera individual la orden de trabajo<br \/>\nal respecto, pero que en ning\u00fan momento se piden explicaciones a los<br \/>\ntrabajadores, recuerda que tambi\u00e9n se han enviado mensajes de felicitaci\u00f3n y<br \/>\nque la intenci\u00f3n de los mismos es reducir la tendencia a aumentar el tiempo que<br \/>\nlos usuarios utilizan gratuitamente las zonas reguladas.<\/div>\n<div style=\"margin-bottom: 5.95pt;text-align: justify\">\nSe ha solicitado que los vigilantes<br \/>\nasignados al servicio de Parque G\u00fcell en s\u00e1bado, el tiempo que dedican a cubrir<br \/>\nlas zonas exclusivas lo hagan en pareja y no solos como hasta ahora. La unidad<br \/>\ndice que tomar\u00e1 nota de la propuesta.<\/div>\n<div style=\"margin-bottom: 5.95pt;text-align: justify\">\nTambi\u00e9n se ha solicitado la supresi\u00f3n de<br \/>\ndatos personales de los vigilantes en la minuta de Mossos y Guardia Urbana, as\u00ed<br \/>\ncomo en los partes de la mutua, porque la mutua se lo da al juzgado y el<br \/>\njuzgado a la otra parte implicada en el juicio. El servicio de prevenci\u00f3n<br \/>\ninform\u00f3 que se solicit\u00f3 a la Mutua y en principio no hab\u00eda problema, por lo que<br \/>\nen los partes de agresi\u00f3n se pone la direcci\u00f3n de la empresa, pero el parte de<br \/>\nbaja habr\u00e1 que preguntarlo a los servicios jur\u00eddicos, ya que es un documento<br \/>\noficial que va a la seguridad social. Por su parte la unidad indic\u00f3 que se<br \/>\npondr\u00e1 en contacto con Guardia Urbana para averiguar si es posible que figure<br \/>\nel n\u00famero de vigilante en lugar de los datos personales en las minuta.<\/div>\n<div style=\"margin-bottom: 5.95pt;text-align: justify\">\nSobre la solicitud de conocer las fechas<br \/>\nde los juicios sobre agresiones a los vigilantes, y tras un debate sobre el<br \/>\nderecho del trabajador a que los sindicatos no tengan este dato y sobre el<br \/>\nhecho de que los juicios son p\u00fablicos, la unidad se ha puesto en contacto con<br \/>\nlos servicios jur\u00eddicos de BSM que le han indicado que el trabajador no est\u00e1<br \/>\nobligado a facilitar sus datos, es m\u00e1s que la empresa tiene la obligaci\u00f3n de no<br \/>\ndifundirlos.<\/div>\n<div style=\"margin-bottom: 5.95pt;text-align: justify\">\nPor otra parte, se ha solicitado que la<br \/>\ngr\u00faa deje actuar por iniciativa propia en las zonas exclusivas. En este sentido<br \/>\nCCOO ha manifestado su total apoyo a la propuesta, porque es evidente una falta<br \/>\nde coordinaci\u00f3n entre trabajadores de diferentes departamentos. La unidad ha<br \/>\nindicado que el departamento de gr\u00faas tiene asignado gestionar la v\u00eda p\u00fablica y<br \/>\nese departamento ha decidido gestionarlo as\u00ed, es una cuesti\u00f3n de otra unidad,<br \/>\nno de \u00c1rea.<\/div>\n<div style=\"margin-bottom: 5.95pt;text-align: justify\">\n<\/div>\n<div style=\"margin-bottom: 5.95pt;text-align: justify\">\n<\/div>\n<div style=\"margin-bottom: 5.95pt;text-align: justify\">\n<a href=\"http:\/\/1.bp.blogspot.com\/-Ev2l7okDJo4\/UXrA0h0TAaI\/AAAAAAAAAHU\/ShjvfWxvXxU\/s1600\/BALDIRI05040901.jpg\" style=\"clear: left;float: left;margin-bottom: 1em;margin-right: 1em\"><img loading=\"lazy\" decoding=\"async\" border=\"0\" height=\"120\" src=\"http:\/\/1.bp.blogspot.com\/-Ev2l7okDJo4\/UXrA0h0TAaI\/AAAAAAAAAHU\/ShjvfWxvXxU\/s200\/BALDIRI05040901.jpg\" width=\"200\" \/><\/a>La unidad aprovech\u00f3 la<br \/>\nreuni\u00f3n para comunicarnos que el d\u00eda 17 sali\u00f3 una nueva instrucci\u00f3n de Guardia<br \/>\nUrbana para poder actuar de oficio en las zonas reservadas para minusv\u00e1lidos con<br \/>\nmatr\u00edcula, cuando el veh\u00edculo estacionado no se corresponda con la matr\u00edcula.<br \/>\nEs decir, denunciar y que lo retire la gr\u00faa. Al parecer esta instrucci\u00f3n, viene<br \/>\nacompa\u00f1ada de una explicaci\u00f3n de como detectar fotocopias de tarjetas.<\/div>\n<div style=\"margin-bottom: 5.95pt;text-align: justify\">\n<\/div>\n<div style=\"margin-bottom: 5.95pt;text-align: justify\">\n<\/div>\n<div style=\"margin-bottom: 5.95pt;text-align: justify\">\nPara esto se han generado 4 nuevos<br \/>\nc\u00f3digos de infracci\u00f3n 1114, 1115, 1116 y 1117 y que servir\u00e1n para que los<br \/>\nvigilantes denunciemos espec\u00edficamente la infracci\u00f3n concreta. (Fotocopia<br \/>\ntarjeta PMR en zona azul, en zona verde, carga\/descarga o reserva minusv\u00e1lido).<br \/>\nEn este mismo sentido, nos indican que la administraci\u00f3n les ha asegurado que<br \/>\nellos no entregan fotocopias.<\/div>\n<div style=\"margin-bottom: 5.95pt;text-align: justify\">\nLa unidad tambi\u00e9n comunica que en el<br \/>\nplazo de un par de semanas, no se deber\u00e1 desactivar el servicio de gr\u00faa en los<br \/>\nveh\u00edculos que sobrepasen el tiempo autorizado en carga\/descarga y que estos<br \/>\nser\u00e1n retirados por la gr\u00faa. CCOO propone que se impriman avisos conforme se ha<br \/>\nacabado la tolerancia en este sentido para prevenir incidentes, a lo que la<br \/>\nunidad contesta que no es necesario porque hace tiempo que se retiran los veh\u00edculos<br \/>\nde las cargas.<\/div>\n<div style=\"margin-bottom: 5.95pt;text-align: justify\">\nSeguiremos informando.<\/div>\n","protected":false},"excerpt":{"rendered":"<p>En primer lugar CCOO manifest\u00f3 que debido a que se negaron por sistema las 9 propuestas realizadas por esta Secci\u00f3n Sindical, hemos decidido no presentar m\u00e1s propuestas, ya que estas &#8230; <a title=\"Reuni\u00f3n de seguimiento de seguridad Area 26-4-2013\" class=\"read-more\" href=\"https:\/\/ccoo.app\/barcelona-serveis-municipals\/reunion-de-seguimiento-de-seguridad-area-26-4-2013\/\" aria-label=\"M\u00e9s informaci\u00f3 sobre Reuni\u00f3n de seguimiento de seguridad Area 26-4-2013\">Read more<\/a><\/p>\n","protected":false},"author":4886,"featured_media":0,"comment_status":"closed","ping_status":"closed","sticky":false,"template":"","format":"standard","meta":{"footnotes":""},"categories":[1],"tags":[],"class_list":["post-3034","post","type-post","status-publish","format-standard","hentry","category-sin-categoria","generate-columns","tablet-grid-50","mobile-grid-100","grid-parent","grid-33"],"_links":{"self":[{"href":"https:\/\/ccoo.app\/barcelona-serveis-municipals\/wp-json\/wp\/v2\/posts\/3034","targetHints":{"allow":["GET"]}}],"collection":[{"href":"https:\/\/ccoo.app\/barcelona-serveis-municipals\/wp-json\/wp\/v2\/posts"}],"about":[{"href":"https:\/\/ccoo.app\/barcelona-serveis-municipals\/wp-json\/wp\/v2\/types\/post"}],"author":[{"embeddable":true,"href":"https:\/\/ccoo.app\/barcelona-serveis-municipals\/wp-json\/wp\/v2\/users\/4886"}],"replies":[{"embeddable":true,"href":"https:\/\/ccoo.app\/barcelona-serveis-municipals\/wp-json\/wp\/v2\/comments?post=3034"}],"version-history":[{"count":0,"href":"https:\/\/ccoo.app\/barcelona-serveis-municipals\/wp-json\/wp\/v2\/posts\/3034\/revisions"}],"wp:attachment":[{"href":"https:\/\/ccoo.app\/barcelona-serveis-municipals\/wp-json\/wp\/v2\/media?parent=3034"}],"wp:term":[{"taxonomy":"category","embeddable":true,"href":"https:\/\/ccoo.app\/barcelona-serveis-municipals\/wp-json\/wp\/v2\/categories?post=3034"},{"taxonomy":"post_tag","embeddable":true,"href":"https:\/\/ccoo.app\/barcelona-serveis-municipals\/wp-json\/wp\/v2\/tags?post=3034"}],"curies":[{"name":"wp","href":"https:\/\/api.w.org\/{rel}","templated":true}]}}