{"id":3033,"date":"2013-04-27T21:46:00","date_gmt":"2013-04-27T19:46:00","guid":{"rendered":"https:\/\/ccoo.app\/barcelona-serveis-municipals\/comite-de-seguridad-y-salud-25-de-abril-2013\/"},"modified":"2013-04-27T21:46:00","modified_gmt":"2013-04-27T19:46:00","slug":"comite-de-seguridad-y-salud-25-de-abril-2013","status":"publish","type":"post","link":"https:\/\/ccoo.app\/barcelona-serveis-municipals\/comite-de-seguridad-y-salud-25-de-abril-2013\/","title":{"rendered":"Comit\u00e9 de Seguridad y Salud  25 de Abril 2013"},"content":{"rendered":"<p><!--[if !mso]&gt;--><\/p>\n<p>\n<!--[if gte mso 9]&gt;--><\/p>\n<p>  Normal<br \/>\n  0<br \/>\n  21<\/p>\n<p>  MicrosoftInternetExplorer4<\/p>\n<p><!--[if gte mso 10]&gt;--><\/p>\n<p><!--[if gte mso 9]&gt;--><\/p>\n<p><!--[if gte mso 9]&gt;--><\/p>\n<p><\/p>\n<div style=\"text-align: justify\">\n<span style=\"font-size: 14.0pt\">El representante de<br \/>\nMontjuic comenta que al personal de la empresa Penni Wise ya no tiene que<br \/>\nutilizar los vestuarios de la empresa.<\/span><span style=\"font-size: 14.0pt\"><\/span><\/div>\n<div style=\"text-align: justify\">\n<\/div>\n<div style=\"text-align: justify\">\n<span style=\"font-size: 14.0pt\">La unidad de \u00c1rea informa<br \/>\nde un pu\u00f1etazo recibido ayer por un vigilante de Verg\u00f3s al denunciar un paso de<br \/>\npeatones, el agresor fue detenido por Mossos, debido a estos hechos han<br \/>\ndecidido que durante varios d\u00edas se ir\u00e1 en pareja en esa zona. Tambi\u00e9n informan<br \/>\nde un empuj\u00f3n a otra compa\u00f1era de Rius que asisti\u00f3 a la mutua. En este mismo<br \/>\nsentido se nos notifica que las llamadas de emergencia este mes han sido 4. Una<br \/>\nvez m\u00e1s, desde la parte social se hizo hincapi\u00e9 en la necesidad de ir en pareja<br \/>\nen la UOER.<\/span><span style=\"font-size: 14.0pt\"><\/span><\/div>\n<div style=\"text-align: justify\">\n<\/div>\n<div style=\"text-align: justify\">\n<span style=\"font-size: 14.0pt\">Por otra parte, se nos<br \/>\ninforma de la ca\u00edda de un Encargado en moto debido al mal tiempo.<\/span><span style=\"font-size: 14.0pt\"><\/span><\/div>\n<div style=\"text-align: justify\">\n<\/div>\n<div style=\"text-align: justify\">\n<span style=\"font-size: 14.0pt\">Desde la unidad de<br \/>\nAparcaments, informan que unas plazas de aparcamiento de Rius cambiar\u00e1n de moto<br \/>\na coche y viceversa en funci\u00f3n de las necesidades por la Fira y que se<br \/>\nse\u00f1alizan con un r\u00f3tulo reversible.<\/span><span style=\"font-size: 14.0pt\"><\/span><\/div>\n<div style=\"text-align: justify\">\n<\/div>\n<div style=\"text-align: justify\">\n<span style=\"font-size: 14.0pt\">Asimismo explica que las<br \/>\nventanas de los coches el\u00e9ctricos ya est\u00e1n instaladas.<\/span><span style=\"font-size: 14.0pt\"><\/span><\/div>\n<div style=\"text-align: justify\">\n<\/div>\n<div style=\"text-align: justify\">\n<span style=\"font-size: 14.0pt\">Debido al excesivo gasto se<br \/>\nnos informa que no se colocar\u00e1 un peque\u00f1o pelda\u00f1o en el acceso de la cabina de<br \/>\nNord y que no se dotar\u00e1 de cobertura m\u00f3vil en todas las plantas de todos los<br \/>\naparcamientos como reiteradamente desde CCOO le hemos pedido en otros CSSS.<\/span><span style=\"font-size: 14.0pt\"><\/span><\/div>\n<div style=\"text-align: justify\">\n<\/div>\n<div style=\"text-align: justify\">\n<span style=\"font-size: 14.0pt\">Sobre Torrent y Sol se nos expone que ya hay lavabos exclusivos para<br \/>\nnuestro personal separados de los del p\u00fablico al haber hecho mixtos los dos<br \/>\nexistentes.<\/span><span style=\"font-size: 14.0pt\"><\/span><\/div>\n<div style=\"text-align: justify\">\n<\/div>\n<div style=\"text-align: justify\">\n<a href=\"http:\/\/4.bp.blogspot.com\/-t9KU5FIPKUE\/UXwpl5oJarI\/AAAAAAAAAHw\/HrMGrdSF0hA\/s1600\/cargado.jpg\" style=\"clear: right;float: right;margin-bottom: 1em;margin-left: 1em\"><img loading=\"lazy\" decoding=\"async\" border=\"0\" height=\"200\" src=\"http:\/\/4.bp.blogspot.com\/-t9KU5FIPKUE\/UXwpl5oJarI\/AAAAAAAAAHw\/HrMGrdSF0hA\/s200\/cargado.jpg\" width=\"150\" \/><\/a><span style=\"font-size: 14.0pt\">En cuanto a problem\u00e1tica de<br \/>\nlos PAM que van cargados antes y despu\u00e9s de su jornada laboral con casco y<br \/>\ndem\u00e1s uniforme explica que en la segunda o tercera semana de Mayo se cubrir\u00e1 el<br \/>\nservicio de manera que los PAM no se muevan tanto, implicando a los no PAM.<\/span><span style=\"font-size: 14.0pt\"><\/span><\/div>\n<div style=\"text-align: justify\">\n<\/div>\n<div style=\"text-align: justify\">\n<span style=\"font-size: 14.0pt\">La unidad descarta la mini<br \/>\nvisera de las motos Honda pues aseveran malas cr\u00edticas de las tres personas que<br \/>\nlas&nbsp; han probado.<\/span><span style=\"font-size: 14.0pt\"><\/span><\/div>\n<div style=\"text-align: justify\">\n<\/div>\n<div style=\"text-align: justify\">\n<span style=\"font-size: 14.0pt\">Acaba su intervenci\u00f3n el<br \/>\nrepresentante de Aparcaments explicando,como ya inform\u00f3 CCOO, de la ca\u00edda del<br \/>\nport\u00f3n del cajero de Tarradelles\/Enten\u00e7a por mal estado de las bisagras y que<br \/>\npor ello han hecho un mantenimiento bianual en el que han descubierto anomal\u00edas<br \/>\nya reparadas en el SAT y en Verg\u00f3s.<\/span><span style=\"font-size: 14.0pt\"><\/span><\/div>\n<div style=\"text-align: justify\">\n<\/div>\n<div style=\"text-align: justify\">\n<span style=\"font-size: 14.0pt\">El departamento de<br \/>\nGr\u00faas nos explica que hay ciertos problemas con las tablets en St Gen\u00eds,<br \/>\ncompatibilizar programas nuevos con antiguos, soportes y la adquisici\u00f3n de<br \/>\nmandos para cerrar las gr\u00faas por el robo de las mismas.<\/span><span style=\"font-size: 14.0pt\"><\/span><\/div>\n<div style=\"text-align: justify\">\n<\/div>\n<div style=\"text-align: justify\">\n<span style=\"font-size: 14.0pt\">Se nos explica se han<br \/>\nhomologado los asientos extra en las gr\u00faas polivalentes y que ya se han pedido<br \/>\n9 asientos para las gr\u00faas.<\/span><span style=\"font-size: 14.0pt\"><\/span><\/div>\n<div style=\"text-align: justify\">\n<\/div>\n<div style=\"text-align: justify\">\n<a href=\"http:\/\/4.bp.blogspot.com\/-O2iMCt10uW4\/UXwpeDysD1I\/AAAAAAAAAHk\/nVLIvPXU-4k\/s1600\/2009_3_12_195629_MunecosPuzzle.jpg\" style=\"clear: left;float: left;margin-bottom: 1em;margin-right: 1em\"><img loading=\"lazy\" decoding=\"async\" border=\"0\" height=\"112\" src=\"http:\/\/4.bp.blogspot.com\/-O2iMCt10uW4\/UXwpeDysD1I\/AAAAAAAAAHk\/nVLIvPXU-4k\/s200\/2009_3_12_195629_MunecosPuzzle.jpg\" width=\"200\" \/><\/a><span style=\"font-size: 14.0pt\">Desde CCOO volvemos a pedir se nos de respuesta a la reuni\u00f3n de<br \/>\nCoordinaci\u00f3n Empresarial ampar\u00e1ndonos en el art. 24 Ley de Prevenci\u00f3n por las<br \/>\nreservas de seguridad por el que desde Enero en los CSS pedimos se re\u00fanan los<br \/>\nCSS de la GUB y Mosssos d&#8217;Esquadra junto al de BSM. La empresa manifiesta su<br \/>\ndesacuerdo a esta reuni\u00f3n por no creer que la calle sea centro de trabajo,<br \/>\naunque dice nos dar\u00e1 cumplida respuesta.<\/span><span style=\"font-size: 14.0pt\"><\/span><\/div>\n<div style=\"text-align: justify\">\n<\/div>\n<div style=\"text-align: justify\">\n<span style=\"font-size: 14.0pt\">Con respecto al lector de<br \/>\ntarjeta espec\u00edfico para las gr\u00faas solicitado en otros CSS no se har\u00e1 por el<br \/>\nelevado coste, 13000 euros y por que St Gen\u00eds, tanto dep\u00f3sito como aparcamiento<br \/>\ncomo base de la UOER desparece en menos de un a\u00f1o.<\/span><span style=\"font-size: 14.0pt\"><\/span><\/div>\n<div style=\"text-align: justify\">\n<\/div>\n<div style=\"text-align: justify\">\n<span style=\"font-size: 14.0pt\">Tambi\u00e9n desaparece como<br \/>\nDep\u00f3sito y base de gr\u00faas Tram VI quedando s\u00f3lo como aparcamiento, entrando en<br \/>\nmarcha un nuevo dep\u00f3sito en la calle Badajoz a partir de Septiembre.<\/span><span style=\"font-size: 14.0pt\"><\/span><\/div>\n<div style=\"text-align: justify\">\n<\/div>\n<div style=\"text-align: justify\">\n<span style=\"font-size: 14.0pt\">Desde CCOO se le hace saber<br \/>\nla necesidad que tiene el personal de St Gen\u00eds de saber con tiempo donde va, en<br \/>\nespecial quien por vivir lejos viene en coche y aparca con precio reducido<br \/>\naqu\u00ed, sea o no de gr\u00faas.<\/span><span style=\"font-size: 14.0pt\"><\/span><\/div>\n<div style=\"text-align: justify\">\n<\/div>\n<div style=\"text-align: justify\">\n<span style=\"font-size: 14.0pt\">A la petici\u00f3n de CCOO en<br \/>\notros CSS de a\u00e9reos por Bluetooth, se nos dice que no van bien, a lo que<br \/>\nnosotros respondemos que desde las gr\u00faas de L&#8217;Hospitalet nuestros compa\u00f1eros<br \/>\ndan fe de su buen funcionamiento.<\/span><span style=\"font-size: 14.0pt\"><\/span><\/div>\n<div style=\"text-align: justify\">\n<\/div>\n<div style=\"text-align: justify\">\n<span style=\"font-size: 14.0pt\">Sobre los contenedores de<br \/>\nresiduos en St Gen\u00eds que anteriormente CCOO pidi\u00f3 nos explican que en dos<br \/>\nsemanas estar\u00e1n.<\/span><span style=\"font-size: 14.0pt\"><\/span><\/div>\n<div style=\"text-align: justify\">\n<\/div>\n<div style=\"text-align: justify\">\n<span style=\"font-size: 14.0pt\">Sobre los extintores de<br \/>\nMir\u00f3, St Gen\u00eds y TramVI que desde CCOO dijimos est\u00e1n en mal estado aseguran que<br \/>\nlos revisar\u00e1n.<\/span><span style=\"font-size: 14.0pt\"><\/span><\/div>\n<div style=\"text-align: justify\">\n<\/div>\n<div style=\"text-align: justify\">\n<span style=\"font-size: 14.0pt\">De los cables de marcha en<br \/>\nlas gr\u00faas se nos dice que se han reparado 6 y que todo aquel que le comente a<br \/>\nsu encargado que van mal, lo revisar\u00e1n pero que no revisar\u00e1n una por una.<\/span><span style=\"font-size: 14.0pt\"><\/span><\/div>\n<div style=\"text-align: justify\">\n<span style=\"font-size: 14.0pt\"><\/span><span style=\"font-size: 14.0pt\"><\/span><\/div>\n<div style=\"text-align: justify\">\n<span style=\"font-size: 14.0pt\">Sobre el vestuario, se explica que no cambiar\u00e1 el uniforme de la UOER<br \/>\npor que el Ajuntament no lo ve necesario y aunque se valor\u00f3 introducir el color<br \/>\nmarengo en el ce\u00f1idor, para diferenciar a los vigilantes de la GUB al final se<br \/>\nha descartado.<\/span><span style=\"font-size: 14.0pt\"><\/span><\/div>\n<div style=\"text-align: justify\">\n<\/div>\n<div style=\"text-align: justify\">\n<span style=\"font-size: 14.0pt\">Sobre los polos de invierno<br \/>\ndel 2012, manifestaron que no les constaba que sean de menos abrigo que los<br \/>\nanteriores, pero al ense\u00f1arles unos de un compa\u00f1ero de gr\u00faas y ver la<br \/>\ndiferencia aseguraron que se cambiar\u00e1n.<\/span><span style=\"font-size: 14.0pt\"><\/span><\/div>\n<div style=\"text-align: justify\">\n<span style=\"font-size: 14.0pt\">&nbsp;&nbsp;<\/span><span style=\"font-size: 14.0pt\"><\/span><\/div>\n<div style=\"text-align: justify\">\n<a href=\"http:\/\/1.bp.blogspot.com\/-hilu0TbPfGg\/UXwplvOaTnI\/AAAAAAAAAHs\/wGkhdVZJTl8\/s1600\/Vestuario+Iturri.jpg\" style=\"clear: right;float: right;margin-bottom: 1em;margin-left: 1em\"><img loading=\"lazy\" decoding=\"async\" border=\"0\" height=\"320\" src=\"http:\/\/1.bp.blogspot.com\/-hilu0TbPfGg\/UXwplvOaTnI\/AAAAAAAAAHs\/wGkhdVZJTl8\/s320\/Vestuario+Iturri.jpg\" width=\"268\" \/><\/a><span style=\"font-size: 14.0pt\">CCOO pregunta si la<br \/>\ndiferencia entre el pantal\u00f3n de gr\u00faas de invierno y verano es solo la parte<br \/>\nfinal reflectante, a lo que nos contestan que si pero que en la nueva<br \/>\nuniformidad se quiere cambiar.<\/span><span style=\"font-size: 14.0pt\"><\/span><\/div>\n<div style=\"text-align: justify\">\n<\/div>\n<div style=\"text-align: justify\">\n<span style=\"font-size: 14.0pt\">Desde CCOO le preguntamos<br \/>\nsi valoraron <\/span><span style=\"font-size: 14.0pt\">nuestra <\/span><span style=\"font-size: 14.0pt\">propuesta de un sistema de puntos que prima calidad y<br \/>\nno cantidad y que ser\u00eda espec\u00edfico para cada persona en funci\u00f3n de sus<br \/>\nnecesidades contestando negativamente por que, seg\u00fan la BSM, necesitar\u00edamos un<br \/>\nelevado stock de prendas.<\/span><span style=\"font-size: 14.0pt\"><\/span><\/div>\n<div style=\"text-align: justify\">\n<\/div>\n<div style=\"text-align: justify\">\n<span style=\"font-size: 14.0pt\">Desde la parte social<br \/>\nun\u00e1nimemente nos quejamos otra vez tanto del hecho de dar toda la ropa del a\u00f1o<br \/>\njunta como de su calidad.<\/span><span style=\"font-size: 14.0pt\"><\/span><\/div>\n<div style=\"text-align: justify\">\n<\/div>\n<div style=\"text-align: justify\">\n<span style=\"font-size: 14.0pt\">La respuesta es la misma,<br \/>\nIturri nos da prendas de buena calidad y por problemas de gesti\u00f3n de stocks y<br \/>\nahorro nos tienen que dar todo el vestuario junto.<\/span><span style=\"font-size: 14.0pt\"><\/span><\/div>\n<div style=\"text-align: justify\">\n<\/div>\n<div style=\"text-align: justify\">\n<span style=\"font-size: 14.0pt\">Por \u00faltimo se nos dice<br \/>\nque&nbsp; citar\u00e1n a los delegados a un Monogr\u00e1fico de Vestuario para ver las<br \/>\nnuevas prendas.<\/span><span style=\"font-size: 14.0pt\"><\/span><\/div>\n<div style=\"text-align: justify\">\n<\/div>\n<div style=\"text-align: justify\">\n<span style=\"font-size: 14.0pt\">Seguiremos inform\u00e1ndo. <\/span><\/div>\n","protected":false},"excerpt":{"rendered":"<p>Normal 0 21 MicrosoftInternetExplorer4 El representante de Montjuic comenta que al personal de la empresa Penni Wise ya no tiene que utilizar los vestuarios de la empresa. La unidad de &#8230; <a title=\"Comit\u00e9 de Seguridad y Salud  25 de Abril 2013\" class=\"read-more\" href=\"https:\/\/ccoo.app\/barcelona-serveis-municipals\/comite-de-seguridad-y-salud-25-de-abril-2013\/\" aria-label=\"M\u00e9s informaci\u00f3 sobre Comit\u00e9 de Seguridad y Salud  25 de Abril 2013\">Read more<\/a><\/p>\n","protected":false},"author":4886,"featured_media":0,"comment_status":"closed","ping_status":"closed","sticky":false,"template":"","format":"standard","meta":{"footnotes":""},"categories":[1],"tags":[],"class_list":["post-3033","post","type-post","status-publish","format-standard","hentry","category-sin-categoria","generate-columns","tablet-grid-50","mobile-grid-100","grid-parent","grid-33"],"_links":{"self":[{"href":"https:\/\/ccoo.app\/barcelona-serveis-municipals\/wp-json\/wp\/v2\/posts\/3033","targetHints":{"allow":["GET"]}}],"collection":[{"href":"https:\/\/ccoo.app\/barcelona-serveis-municipals\/wp-json\/wp\/v2\/posts"}],"about":[{"href":"https:\/\/ccoo.app\/barcelona-serveis-municipals\/wp-json\/wp\/v2\/types\/post"}],"author":[{"embeddable":true,"href":"https:\/\/ccoo.app\/barcelona-serveis-municipals\/wp-json\/wp\/v2\/users\/4886"}],"replies":[{"embeddable":true,"href":"https:\/\/ccoo.app\/barcelona-serveis-municipals\/wp-json\/wp\/v2\/comments?post=3033"}],"version-history":[{"count":0,"href":"https:\/\/ccoo.app\/barcelona-serveis-municipals\/wp-json\/wp\/v2\/posts\/3033\/revisions"}],"wp:attachment":[{"href":"https:\/\/ccoo.app\/barcelona-serveis-municipals\/wp-json\/wp\/v2\/media?parent=3033"}],"wp:term":[{"taxonomy":"category","embeddable":true,"href":"https:\/\/ccoo.app\/barcelona-serveis-municipals\/wp-json\/wp\/v2\/categories?post=3033"},{"taxonomy":"post_tag","embeddable":true,"href":"https:\/\/ccoo.app\/barcelona-serveis-municipals\/wp-json\/wp\/v2\/tags?post=3033"}],"curies":[{"name":"wp","href":"https:\/\/api.w.org\/{rel}","templated":true}]}}