{"id":3032,"date":"2013-04-29T17:29:00","date_gmt":"2013-04-29T15:29:00","guid":{"rendered":"https:\/\/ccoo.app\/barcelona-serveis-municipals\/propuesta-para-cubrir-los-nuevos-puestos-de-trabajo-en-parc-guell\/"},"modified":"2013-04-29T17:29:00","modified_gmt":"2013-04-29T15:29:00","slug":"propuesta-para-cubrir-los-nuevos-puestos-de-trabajo-en-parc-guell","status":"publish","type":"post","link":"https:\/\/ccoo.app\/barcelona-serveis-municipals\/propuesta-para-cubrir-los-nuevos-puestos-de-trabajo-en-parc-guell\/","title":{"rendered":"Propuesta para cubrir los nuevos puestos de trabajo en Parc G\u00fcell"},"content":{"rendered":"<p><!--[if gte mso 9]&gt;--><\/p>\n<p>  Normal<br \/>\n  0<br \/>\n  21<\/p>\n<p>  MicrosoftInternetExplorer4<\/p>\n<p>\n<!--[if gte mso 10]&gt;--><\/p>\n<p><\/p>\n<div style=\"text-align: justify\">\n<span lang=\"ES-TRAD\">Cara a la<br \/>\nnueva regulaci\u00f3n del Parc G\u00fcell y para cubrir las necesidades de puestos de<br \/>\ntrabajo CCOO_BSM ha propuesto a la empresa:<\/span><\/div>\n<div style=\"text-align: justify\">\n<\/div>\n<div style=\"text-align: justify\">\n<span lang=\"ES-TRAD\">Que<span>&nbsp; <\/span>los<span>&nbsp;<br \/>\n<\/span>trabajadores\/as<span>&nbsp; <\/span>que<span>&nbsp; <\/span>desempe\u00f1en<span>&nbsp;<br \/>\n<\/span>sus<span>&nbsp; <\/span>tareas<span>&nbsp; <\/span>en<span>&nbsp;<br \/>\n<\/span>esta<span>&nbsp; <\/span>nueva<span>&nbsp; <\/span>funci\u00f3n sean adscritos a la<br \/>\nCategor\u00eda de Oficial Informaci\u00f3n establecida en el Convenio 2009-2012 BSM. <\/span><\/div>\n<div style=\"text-align: justify\">\n<\/div>\n<div style=\"text-align: justify\">\n<a href=\"http:\/\/2.bp.blogspot.com\/-UwhD73sByis\/UX6P1fLKZTI\/AAAAAAAAAIE\/eYi4j4XQJKs\/s1600\/guell.jpg\" style=\"clear: left;float: left;margin-bottom: 1em;margin-right: 1em\"><img loading=\"lazy\" decoding=\"async\" border=\"0\" height=\"135\" src=\"http:\/\/2.bp.blogspot.com\/-UwhD73sByis\/UX6P1fLKZTI\/AAAAAAAAAIE\/eYi4j4XQJKs\/s200\/guell.jpg\" width=\"200\" \/><\/a><span lang=\"ES-TRAD\">Que<span>&nbsp; <\/span>el<span>&nbsp;<br \/>\n<\/span>personal<span>&nbsp; <\/span>necesario<span>&nbsp; <\/span>sea<span>&nbsp;<br \/>\n<\/span>contratado <span><\/span>prioritariamente<span>&nbsp; <\/span>de<span>&nbsp;<br \/>\n<\/span>entre<span>&nbsp; <\/span>los trabajadores que actualmente est\u00e1n en IPT y entre el personal de excedencia en aplicaci\u00f3n de los<br \/>\nArt.<span>&nbsp; <\/span>66<span>&nbsp;<br \/>\n<\/span>y<span>&nbsp; <\/span>41 del<span>&nbsp;<br \/>\n<\/span>Convenio<span>&nbsp; <\/span>2009-2012<span>&nbsp; <\/span>BSM <span><\/span>respectivamente.<span>&nbsp; <\/span>En<span>&nbsp; <\/span>caso<span>&nbsp;<br \/>\n<\/span>de<span>&nbsp; <\/span>ser<span>&nbsp; <\/span>el desconocimiento de ingl\u00e9s el \u00fanico<br \/>\nrequisito que les prive de acceder a dicho puesto la empresa dar\u00e1 la formaci\u00f3n<br \/>\na su cargo.<\/span><\/div>\n<div style=\"text-align: justify\">\n<span lang=\"ES-TRAD\"><\/span><\/div>\n<div style=\"text-align: justify\">\n<\/div>\n<div style=\"text-align: justify\">\n<span lang=\"ES-TRAD\">Que<span>&nbsp; <\/span>de<span>&nbsp;<br \/>\n<\/span>no<span>&nbsp; <\/span>cubrir<span>&nbsp; <\/span>las<span>&nbsp;<br \/>\n<\/span>vacantes,<span>&nbsp; <\/span>BSM<span>&nbsp; <\/span>en ning\u00fan<span>&nbsp; <\/span>caso<span>&nbsp; <\/span>obligue<span>&nbsp;<br \/>\n<\/span>a<span>&nbsp; <\/span>ninguno<span>&nbsp; <\/span>de<span>&nbsp; <\/span>sus trabajadores a ser trasladado a dicho puesto, de modo que el acceso a estos<br \/>\npuestos de trabajo sea siempre voluntario. <\/span><\/div>\n<div style=\"text-align: justify\">\n<span lang=\"ES-TRAD\">&nbsp;<\/span>&nbsp;<\/p>\n<\/div>\n<div style=\"text-align: justify\">\n<span lang=\"ES-TRAD\">Que<br \/>\nindependientemente de<span>&nbsp; <\/span>la forma en que<br \/>\nlos trabajadores acaben accediendo a estos<span>&nbsp; <\/span>puestos<span>&nbsp;<br \/>\n<\/span>de<span>&nbsp; <\/span>trabajo,<span>&nbsp; <\/span>siempre<span>&nbsp;<br \/>\n<\/span>se<span>&nbsp; <\/span>mantengan<span>&nbsp; <\/span>las<span>&nbsp;<br \/>\n<\/span>condiciones<span>&nbsp; <\/span>salariales<span>&nbsp; <\/span>que<span>&nbsp; <\/span>ya ven\u00eda<br \/>\ndisfrutando el trabajador. En el caso de que el trabajador ostente un salario<br \/>\nm\u00e1s elevado<span>&nbsp; <\/span>que<span>&nbsp;<br \/>\n<\/span>el<span>&nbsp; <\/span>del<span>&nbsp; <\/span>nuevo<span>&nbsp;<br \/>\n<\/span>puesto<span>&nbsp; <\/span>de<span>&nbsp; <\/span>trabajo,<span>&nbsp;<br \/>\n<\/span>la<span>&nbsp; <\/span>diferencia<span>&nbsp; <\/span>en<span>&nbsp;<br \/>\n<\/span>ning\u00fan<span>&nbsp; <\/span>caso<span>&nbsp; <\/span>sea absorbida ni<br \/>\ncompensada, sino que se cree un complemento ad personam mediante el cual cobre<br \/>\nla diferencia <\/span><\/div>\n<div style=\"text-align: justify\">\n<\/div>\n<div style=\"text-align: justify\">\n<span lang=\"ES-TRAD\">Que<span>&nbsp; <\/span>en<span>&nbsp;<br \/>\n<\/span>el<span>&nbsp; <\/span>caso<span>&nbsp; <\/span>de<span>&nbsp;<br \/>\n<\/span>realizar<span>&nbsp; <\/span>promociones<span>&nbsp; <\/span>internas<span>&nbsp;<br \/>\n<\/span>entre<span>&nbsp; <\/span>el<span>&nbsp; <\/span>personal<span>&nbsp;<br \/>\n<\/span>temporal,<span>&nbsp; <\/span>dicho personal despu\u00e9s<br \/>\nde superar el periodo de prueba pase a ser trabajador de BSM con contrato<br \/>\nindefinido. <\/span><\/div>\n<div style=\"text-align: justify\">\n<\/div>\n<div style=\"text-align: justify\">\n<a href=\"http:\/\/1.bp.blogspot.com\/-W5xADlCta9Y\/UX6P3jAETxI\/AAAAAAAAAIM\/w1m_LbHVQPE\/s1600\/images+(1).jpg\" style=\"clear: right;float: right;margin-bottom: 1em;margin-left: 1em\"><img decoding=\"async\" border=\"0\" src=\"http:\/\/1.bp.blogspot.com\/-W5xADlCta9Y\/UX6P3jAETxI\/AAAAAAAAAIM\/w1m_LbHVQPE\/s1600\/images+(1).jpg\" \/><\/a><span lang=\"ES-TRAD\">Que aquellos<br \/>\ntrabajadores de BSM que no superen el per\u00edodo de prueba regresen a su anterior<br \/>\npuesto de trabajo. <\/span><\/div>\n<div style=\"text-align: justify\">\n<\/div>\n<div style=\"text-align: justify\">\n<span lang=\"ES-TRAD\">Que en la<br \/>\npublicaci\u00f3n de las promociones se a\u00f1ada el siguiente apartado, en el cual se detallan<br \/>\nlos criterios de puntuaci\u00f3n para cada una de las&nbsp; pruebas: <\/span><\/div>\n<div style=\"text-align: justify\">\n<\/div>\n<ul style=\"margin-top: 0cm;text-align: justify\" type=\"disc\">\n<li><span lang=\"ES-TRAD\">Pruebas<span>&nbsp; <\/span>espec\u00edficas<span>&nbsp; <\/span>de<span>&nbsp;<br \/>\n     <\/span>lenguas:<span>&nbsp; <\/span>catalana,<span> <\/span>castellana,<span>&nbsp; <\/span>ingl\u00e9s<span>&nbsp;<br \/>\n     <\/span>y<span>&nbsp; <\/span>otros idiomas.<span> <\/span>Se<span>&nbsp;&nbsp;<br \/>\n     <\/span>otorgar\u00e1n<span>&nbsp;&nbsp; <\/span>25<span>&nbsp;&nbsp; <\/span>puntos<span>&nbsp;&nbsp;<br \/>\n     <\/span>al<span>&nbsp;&nbsp; <\/span>candidato<span>&nbsp;&nbsp; <\/span>con<span>&nbsp;&nbsp;<br \/>\n     <\/span>mayores conocimientos y al resto se otorgar\u00e1 puntuaci\u00f3n de forma<br \/>\n     proporcional. <\/span><\/li>\n<li><span lang=\"ES-TRAD\">Pruebas<span>&nbsp; <\/span>psicom\u00e9tricas<span>&nbsp; <\/span>de<span>&nbsp;<br \/>\n     <\/span>valoraci\u00f3n<span>&nbsp; <\/span>profesional.<span>&nbsp; <\/span>Se<span>&nbsp;<br \/>\n     <\/span>otorgar\u00e1n<span>&nbsp; <\/span>10 puntos al<br \/>\n     candidato que responda correctamente a todas las preguntas del<span>&nbsp;&nbsp; <\/span>cuestionario,<span>&nbsp;&nbsp;&nbsp;&nbsp;&nbsp; <\/span>y<span>&nbsp;&nbsp;<br \/>\n     <\/span>al<span>&nbsp;&nbsp; <\/span>resto<span>&nbsp;&nbsp; <\/span>se<span>&nbsp;&nbsp;<br \/>\n     <\/span>otorgar\u00e1 puntuaci\u00f3n<span>&nbsp;&nbsp; <\/span>de<span>&nbsp;&nbsp;<br \/>\n     <\/span>forma proporcional. <\/span><\/li>\n<li><span lang=\"ES-TRAD\">Prueba <span>&nbsp;<\/span>de<span>&nbsp;<br \/>\n     <\/span>pr\u00e1ctica<span>&nbsp; <\/span>de<span>&nbsp; <\/span>entorno<span>&nbsp;<br \/>\n     <\/span>Windows<span>&nbsp; <\/span>y<span>&nbsp; <\/span>internet.<span>&nbsp; <\/span>Se<span>&nbsp;<br \/>\n     <\/span>otorgar\u00e1n<span>&nbsp; <\/span>25 puntos<span>&nbsp; <\/span>al<span>&nbsp;<br \/>\n     <\/span>candidato que<span>&nbsp; <\/span>supere<span>&nbsp;<br \/>\n     <\/span>con<span>&nbsp; <\/span>\u00e9xito<span>&nbsp; <\/span>todos<span>&nbsp;<br \/>\n     <\/span>y<span>&nbsp; <\/span>cada<span>&nbsp; <\/span>uno<span>&nbsp;<br \/>\n     <\/span>de<span>&nbsp; <\/span>los supuestos que se le<br \/>\n     planteen, al resto se torgar\u00e1 puntuaci\u00f3n de forma proporcional. <\/span><\/li>\n<li><span lang=\"ES-TRAD\">Pruebas<span>&nbsp; <\/span>espec\u00edficas<span>&nbsp; <\/span>del<span>&nbsp;<br \/>\n     <\/span>puesto<span>&nbsp; <\/span>de<span>&nbsp; <\/span>trabajo.<span>&nbsp;<br \/>\n     <\/span>Se<span>&nbsp; <\/span>otorgar\u00e1n<span>&nbsp; <\/span>15<span>&nbsp;<br \/>\n     <\/span>puntos<span>&nbsp; <\/span>al candidato<span>&nbsp; <\/span>que demuestre<span>&nbsp; <\/span>mejor<span>&nbsp; <\/span>desempe\u00f1o<span>&nbsp; <\/span>en<span>&nbsp;<br \/>\n     <\/span>cada<span>&nbsp; <\/span>una<span>&nbsp; <\/span>de<span>&nbsp;<br \/>\n     <\/span>las funciones, y al resto se otorgar\u00e1 puntuaci\u00f3n de forma<br \/>\n     proporcional. <\/span><\/li>\n<li><span lang=\"ES-TRAD\">Din\u00e1micas<span>&nbsp; <\/span>de<span>&nbsp;<br \/>\n     <\/span>grupo.<span>&nbsp; <\/span>Se<span>&nbsp; <\/span>otorgar\u00e1n<span>&nbsp; <\/span>15<span>&nbsp;<br \/>\n     <\/span>puntos<span>&nbsp; <\/span>al<span>&nbsp; <\/span>candidato<span>&nbsp; <\/span>cuyo<span>&nbsp;<br \/>\n     <\/span>perfil sea el m\u00e1s adecuado al puesto de trabajo que se promociona,<br \/>\n     y al resto se otorgar\u00e1 puntuaci\u00f3n de forma proporcional. <\/span><\/li>\n<li><span lang=\"ES-TRAD\">Entrevista<span>&nbsp;&nbsp; <\/span>personal.<span>&nbsp;&nbsp; <\/span>Se<span>&nbsp;&nbsp;<br \/>\n     <\/span>otorgar\u00e1n<span>&nbsp;&nbsp; <\/span>10<span>&nbsp;&nbsp; <\/span>puntos<span>&nbsp;&nbsp;<br \/>\n     <\/span>al<span>&nbsp;&nbsp; <\/span>candidato<span>&nbsp;&nbsp; <\/span>que demuestre ser id\u00f3neo para el<br \/>\n     puesto, y al resto se otorgar\u00e1 puntuaci\u00f3n de<span>&nbsp; <\/span>forma<span>&nbsp;<br \/>\n     <\/span>proporcional.<span>&nbsp; <\/span>En<span>&nbsp; <\/span>relaci\u00f3n<span>&nbsp;<br \/>\n     <\/span>a<span>&nbsp; <\/span>este<span>&nbsp; <\/span>apartado<span>&nbsp;<br \/>\n     <\/span>cabe<span>&nbsp; <\/span>recordar<span>&nbsp; <\/span>que dicha entrevista personal habr\u00e1 de<br \/>\n     cumplir los siguientes requisitos:<\/span><span lang=\"ES-TRAD\">&nbsp;<\/span><\/li>\n<\/ul>\n<div style=\"text-align: justify\">\n<\/div>\n<ol style=\"text-align: justify\">\n<ol>\n<li><span lang=\"ES-TRAD\">Se realizar\u00e1 a partir de un<br \/>\n     an\u00e1lisis de puestos.<\/span><\/li>\n<li><span lang=\"ES-TRAD\">Ser\u00e1 uniforme para todos los<br \/>\n     candidatos.<\/span><\/li>\n<li><span lang=\"ES-TRAD\">Los entrevistadores habr\u00e1n de<br \/>\n     poseer un alto grado de formaci\u00f3n espec\u00edfica.<\/span><\/li>\n<li><span lang=\"ES-TRAD\">La<span>&nbsp; <\/span>decisi\u00f3n<span>&nbsp;<br \/>\n     <\/span>de<span>&nbsp; <\/span>contrataci\u00f3n<span>&nbsp; <\/span>se<span>&nbsp;<br \/>\n     <\/span>realizar\u00e1<span>&nbsp; <\/span>despu\u00e9s<span>&nbsp; <\/span>de<span>&nbsp;<br \/>\n     <\/span>haber desarrollado todas las entrevistas <\/span><\/li>\n<\/ol>\n<\/ol>\n<div style=\"text-align: justify\">\n<\/div>\n<div style=\"text-align: justify\">\n<\/div>\n<div style=\"text-align: justify\">\n<span lang=\"ES-TRAD\">Que BSM guarde<br \/>\nlos cuestionarios con las respuestas de los candidatos, en aquellas <\/span><\/div>\n<div style=\"text-align: justify\">\n<span lang=\"ES-TRAD\">pruebas<span>&nbsp; <\/span>que<span>&nbsp;<br \/>\n<\/span>los<span>&nbsp; <\/span>contengan,<span>&nbsp; <\/span>de<span>&nbsp;<br \/>\n<\/span>modo<span>&nbsp; <\/span>que<span>&nbsp; <\/span>sea<span>&nbsp;<br \/>\n<\/span>posible<span>&nbsp; <\/span>su<span>&nbsp; <\/span>posterior<span>&nbsp;<br \/>\n<\/span>revisi\u00f3n<span>&nbsp; <\/span>si<span>&nbsp; <\/span>fuera necesario,<span>&nbsp; <\/span>asimismo<span>&nbsp;<br \/>\n<\/span>elabore<span>&nbsp; <\/span>un<span>&nbsp; <\/span>informe<span>&nbsp;<br \/>\n<\/span>en<span>&nbsp; <\/span>el<span>&nbsp; <\/span>que<span>&nbsp;<br \/>\n<\/span>detalle<span>&nbsp; <\/span>en<span>&nbsp; <\/span>qu\u00e9<span>&nbsp;<br \/>\n<\/span>han<span>&nbsp; <\/span>consistido<span>&nbsp; <\/span>el resto<span>&nbsp;<br \/>\n<\/span>de<span>&nbsp; <\/span>pruebas<span>&nbsp; <\/span>y<span>&nbsp;<br \/>\n<\/span>de<span>&nbsp; <\/span>qu\u00e9<span>&nbsp; <\/span>modo<span>&nbsp;<br \/>\n<\/span>las<span>&nbsp; <\/span>ha<span>&nbsp; <\/span>superado<span>&nbsp;<br \/>\n<\/span>o<span>&nbsp; <\/span>no<span>&nbsp; <\/span>el<span>&nbsp;<br \/>\n<\/span>candidato,<span>&nbsp; <\/span>justificando<span>&nbsp; <\/span>la puntuaci\u00f3n otorgada para cada una de<br \/>\nellas. <\/span><\/div>\n<div style=\"text-align: justify\">\n<\/div>\n<div style=\"text-align: justify\">\n<\/div>\n<div style=\"text-align: justify\">\n<span lang=\"ES-TRAD\">Seguiremos<br \/>\ninformando.<\/span><\/div>\n","protected":false},"excerpt":{"rendered":"<p>Normal 0 21 MicrosoftInternetExplorer4 Cara a la nueva regulaci\u00f3n del Parc G\u00fcell y para cubrir las necesidades de puestos de trabajo CCOO_BSM ha propuesto a la empresa: Que&nbsp; los&nbsp; trabajadores\/as&nbsp; &#8230; <a title=\"Propuesta para cubrir los nuevos puestos de trabajo en Parc G\u00fcell\" class=\"read-more\" href=\"https:\/\/ccoo.app\/barcelona-serveis-municipals\/propuesta-para-cubrir-los-nuevos-puestos-de-trabajo-en-parc-guell\/\" aria-label=\"M\u00e9s informaci\u00f3 sobre Propuesta para cubrir los nuevos puestos de trabajo en Parc G\u00fcell\">Read more<\/a><\/p>\n","protected":false},"author":4886,"featured_media":0,"comment_status":"closed","ping_status":"closed","sticky":false,"template":"","format":"standard","meta":{"footnotes":""},"categories":[1],"tags":[],"class_list":["post-3032","post","type-post","status-publish","format-standard","hentry","category-sin-categoria","generate-columns","tablet-grid-50","mobile-grid-100","grid-parent","grid-33"],"_links":{"self":[{"href":"https:\/\/ccoo.app\/barcelona-serveis-municipals\/wp-json\/wp\/v2\/posts\/3032","targetHints":{"allow":["GET"]}}],"collection":[{"href":"https:\/\/ccoo.app\/barcelona-serveis-municipals\/wp-json\/wp\/v2\/posts"}],"about":[{"href":"https:\/\/ccoo.app\/barcelona-serveis-municipals\/wp-json\/wp\/v2\/types\/post"}],"author":[{"embeddable":true,"href":"https:\/\/ccoo.app\/barcelona-serveis-municipals\/wp-json\/wp\/v2\/users\/4886"}],"replies":[{"embeddable":true,"href":"https:\/\/ccoo.app\/barcelona-serveis-municipals\/wp-json\/wp\/v2\/comments?post=3032"}],"version-history":[{"count":0,"href":"https:\/\/ccoo.app\/barcelona-serveis-municipals\/wp-json\/wp\/v2\/posts\/3032\/revisions"}],"wp:attachment":[{"href":"https:\/\/ccoo.app\/barcelona-serveis-municipals\/wp-json\/wp\/v2\/media?parent=3032"}],"wp:term":[{"taxonomy":"category","embeddable":true,"href":"https:\/\/ccoo.app\/barcelona-serveis-municipals\/wp-json\/wp\/v2\/categories?post=3032"},{"taxonomy":"post_tag","embeddable":true,"href":"https:\/\/ccoo.app\/barcelona-serveis-municipals\/wp-json\/wp\/v2\/tags?post=3032"}],"curies":[{"name":"wp","href":"https:\/\/api.w.org\/{rel}","templated":true}]}}