{"id":3031,"date":"2013-05-07T08:32:00","date_gmt":"2013-05-07T06:32:00","guid":{"rendered":"https:\/\/ccoo.app\/barcelona-serveis-municipals\/carta-abierta-a-direccion-general-de-bsm\/"},"modified":"2013-05-07T08:32:00","modified_gmt":"2013-05-07T06:32:00","slug":"carta-abierta-a-direccion-general-de-bsm","status":"publish","type":"post","link":"https:\/\/ccoo.app\/barcelona-serveis-municipals\/carta-abierta-a-direccion-general-de-bsm\/","title":{"rendered":"Carta abierta a Direcci\u00f3n General de BSM"},"content":{"rendered":"<p><\/p>\n<div>\nReproducimos&nbsp;\u00edntegramente&nbsp;la carta&nbsp;enviada&nbsp;a la Direcci\u00f3n General de BSM<\/div>\n<div>\n<b><span style=\"font-size: 14.0pt\"><br \/><\/span><\/b><\/div>\n<div>\n<b><span style=\"font-size: 14.0pt\">A\/A&nbsp;&nbsp; &nbsp;&nbsp;&nbsp;&nbsp;&nbsp; DIRECCI\u00d3N<br \/>\nGENERAL BSM<\/span><\/b><\/div>\n<div>\n<b><span style=\"font-size: 14.0pt\">DE&nbsp;&nbsp;&nbsp; &nbsp;&nbsp;&nbsp;&nbsp;&nbsp; SECCI\u00d3N<br \/>\nSINDICAL CCOO_BSM<\/span><\/b><\/div>\n<div>\n<\/div>\n<div style=\"text-align: justify\">\n<div style=\"text-align: justify\">\nEsta secci\u00f3n sindical, solicita a la mayor brevedad<br \/>\nposible, una reuni\u00f3n con la Direcci\u00f3n General de BSM, m\u00e1s en concreto con el<br \/>\nSr. Ignasi Armengol, Director General, y la Sra. Anna Xicoy, Subdirectora<br \/>\nGeneral de Operaciones, para tratar temas relativos a la salud y seguridad de<br \/>\nlos trabajadores\/as de la unidad operativa de estacionamiento regulado (UOER),<br \/>\ndebido a la problem\u00e1tica que padecemos como consecuencia de realizar nuestra actividad<br \/>\nlaboral.<\/div>\n<\/div>\n<div style=\"text-align: justify\">\n<div style=\"text-align: justify\">\n<\/div>\n<\/div>\n<div style=\"text-align: justify\">\n<div style=\"text-align: justify\">\nDesde siempre, los trabajadores\/as de la UOER, venimos<br \/>\nsufriendo&nbsp; agresiones o intentos de<br \/>\nellas, amenazas, injurias, calumnias, etc\u2026 como consecuencia de nuestro<br \/>\ntrabajo. Debido al malestar general en la sociedad, generado por unos niveles<br \/>\nde paro alarmantes, recortes de servicios y la crisis econ\u00f3mica en general, est\u00e1<br \/>\naumentando d\u00eda a d\u00eda, el nivel de crispaci\u00f3n de la ciudadan\u00eda hacia nosotros\/as,<br \/>\nllegando a los extremos de dar una paliza a un compa\u00f1ero, por el \u00fanico hecho de<br \/>\nhaber realizado correctamente su trabajo.<\/div>\n<\/div>\n<div style=\"text-align: justify\">\n<div style=\"text-align: justify\">\n<\/div>\n<\/div>\n<div style=\"text-align: justify\">\n<div style=\"text-align: justify\">\nUnido todo lo anterior&nbsp;<br \/>\na que la unidad est\u00e1 modificando directrices de trabajo como por ejemplo<br \/>\nlos m\u00e1rgenes de denuncia, que son m\u00e1s peque\u00f1os, los criterios ahora m\u00e1s<br \/>\nestrictos de retirada con la gr\u00faa y la actuaci\u00f3n de oficio en las reservas de<br \/>\nminusv\u00e1lido, hace que el colectivo se vea a si mismo como dianas humanas.<\/div>\n<\/div>\n<div style=\"text-align: justify\">\n<div style=\"text-align: justify\">\n<\/div>\n<\/div>\n<div style=\"text-align: justify\">\n<div style=\"text-align: justify\">\nTodo esto, est\u00e1 creando un clima de malestar entre la<br \/>\nplantilla, la cual no se siente suficientemente protegida ni arropada, por los<br \/>\nque deben velar por su seguridad y protecci\u00f3n, la empresa.<\/div>\n<\/div>\n<div style=\"text-align: justify\">\n<div style=\"text-align: justify\">\n<\/div>\n<\/div>\n<div style=\"text-align: justify\">\n<div style=\"text-align: justify\">\nLa UOER y el Servicio de&nbsp;<br \/>\nPrevenci\u00f3n&nbsp; hasta ahora no han sido<br \/>\ncapaces de dar soluci\u00f3n a un tema tan grave como la seguridad de los vigilantes<br \/>\nen la calle ante las agresiones.<\/div>\n<\/div>\n<div style=\"text-align: justify\">\n<div style=\"text-align: justify\">\n<\/div>\n<\/div>\n<div style=\"text-align: justify\">\n<div style=\"text-align: justify\">\nNo queremos dejar de mencionar el papel jugado por nuestra<br \/>\nmutua, que en esta \u00faltima agresi\u00f3n, rebasa los l\u00edmites a los que nos tienen<br \/>\nacostumbrados en lo referente al trato y a la insuficiencia de sus atenciones<br \/>\nllegando casi al esperpento.<\/div>\n<\/div>\n<div style=\"text-align: justify\">\n<div style=\"text-align: justify\">\n<\/div>\n<\/div>\n<div style=\"text-align: justify\">\n<div style=\"text-align: justify\">\nPor&nbsp; todo ello&nbsp; esta secci\u00f3n sindical se ve en la&nbsp; obligaci\u00f3n de solicitarles una reuni\u00f3n, donde<br \/>\nde una vez por todas podamos tratar de realizar un plan de seguridad serio y en<br \/>\ncondiciones, para que todos los trabajadores\/as de estacionamiento regulado<br \/>\npodamos desarrollar nuestro trabajo, de la forma m\u00e1s profesional y con las<br \/>\nmejores condiciones posibles.<\/div>\n<\/div>\n<div style=\"text-align: justify\">\n<div style=\"text-align: justify\">\n<\/div>\n<\/div>\n<div style=\"text-align: justify\">\n<div style=\"text-align: justify\">\nEsperando sea bien atendida esta petici\u00f3n de reuni\u00f3n con la<br \/>\nrepresentaci\u00f3n social, a fin y efectos de paliar esta grave problem\u00e1tica.<\/div>\n<\/div>\n<div style=\"text-align: justify\">\n<div style=\"text-align: justify\">\n<\/div>\n<\/div>\n<div style=\"text-align: justify\">\n<div style=\"text-align: justify\">\n<\/div>\n<\/div>\n<div align=\"right\" style=\"text-align: right\">\nLes<br \/>\nsaluda atentamente<\/div>\n<div align=\"right\" style=\"text-align: right\">\n<\/div>\n<div align=\"right\" style=\"text-align: right\">\nSecci\u00f3n<br \/>\nSindical CCOO_BSM<\/div>\n<div style=\"text-align: justify\">\n<\/div>\n","protected":false},"excerpt":{"rendered":"<p>Reproducimos&nbsp;\u00edntegramente&nbsp;la carta&nbsp;enviada&nbsp;a la Direcci\u00f3n General de BSM A\/A&nbsp;&nbsp; &nbsp;&nbsp;&nbsp;&nbsp;&nbsp; DIRECCI\u00d3N GENERAL BSM DE&nbsp;&nbsp;&nbsp; &nbsp;&nbsp;&nbsp;&nbsp;&nbsp; SECCI\u00d3N SINDICAL CCOO_BSM Esta secci\u00f3n sindical, solicita a la mayor brevedad posible, una reuni\u00f3n con la &#8230; <a title=\"Carta abierta a Direcci\u00f3n General de BSM\" class=\"read-more\" href=\"https:\/\/ccoo.app\/barcelona-serveis-municipals\/carta-abierta-a-direccion-general-de-bsm\/\" aria-label=\"M\u00e9s informaci\u00f3 sobre Carta abierta a Direcci\u00f3n General de BSM\">Read more<\/a><\/p>\n","protected":false},"author":4519,"featured_media":0,"comment_status":"closed","ping_status":"closed","sticky":false,"template":"","format":"standard","meta":{"footnotes":""},"categories":[1],"tags":[],"class_list":["post-3031","post","type-post","status-publish","format-standard","hentry","category-sin-categoria","generate-columns","tablet-grid-50","mobile-grid-100","grid-parent","grid-33"],"_links":{"self":[{"href":"https:\/\/ccoo.app\/barcelona-serveis-municipals\/wp-json\/wp\/v2\/posts\/3031","targetHints":{"allow":["GET"]}}],"collection":[{"href":"https:\/\/ccoo.app\/barcelona-serveis-municipals\/wp-json\/wp\/v2\/posts"}],"about":[{"href":"https:\/\/ccoo.app\/barcelona-serveis-municipals\/wp-json\/wp\/v2\/types\/post"}],"author":[{"embeddable":true,"href":"https:\/\/ccoo.app\/barcelona-serveis-municipals\/wp-json\/wp\/v2\/users\/4519"}],"replies":[{"embeddable":true,"href":"https:\/\/ccoo.app\/barcelona-serveis-municipals\/wp-json\/wp\/v2\/comments?post=3031"}],"version-history":[{"count":0,"href":"https:\/\/ccoo.app\/barcelona-serveis-municipals\/wp-json\/wp\/v2\/posts\/3031\/revisions"}],"wp:attachment":[{"href":"https:\/\/ccoo.app\/barcelona-serveis-municipals\/wp-json\/wp\/v2\/media?parent=3031"}],"wp:term":[{"taxonomy":"category","embeddable":true,"href":"https:\/\/ccoo.app\/barcelona-serveis-municipals\/wp-json\/wp\/v2\/categories?post=3031"},{"taxonomy":"post_tag","embeddable":true,"href":"https:\/\/ccoo.app\/barcelona-serveis-municipals\/wp-json\/wp\/v2\/tags?post=3031"}],"curies":[{"name":"wp","href":"https:\/\/api.w.org\/{rel}","templated":true}]}}