{"id":3030,"date":"2013-05-08T08:25:00","date_gmt":"2013-05-08T06:25:00","guid":{"rendered":"https:\/\/ccoo.app\/barcelona-serveis-municipals\/exigimos-seguridad-ya\/"},"modified":"2013-05-08T08:25:00","modified_gmt":"2013-05-08T06:25:00","slug":"exigimos-seguridad-ya","status":"publish","type":"post","link":"https:\/\/ccoo.app\/barcelona-serveis-municipals\/exigimos-seguridad-ya\/","title":{"rendered":"EXIGIMOS SEGURIDAD YA!!!"},"content":{"rendered":"<p><\/p>\n<div style=\"text-align: justify\">\n<div style=\"text-align: justify\">\nHace un par de<br \/>\nsemanas, un compa\u00f1ero de AREA, sufri\u00f3 una <b>brutal<br \/>\nagresi\u00f3n<\/b> por parte de un ciudadano, m\u00e1s que una agresi\u00f3n, podemos<br \/>\ncalificarlo de <b>paliza<\/b>.<\/div>\n<\/div>\n<div style=\"text-align: justify\">\n<\/div>\n<div style=\"clear: both;text-align: center\">\n<a href=\"http:\/\/4.bp.blogspot.com\/-hbuOSYiW6ws\/UYUGroR6gXI\/AAAAAAAABkY\/CLVHu-cJfms\/s1600\/stop+agresiones.jpg\" style=\"clear: left;float: left;margin-bottom: 1em;margin-right: 1em\"><img decoding=\"async\" border=\"0\" src=\"http:\/\/4.bp.blogspot.com\/-hbuOSYiW6ws\/UYUGroR6gXI\/AAAAAAAABkY\/CLVHu-cJfms\/s1600\/stop+agresiones.jpg\" \/><\/a><\/div>\n<div style=\"text-align: justify\">\n<div style=\"text-align: justify\">\nLa agresi\u00f3n se<br \/>\nprodujo como consecuencia, de haber realizado una denuncia al supuesto veh\u00edculo<br \/>\ndel agresor, el cual despu\u00e9s de solicitarle de malos modos la anulaci\u00f3n de la<br \/>\ndenuncia y sin mediar palabra m\u00e1s alguna, le propin\u00f3 un <b>brutal pu\u00f1etazo<\/b>, que hizo caer al suelo a nuestro compa\u00f1ero. No<br \/>\nsatisfecho con eso, <b>continuo<br \/>\npropin\u00e1ndole patadas<\/b>, hasta que nuestro compa\u00f1ero, pudo agarrarse a \u00e9l y<br \/>\nevitar de cierto modo, que continuara d\u00e1ndole golpes. Toda esta secuencia dur\u00f3<br \/>\nentre 5 y 10 minutos de agon\u00eda, hasta que una patrulla de los mossos y una<br \/>\nambulancia llegaron al lugar.<\/div>\n<\/div>\n<div style=\"text-align: justify\">\n<div style=\"text-align: justify\">\n<\/div>\n<\/div>\n<div style=\"text-align: justify\">\n<div style=\"text-align: justify\">\nGracias a la<br \/>\ncolaboraci\u00f3n de una testigo, y de una vecina que avis\u00f3 a la polic\u00eda, hoy no nos<br \/>\ntenemos que lamentar de un suceso dram\u00e1tico.<\/div>\n<\/div>\n<div style=\"text-align: justify\">\n<\/div>\n<div style=\"text-align: justify\">\n<div style=\"text-align: justify\">\nMenci\u00f3n aparte<br \/>\nmerece como siempre el trato en la <b>mutua<\/b>,<br \/>\ny m\u00e1s en concreto del famoso m\u00e9dico que muchos por desgracia ya conoc\u00e9is, pero<br \/>\nno nos olvidemos que la mutua de la que disponemos y los protocolos en caso de<br \/>\nagresi\u00f3n son consensuados entre estos y nuestra empresa.<\/div>\n<\/div>\n<div style=\"text-align: justify\">\n<div style=\"text-align: justify\">\n<\/div>\n<\/div>\n<div style=\"text-align: justify\">\n<div style=\"text-align: justify\">\nLos canales y <b>medidas de seguridad<\/b> que nos ofrece<br \/>\nnuestra empresa, una vez m\u00e1s se demuestran <b>inoperantes<\/b>,<br \/>\nya que al primer golpe del agresor, el canal de emergencias (walkie-talkie), <b>sali\u00f3 volando<\/b> y al no ir acompa\u00f1ado por<br \/>\notro vigilante, <b>no pod\u00eda dar la<br \/>\nemergencia<\/b>.<\/div>\n<\/div>\n<div style=\"text-align: justify\">\n<\/div>\n<div style=\"clear: both;text-align: center\">\n<a href=\"http:\/\/4.bp.blogspot.com\/-SyqSeuVM2rc\/UPVOLafk30I\/AAAAAAAABbI\/gpidX38Lw1k\/s1600\/exigimos+seguridad.jpg\" style=\"clear: right;float: right;margin-bottom: 1em;margin-left: 1em\"><img decoding=\"async\" border=\"0\" src=\"http:\/\/4.bp.blogspot.com\/-SyqSeuVM2rc\/UPVOLafk30I\/AAAAAAAABbI\/gpidX38Lw1k\/s1600\/exigimos+seguridad.jpg\" \/><\/a><\/div>\n<div style=\"text-align: justify\">\n<div style=\"text-align: justify\">\nPues bien, los<br \/>\ntrabajadores\/as ya hemos llegado al l\u00edmite de nuestro <b>aguante<\/b>, ya que solo estamos <b>exigiendo<br \/>\nseguridad<\/b> para realizar nuestro trabajo, y si esta empresa no nos la<br \/>\nofrece, tened claro que somos nosotros los que debemos<b> priorizar nuestra seguridad <\/b>a nuestro trabajo.<\/div>\n<\/div>\n<div style=\"text-align: justify\">\n<div style=\"text-align: justify\">\n<\/div>\n<\/div>\n<div style=\"text-align: justify\">\n<div style=\"text-align: justify\">\nMientras no<br \/>\nhaya medidas verdaderamente preventivas como <b>ir en pareja<\/b>, y muchas m\u00e1s, desde esta secci\u00f3n sindical os<br \/>\nrecomendamos que antes de imponer una sanci\u00f3n, o una vez impuesta, si veis en <b>peligro vuestra integridad<\/b>, proced\u00e1is<br \/>\nsin ninguna duda a la <b>ANULACI\u00d3N<\/b>&nbsp; de la denuncia, y si alguien en la l\u00ednea de<br \/>\nmando, en la unidad, o en la Direcci\u00f3n de la empresa, os llaman al orden, o<br \/>\namedrantan, ponerlo en nuestro conocimiento.<\/div>\n<\/div>\n<div style=\"text-align: justify\">\n<div style=\"text-align: justify\">\n<\/div>\n<\/div>\n<div style=\"text-align: justify\">\n<div style=\"text-align: justify\">\nQueremos<br \/>\nrecordar a la Direcci\u00f3n de la empresa, a la Direcci\u00f3n de la unidad y al<br \/>\nservicio de prevenci\u00f3n, que no solamente somos n\u00fameros, <b>somos PERSONAS<\/b>, y que est\u00e1n obligados a velar por nuestra<br \/>\nseguridad, incluso con consecuencias <b>penales<\/b>,<br \/>\nen caso de que no tomen las medidas preventivas adecuadas.<\/div>\n<\/div>\n<div style=\"text-align: justify\">\n<\/div>\n<div style=\"text-align: justify\">\n<div style=\"text-align: justify\">\nEstamos<br \/>\ncansados y hartos de poner la cara en nuestro trabajo, para que algunos sigan<br \/>\nllen\u00e1ndose los bolsillos, a costa de sufrir nosotros\/as las agresiones.<\/div>\n<\/div>\n<div style=\"clear: both;text-align: center\">\n<a href=\"http:\/\/2.bp.blogspot.com\/-a8W_ALa6VAM\/UYUFU7WeDkI\/AAAAAAAABkM\/qzLpyvplNWo\/s1600\/A+la+feina+Cap+Risc.gif\" style=\"clear: left;float: left;margin-bottom: 1em;margin-right: 1em\"><img loading=\"lazy\" decoding=\"async\" border=\"0\" height=\"107\" src=\"http:\/\/2.bp.blogspot.com\/-a8W_ALa6VAM\/UYUFU7WeDkI\/AAAAAAAABkM\/qzLpyvplNWo\/s320\/A+la+feina+Cap+Risc.gif\" width=\"320\" \/><\/a><\/div>\n<div style=\"text-align: justify\">\n<\/div>\n<div style=\"text-align: justify\">\n<!--[if gte vml 1]&gt;--><\/p>\n<p><!--[if !vml]--><!--[endif]--><\/div>\n","protected":false},"excerpt":{"rendered":"<p>Hace un par de semanas, un compa\u00f1ero de AREA, sufri\u00f3 una brutal agresi\u00f3n por parte de un ciudadano, m\u00e1s que una agresi\u00f3n, podemos calificarlo de paliza. La agresi\u00f3n se produjo &#8230; <a title=\"EXIGIMOS SEGURIDAD YA!!!\" class=\"read-more\" href=\"https:\/\/ccoo.app\/barcelona-serveis-municipals\/exigimos-seguridad-ya\/\" aria-label=\"M\u00e9s informaci\u00f3 sobre EXIGIMOS SEGURIDAD YA!!!\">Read more<\/a><\/p>\n","protected":false},"author":4519,"featured_media":0,"comment_status":"closed","ping_status":"closed","sticky":false,"template":"","format":"standard","meta":{"footnotes":""},"categories":[1],"tags":[],"class_list":["post-3030","post","type-post","status-publish","format-standard","hentry","category-sin-categoria","generate-columns","tablet-grid-50","mobile-grid-100","grid-parent","grid-33"],"_links":{"self":[{"href":"https:\/\/ccoo.app\/barcelona-serveis-municipals\/wp-json\/wp\/v2\/posts\/3030","targetHints":{"allow":["GET"]}}],"collection":[{"href":"https:\/\/ccoo.app\/barcelona-serveis-municipals\/wp-json\/wp\/v2\/posts"}],"about":[{"href":"https:\/\/ccoo.app\/barcelona-serveis-municipals\/wp-json\/wp\/v2\/types\/post"}],"author":[{"embeddable":true,"href":"https:\/\/ccoo.app\/barcelona-serveis-municipals\/wp-json\/wp\/v2\/users\/4519"}],"replies":[{"embeddable":true,"href":"https:\/\/ccoo.app\/barcelona-serveis-municipals\/wp-json\/wp\/v2\/comments?post=3030"}],"version-history":[{"count":0,"href":"https:\/\/ccoo.app\/barcelona-serveis-municipals\/wp-json\/wp\/v2\/posts\/3030\/revisions"}],"wp:attachment":[{"href":"https:\/\/ccoo.app\/barcelona-serveis-municipals\/wp-json\/wp\/v2\/media?parent=3030"}],"wp:term":[{"taxonomy":"category","embeddable":true,"href":"https:\/\/ccoo.app\/barcelona-serveis-municipals\/wp-json\/wp\/v2\/categories?post=3030"},{"taxonomy":"post_tag","embeddable":true,"href":"https:\/\/ccoo.app\/barcelona-serveis-municipals\/wp-json\/wp\/v2\/tags?post=3030"}],"curies":[{"name":"wp","href":"https:\/\/api.w.org\/{rel}","templated":true}]}}