{"id":3029,"date":"2013-05-14T16:28:00","date_gmt":"2013-05-14T14:28:00","guid":{"rendered":"https:\/\/ccoo.app\/barcelona-serveis-municipals\/despido-oscar-rodriguez\/"},"modified":"2013-05-14T16:28:00","modified_gmt":"2013-05-14T14:28:00","slug":"despido-oscar-rodriguez","status":"publish","type":"post","link":"https:\/\/ccoo.app\/barcelona-serveis-municipals\/despido-oscar-rodriguez\/","title":{"rendered":"Despido Oscar Rodriguez"},"content":{"rendered":"<p><\/p>\n<div style=\"text-align: justify\">\nEl pasado<br \/>\nlunes 6 de mayo, a la finalizaci\u00f3n de su jornada, la Direcci\u00f3n de BSM, procedi\u00f3<br \/>\na despedir a nuestro compa\u00f1ero y <b>exdelegado<br \/>\nsindical de CCOO<\/b>, Oscar Rodr\u00edguez, el cual desempe\u00f1aba las funciones de<br \/>\nOficial de Instalaciones en el Palau Sant Jordi.<\/div>\n<div style=\"text-align: justify\">\n<\/div>\n<div style=\"text-align: justify\">\nLos hechos que<br \/>\nle imputan a nuestro compa\u00f1ero se remontan 1 mes y medio atr\u00e1s, y no son otros<br \/>\nque tener una <b>conversaci\u00f3n<\/b><br \/>\ninapropiada, en un <b>contexto determinado<\/b>,<br \/>\ny con ninguna mala intenci\u00f3n, sobre una tercera persona, que tambi\u00e9n trabaja en<br \/>\nlas instalaciones del Palau Sant Jordi, y la cu\u00e1l acaba siendo informada. En <b>ning\u00fan momento<\/b>, los comentarios de los<br \/>\ncu\u00e1les le acusan se hacen delante de la persona afectada.<\/div>\n<div style=\"text-align: justify\">\n<\/div>\n<div style=\"text-align: justify\">\nNuestro<br \/>\ncompa\u00f1ero, en cu\u00e1nto tiene conocimiento de que su participaci\u00f3n en la conversaci\u00f3n<br \/>\ncon otro compa\u00f1ero, ha llegado a la trabajadora en cuesti\u00f3n, <b>le manifest\u00f3 su pesar<\/b> por la situaci\u00f3n<br \/>\ncreada y se disculp\u00f3, <b>sin conocer en<br \/>\nning\u00fan momento la exactitud <\/b>de los comentarios que le hab\u00edan hecho llegar.<\/div>\n<div style=\"text-align: justify\">\n<\/div>\n<div style=\"text-align: justify\">\nTodos los<br \/>\ntrabajadores\/as somos conocedores de comentarios, bromas, y palabras<br \/>\ninapropiadas sobre terceras personas que trabajan en nuestra empresa, en el<br \/>\n\u00e1mbito de nuestro <b>vestuario, o nuestro<br \/>\ncentro de trabajo,<\/b> y aun entendiendo que dichas conductas deben ser<br \/>\nextinguidas, lo que nunca vamos a compartir es que se utilicen como mecanismo<br \/>\npara fomentar despidos, entendemos que <b>el<br \/>\ndespido no es la v\u00eda adecuada para corregir esas conductas<\/b>.<\/div>\n<div style=\"text-align: justify\">\n<\/div>\n<div style=\"text-align: justify\">\nDesconocemos<br \/>\nsi detr\u00e1s de este despido, hay alguna <b>venganza<\/b>,<br \/>\no lo que es peor, un <b>castigo por haber<br \/>\nejercido de representante de los trabajadores\/as por CCOO<\/b>, pero lo que s\u00ed<br \/>\nque conocemos es que en <b>14 a\u00f1os<\/b><br \/>\nnuestro compa\u00f1ero no ha tenido <b>ning\u00fan<br \/>\nexpediente<\/b>, es m\u00e1s, en los \u00faltimos meses sus superiores inmediatos le<br \/>\nhab\u00edan confiado tareas de nivel superior, m\u00e1s en concreto de encargado de<br \/>\ninstalaciones.<\/div>\n<div style=\"text-align: justify\">\n<\/div>\n<div style=\"text-align: justify\">\nSi la<br \/>\nDirecci\u00f3n de BSM quiere acabar con los comentarios inapropiados sobre terceras<br \/>\npersonas que no est\u00e1n presentes, pero que luego se enteran, por la v\u00eda del <b>\u201c<i>fusil\u201d<\/i><\/b>,<br \/>\nrecomendamos que empiecen por las conductas habituales de <b>algunos jefes y directivos<\/b> que ofenden, humillan y desprecian a los<br \/>\ntrabajadores\/as que tienen a su cargo, y que sin ninguna duda tambi\u00e9n hacen<br \/>\ncomentarios inapropiados entre ellos sobre terceras personas. <b>De todos es<br \/>\nsabido que se predica con el ejemplo<\/b>.<b><span style=\"color: red\"> <\/span><\/b>Es evidente que la elecci\u00f3n de m\u00e9todo para acabar<br \/>\ncon la pr\u00e1ctica de intercambiar comentarios descorteses sobre compa\u00f1eros ha<br \/>\nsido del todo <b>inapropiada, ineficaz<\/b><br \/>\ny lejos de reparar un da\u00f1o ha causado otro mayor: <b>dejar a un compa\u00f1ero sin trabajo<\/b> en un entorno de crisis econ\u00f3mica.<b><\/b><\/div>\n<div style=\"text-align: justify\">\n<\/div>\n<div style=\"text-align: justify\">\nDeseamos y<br \/>\nconfiamos en que esta Direcci\u00f3n de BSM <b>recapacite<br \/>\ny entre en raz\u00f3n<\/b>. Que f\u00e1cil tienen algunos\/as con poder de decisi\u00f3n, dejar<br \/>\na un padre de familia con alquiler y manutenci\u00f3n en la calle, por algo que lo<br \/>\n\u00fanico que requiere es una <b>reprobaci\u00f3n y<br \/>\nnunca un despido. <\/b><\/div>\n<div style=\"text-align: justify\">\n<\/div>\n<div style=\"text-align: justify\">\n<b>Ojal\u00e1 todos los trabajadores\/as,<\/b> <b>fu\u00e9ramos tratados igual ante los<br \/>\nexpedientes<\/b> <b>y sanciones.<\/b><\/div>\n<p><\/p>\n<div style=\"text-align: justify\">\n<\/div>\n","protected":false},"excerpt":{"rendered":"<p>El pasado lunes 6 de mayo, a la finalizaci\u00f3n de su jornada, la Direcci\u00f3n de BSM, procedi\u00f3 a despedir a nuestro compa\u00f1ero y exdelegado sindical de CCOO, Oscar Rodr\u00edguez, el &#8230; <a title=\"Despido Oscar Rodriguez\" class=\"read-more\" href=\"https:\/\/ccoo.app\/barcelona-serveis-municipals\/despido-oscar-rodriguez\/\" aria-label=\"M\u00e9s informaci\u00f3 sobre Despido Oscar Rodriguez\">Read more<\/a><\/p>\n","protected":false},"author":4519,"featured_media":0,"comment_status":"closed","ping_status":"closed","sticky":false,"template":"","format":"standard","meta":{"footnotes":""},"categories":[1],"tags":[],"class_list":["post-3029","post","type-post","status-publish","format-standard","hentry","category-sin-categoria","generate-columns","tablet-grid-50","mobile-grid-100","grid-parent","grid-33"],"_links":{"self":[{"href":"https:\/\/ccoo.app\/barcelona-serveis-municipals\/wp-json\/wp\/v2\/posts\/3029","targetHints":{"allow":["GET"]}}],"collection":[{"href":"https:\/\/ccoo.app\/barcelona-serveis-municipals\/wp-json\/wp\/v2\/posts"}],"about":[{"href":"https:\/\/ccoo.app\/barcelona-serveis-municipals\/wp-json\/wp\/v2\/types\/post"}],"author":[{"embeddable":true,"href":"https:\/\/ccoo.app\/barcelona-serveis-municipals\/wp-json\/wp\/v2\/users\/4519"}],"replies":[{"embeddable":true,"href":"https:\/\/ccoo.app\/barcelona-serveis-municipals\/wp-json\/wp\/v2\/comments?post=3029"}],"version-history":[{"count":0,"href":"https:\/\/ccoo.app\/barcelona-serveis-municipals\/wp-json\/wp\/v2\/posts\/3029\/revisions"}],"wp:attachment":[{"href":"https:\/\/ccoo.app\/barcelona-serveis-municipals\/wp-json\/wp\/v2\/media?parent=3029"}],"wp:term":[{"taxonomy":"category","embeddable":true,"href":"https:\/\/ccoo.app\/barcelona-serveis-municipals\/wp-json\/wp\/v2\/categories?post=3029"},{"taxonomy":"post_tag","embeddable":true,"href":"https:\/\/ccoo.app\/barcelona-serveis-municipals\/wp-json\/wp\/v2\/tags?post=3029"}],"curies":[{"name":"wp","href":"https:\/\/api.w.org\/{rel}","templated":true}]}}