{"id":3027,"date":"2013-05-24T13:16:00","date_gmt":"2013-05-24T11:16:00","guid":{"rendered":"https:\/\/ccoo.app\/barcelona-serveis-municipals\/elecciones-plan-de-pensiones-2013-en-bsm\/"},"modified":"2013-05-24T13:16:00","modified_gmt":"2013-05-24T11:16:00","slug":"elecciones-plan-de-pensiones-2013-en-bsm","status":"publish","type":"post","link":"https:\/\/ccoo.app\/barcelona-serveis-municipals\/elecciones-plan-de-pensiones-2013-en-bsm\/","title":{"rendered":"ELECCIONES PLAN DE PENSIONES 2013 EN BSM"},"content":{"rendered":"<div style=\"text-align: justify\">\n<\/p>\n<div style=\"clear: both;text-align: center\">\n<object><\/object><\/div>\n<p><span style=\"font-family: inherit\">&nbsp;<\/span><br \/>\n<span style=\"font-family: inherit\">&nbsp; <\/span><\/p>\n<p><a href=\"http:\/\/3.bp.blogspot.com\/-cLg61yX4vZI\/UZ9Ll1ZxGUI\/AAAAAAAABlw\/SITAkKiEP1M\/s1600\/plan+pensiones.jpg\" style=\"clear: left;float: left;margin-bottom: 1em;margin-right: 1em\"><img loading=\"lazy\" decoding=\"async\" border=\"0\" height=\"132\" src=\"http:\/\/3.bp.blogspot.com\/-cLg61yX4vZI\/UZ9Ll1ZxGUI\/AAAAAAAABlw\/SITAkKiEP1M\/s200\/plan+pensiones.jpg\" width=\"200\" \/><\/a><span style=\"font-family: inherit\">El pr\u00f3ximo mi\u00e9rcoles d\u00eda <\/span><b style=\"font-family: inherit\">29\/05\/2013<\/b><span style=\"font-family: inherit\">&nbsp;se celebrar\u00e1n las elecciones, para la renovaci\u00f3n de los 5<br \/>\nmiembros de la representaci\u00f3n social, de <\/span>la <b>Comisi\u00f3n<\/b><b style=\"font-family: inherit\"> de Control del Plan de Pensiones de BSM,<\/b><span style=\"font-family: inherit\"><br \/>\nmediante sufragio universal con voto directo a los candidatos. Esta comisi\u00f3n es<br \/>\nla encargada de la ejecuci\u00f3n y supervisi\u00f3n del mismo y representa los intereses<br \/>\nde los participes, o sea todos los que aportamos dinero a este Plan ya sea a<br \/>\ntrav\u00e9s de imposiciones por parte del promotor (Empresa) o de forma individual.<\/span><\/div>\n<p><\/p>\n<div style=\"text-align: justify\">\n<span style=\"font-family: inherit\">El <\/span><b style=\"font-family: inherit\">Plan<br \/>\nde Pensiones BSM<\/b><span style=\"font-family: inherit\"> se crea en 1995 en la negociaci\u00f3n del convenio por una<br \/>\nreivindicaci\u00f3n de la parte social como una forma de salario diferido. Con el<br \/>\ncontrol por parte de BSM (antes SMASSA) del Zoo se unificaron los dos planes de<br \/>\npensiones formando dos subplanes, el subplan2 para personal del Zoo y el <\/span><b style=\"font-family: inherit\">subplan1<\/b><span style=\"font-family: inherit\"> para el resto de la empresa.<br \/>\nEn el <\/span><b style=\"font-family: inherit\">subplan1<\/b><span style=\"font-family: inherit\"> la aportaci\u00f3n del<br \/>\npromotor (empresa) es lineal (la misma cantidad para todos), en la del subplan2<br \/>\n(Zoo) las aportaciones del promotor son porcentuales seg\u00fan un escalado. Las<br \/>\naportaciones econ\u00f3micas al plan pueden ser voluntarias (si el trabajador as\u00ed lo<br \/>\ndesea) independientemente de la aportaci\u00f3n del promotor.<\/span><\/div>\n<div style=\"text-align: justify\">\n<\/div>\n<div style=\"text-align: justify\">\n<span style=\"font-family: inherit\">Para ser part\u00edcipe al plan tan solo se debe<br \/>\ncumplimentar el bolet\u00edn de adhesi\u00f3n y estar en contrato indefinido. Indicando<br \/>\nen el mismo un m\u00ednimo de tres beneficiarios por orden de preferencia. Todo<br \/>\npart\u00edcipe debe constar en el censo para poder ejercer su derecho al voto as\u00ed<br \/>\ncomo presentar candidatura si lo desea. Tambi\u00e9n pueden ejercer el mismo derecho<br \/>\nlos beneficiarios en el momento de que falte el part\u00edcipe.<\/span><\/div>\n<div style=\"text-align: justify\">\n<\/div>\n<div style=\"text-align: justify\">\n<span style=\"font-family: inherit\">El plan de Pensiones BSM lo gestiona el <b>BBVA<\/b> (entidad gestora) quien recoge las<br \/>\naportaciones voluntarias y del promotor controlando los gastos de gesti\u00f3n y<br \/>\ndividendos del Plan. El Plan BSM est\u00e1 adscrito a un fondo de inversi\u00f3n llamado <b>\u201cEmpleo5\u201d<\/b> siendo un 80% renta fija y un<br \/>\n20% renta variable. Trimestralmente la gestora BBVA hace llegar a los part\u00edcipes<br \/>\nla evoluci\u00f3n econ\u00f3mica del plan. Aunque tambi\u00e9n se puede consultar mediante las<br \/>\noficinas del BBVA y con la tarjeta facilitada al efecto en cajeros autom\u00e1ticos.<br \/>\nEl capital de este plan puede ser movilizado por los part\u00edcipes a otro plan o<br \/>\nser rescatado cuando llegue la edad de jubilaci\u00f3n, fallecimiento<br \/>\n(beneficiarios) y parados de larga duraci\u00f3n. Si se rescata en una sola cantidad<br \/>\nse tributar\u00e1 un 40% del mismo si no tambi\u00e9n se puede cobrar como una pensi\u00f3n<br \/>\ncomplementaria.&nbsp; <\/span><\/div>\n<div style=\"text-align: justify\">\n<\/div>\n<div style=\"text-align: justify\">\n<div style=\"clear: both;text-align: center\">\n<a href=\"http:\/\/2.bp.blogspot.com\/-nzYHAaazutQ\/UZ9KoaoJAeI\/AAAAAAAABlk\/jtH6-XElyjo\/s1600\/CARTELL+PENSIONS+2013+(2).jpg\" style=\"clear: right;float: right;margin-bottom: 1em;margin-left: 1em\"><img loading=\"lazy\" decoding=\"async\" border=\"0\" height=\"320\" src=\"http:\/\/2.bp.blogspot.com\/-nzYHAaazutQ\/UZ9KoaoJAeI\/AAAAAAAABlk\/jtH6-XElyjo\/s320\/CARTELL+PENSIONS+2013+(2).jpg\" width=\"228\" \/><\/a><\/div>\n<p><span style=\"font-family: inherit\">La novedad en estas elecciones es que los<br \/>\ncandidatos de <b>CCOO_BSM<\/b> se presentan<br \/>\nen una candidatura en solitario. Pedimos que opt\u00e9is por los 5 candidatos de <b>CCOO<\/b> porque consideramos que son las<br \/>\npersonas que mejor pueden gestionar nuestro dinero depositado en este Plan de<br \/>\nPensiones ya que adem\u00e1s contamos con el mejor asesoramiento t\u00e9cnico<br \/>\nespecializado avalado por nuestro sindicato.<\/span><\/div>\n<div style=\"margin-left: 18.7pt;text-align: center;text-indent: -18.7pt\">\n<b><span style=\"font-family: inherit\"><br \/><\/span><\/b><br \/>\n<b><span style=\"font-family: inherit\">&nbsp;<\/span><\/b><b style=\"text-indent: -18.7pt\"><span style=\"font-family: inherit\">&nbsp;<\/span><\/b><\/div>\n<div style=\"margin-left: 18.7pt;text-align: center;text-indent: -18.7pt\">\n<b><u><span style=\"font-family: inherit\">C\u00d3MO Y DONDE SE VOTA<\/span><\/u><\/b><\/div>\n<div style=\"text-align: justify\">\n<\/div>\n<div style=\"text-align: justify\">\n<span style=\"font-family: inherit\">En lo referente al <b>subplan-1<\/b>, que es el que nos interesa a los trabajadores de <b>BSM<\/b>, se eligen a 5 candidatos. Habr\u00e1<br \/>\nuna \u00fanica papeleta con todos los candidatos avalados por cada expresi\u00f3n<br \/>\nsindical o coalici\u00f3n y los trabajadores deber\u00e1n marcar un m\u00ednimo de 1 y un<br \/>\nm\u00e1ximo de 5. Pudiendo elegir candidatos de diferentes candidaturas. Desde <b>CCOO_BSM<\/b> te pedimos que marques a los 5<br \/>\nde nuestra candidatura. Existir\u00e1n 2 mesas para poder ejercer el derecho a votar<br \/>\ny ser\u00e1 dentro del horario laboral:<\/span><\/div>\n<div style=\"line-height: 12.0pt;margin-bottom: .0001pt;margin-bottom: 0cm;margin-left: 1.0cm;margin-right: 0cm;margin-top: 12.0pt;text-align: justify\">\n<span style=\"font-family: inherit\"><b><u>Mesa central<\/u><\/b>: estar\u00e1 en Oficinas<br \/>\ncentrales de <b>Gran V\u00eda Carles III<\/b><br \/>\ndesde las <b>10h a las 18h<\/b> y los<br \/>\nparticipes que podr\u00e1n votar ser\u00e1n los adscritos ese d\u00eda a los siguientes<br \/>\ncentros de trabajo: <\/span><\/div>\n<div style=\"margin-left: 1.0cm;text-align: justify;text-indent: 0cm\">\n<!--[if !supportLists]--><span style=\"font-family: inherit\">&#8211;&nbsp;&nbsp;<br \/>\n<!--[endif]-->Oficinas<br \/>\ncentrales de Gran V\u00eda<\/span><\/div>\n<div style=\"margin-left: 1.0cm;text-align: justify;text-indent: 0cm\">\n<!--[if !supportLists]--><span style=\"font-family: inherit\">&#8211;&nbsp;&nbsp;<br \/>\n<!--[endif]-->Centro<br \/>\nBase Vergos<\/span><\/div>\n<div style=\"margin-left: 1.0cm;text-align: justify;text-indent: 0cm\">\n<!--[if !supportLists]--><span style=\"font-family: inherit\">&#8211;&nbsp;&nbsp;<br \/>\n<!--[endif]-->Centro<br \/>\nBase de Pau Casals<\/span><\/div>\n<div style=\"margin-left: 1.0cm;text-align: justify;text-indent: 0cm\">\n<!--[if !supportLists]--><span style=\"font-family: inherit\">&#8211;&nbsp;&nbsp;<br \/>\n<!--[endif]-->Centro<br \/>\nBase de Bonanova<\/span><\/div>\n<div style=\"margin-left: 1.0cm;text-align: justify;text-indent: 0cm\">\n<!--[if !supportLists]--><span style=\"font-family: inherit\">&#8211;&nbsp;&nbsp;<br \/>\n<!--[endif]-->Centro<br \/>\nBase Rius<\/span><\/div>\n<div style=\"margin-left: 1.0cm;text-align: justify;text-indent: 0cm\">\n<!--[if !supportLists]--><span style=\"font-family: inherit\"><span lang=\"FR\">&#8211;&nbsp;&nbsp; <\/span><!--[endif]--><span lang=\"FR\">Sant Genis<\/span><\/span><\/div>\n<div style=\"margin-left: 1.0cm;text-align: justify;text-indent: 0cm\">\n<!--[if !supportLists]--><span style=\"font-family: inherit\">&#8211;&nbsp;&nbsp;<br \/>\n<!--[endif]-->Joan<br \/>\nMiro<\/span><\/div>\n<div style=\"margin-left: 1.0cm;text-align: justify;text-indent: 0cm\">\n<!--[if !supportLists]--><span style=\"font-family: inherit\">&#8211;&nbsp;&nbsp;<br \/>\n<!--[endif]-->Recaudaci\u00f3n<\/span><\/div>\n<div style=\"margin-left: 1.0cm;text-align: justify;text-indent: 0cm\">\n<!--[if !supportLists]--><span style=\"font-family: inherit\">&#8211;&nbsp;&nbsp;<br \/>\n<!--[endif]-->Mantenimiento<\/span><\/div>\n<div style=\"margin-left: 1.0cm;text-align: justify;text-indent: 0cm\">\n<!--[if !supportLists]--><span style=\"font-family: inherit\">&#8211;&nbsp;&nbsp;<br \/>\n<!--[endif]-->Pintura<br \/>\nAREA<\/span><\/div>\n<div style=\"margin-left: 1.0cm;text-align: justify;text-indent: 0cm\">\n<!--[if !supportLists]--><span style=\"font-family: inherit\">&#8211;&nbsp;&nbsp;<br \/>\n<!--[endif]-->BTM,<br \/>\nSant Jordi y Estadi<\/span><\/div>\n<div style=\"margin-left: 1.0cm;text-align: justify;text-indent: 0cm\">\n<!--[if !supportLists]--><span style=\"font-family: inherit\">&#8211;&nbsp;&nbsp;<br \/>\n<!--[endif]-->Parc<br \/>\nMontju\u00efc<\/span><\/div>\n<div style=\"text-align: justify\">\n<\/div>\n<div style=\"margin-left: 1.0cm;text-align: justify\">\n<span style=\"font-family: inherit\"><b><u>Mesa auxiliar:<\/u><\/b><b> <\/b>estar\u00e1 en las oficinas<br \/>\nde <b>Rosa Sensat<\/b> desde las <b>10h a las 17h<\/b> y los part\u00edcipes que<br \/>\npodr\u00e1n ejercer su derecho al voto ser\u00e1n los adscritos ese d\u00eda a los siguientes<br \/>\ncentros de trabajo:<\/span><\/div>\n<div style=\"margin-left: 1.0cm;text-align: justify\">\n<\/div>\n<div style=\"margin-left: 1.0cm;text-align: justify;text-indent: 0cm\">\n<!--[if !supportLists]--><span style=\"font-family: inherit\">&#8211;&nbsp;&nbsp;<br \/>\n<!--[endif]-->Estaci\u00f3<br \/>\ndel Nord<\/span><\/div>\n<div style=\"margin-left: 1.0cm;text-align: justify;text-indent: 0cm\">\n<!--[if !supportLists]--><span style=\"font-family: inherit\">&#8211;&nbsp;&nbsp;<br \/>\n<!--[endif]-->Unidad<br \/>\nde Aparcamientos<\/span><\/div>\n<div style=\"margin-left: 1.0cm;text-align: justify;text-indent: 0cm\">\n<!--[if !supportLists]--><span style=\"font-family: inherit\">&#8211;&nbsp;&nbsp;<br \/>\n<!--[endif]-->Oficinas<br \/>\nRosa Sensat<\/span><\/div>\n<div style=\"margin-left: 1.0cm;text-align: justify;text-indent: 0cm\">\n<!--[if !supportLists]--><span style=\"font-family: inherit\">&#8211;&nbsp;&nbsp;<br \/>\n<!--[endif]-->Tram<br \/>\nVI<\/span><\/div>\n<div style=\"margin-left: 1.0cm;text-align: justify;text-indent: 0cm\">\n<!--[if !supportLists]--><span style=\"font-family: inherit\">&#8211;&nbsp;&nbsp;<br \/>\n<!--[endif]-->CCM<\/span><\/div>\n<div style=\"margin-left: 1.0cm;text-align: justify;text-indent: 0cm\">\n<!--[if !supportLists]--><span style=\"font-family: inherit\">&#8211;&nbsp;&nbsp;<br \/>\n<!--[endif]-->Forum,<\/span><\/div>\n<div style=\"margin-left: 1.0cm;text-align: justify;text-indent: 0cm\">\n<!--[if !supportLists]--><span style=\"font-family: inherit\">&#8211;&nbsp;&nbsp;<br \/>\n<!--[endif]-->Oficina<br \/>\nArea Verde<\/span><\/div>\n<div style=\"margin-left: 1.0cm;text-align: justify;text-indent: 0cm\">\n<!--[if !supportLists]--><span style=\"font-family: inherit\">&#8211;&nbsp;&nbsp;<br \/>\n<!--[endif]-->Centro<br \/>\nBase Bac de Roda<\/span><\/div>\n<div style=\"margin-left: 1.0cm;text-align: justify;text-indent: 0cm\">\n<!--[if !supportLists]--><span style=\"font-family: inherit\">&#8211;&nbsp;&nbsp;<br \/>\n<!--[endif]-->Centro<br \/>\nBase Joaquim Ruyra<\/span><\/div>\n<div style=\"margin-left: 1.0cm;text-align: justify;text-indent: 0cm\">\n<!--[if !supportLists]--><span style=\"font-family: inherit\">&#8211;&nbsp;&nbsp;<br \/>\n<!--[endif]-->Centro<br \/>\nBase Pso. De Gracia<\/span><\/div>\n<div style=\"margin-left: 1.0cm;text-align: justify;text-indent: 0cm\">\n<!--[if !supportLists]--><span style=\"font-family: inherit\">&#8211;&nbsp;&nbsp;<br \/>\n<!--[endif]-->Centro<br \/>\nBase SAT<\/span><\/div>\n<div style=\"margin-left: 1.0cm;text-align: justify;text-indent: 0cm\">\n<!--[if !supportLists]--><span style=\"font-family: inherit\">&#8211;&nbsp;&nbsp;<br \/>\n<!--[endif]-->Abandonos.<\/span><\/div>\n<div style=\"text-align: justify\">\n<\/div>\n<div style=\"text-align: justify\">\n<span style=\"font-family: inherit\">Los trabajadores <b>part\u00edcipes<\/b> del plan <b>no<br \/>\nadscritos<\/b> a ninguna de las 2 mesas o que justifiquen que no pueden votar en<br \/>\nla asignada podr\u00e1n votar en la <b>mesa<br \/>\ncentral<\/b>.<\/span><\/div>\n<div style=\"text-align: justify\">\n<\/div>\n","protected":false},"excerpt":{"rendered":"<p>&nbsp; &nbsp; El pr\u00f3ximo mi\u00e9rcoles d\u00eda 29\/05\/2013&nbsp;se celebrar\u00e1n las elecciones, para la renovaci\u00f3n de los 5 miembros de la representaci\u00f3n social, de la Comisi\u00f3n de Control del Plan de Pensiones &#8230; <a title=\"ELECCIONES PLAN DE PENSIONES 2013 EN BSM\" class=\"read-more\" href=\"https:\/\/ccoo.app\/barcelona-serveis-municipals\/elecciones-plan-de-pensiones-2013-en-bsm\/\" aria-label=\"M\u00e9s informaci\u00f3 sobre ELECCIONES PLAN DE PENSIONES 2013 EN BSM\">Read more<\/a><\/p>\n","protected":false},"author":4519,"featured_media":0,"comment_status":"closed","ping_status":"closed","sticky":false,"template":"","format":"standard","meta":{"footnotes":""},"categories":[1],"tags":[],"class_list":["post-3027","post","type-post","status-publish","format-standard","hentry","category-sin-categoria","generate-columns","tablet-grid-50","mobile-grid-100","grid-parent","grid-33"],"_links":{"self":[{"href":"https:\/\/ccoo.app\/barcelona-serveis-municipals\/wp-json\/wp\/v2\/posts\/3027","targetHints":{"allow":["GET"]}}],"collection":[{"href":"https:\/\/ccoo.app\/barcelona-serveis-municipals\/wp-json\/wp\/v2\/posts"}],"about":[{"href":"https:\/\/ccoo.app\/barcelona-serveis-municipals\/wp-json\/wp\/v2\/types\/post"}],"author":[{"embeddable":true,"href":"https:\/\/ccoo.app\/barcelona-serveis-municipals\/wp-json\/wp\/v2\/users\/4519"}],"replies":[{"embeddable":true,"href":"https:\/\/ccoo.app\/barcelona-serveis-municipals\/wp-json\/wp\/v2\/comments?post=3027"}],"version-history":[{"count":0,"href":"https:\/\/ccoo.app\/barcelona-serveis-municipals\/wp-json\/wp\/v2\/posts\/3027\/revisions"}],"wp:attachment":[{"href":"https:\/\/ccoo.app\/barcelona-serveis-municipals\/wp-json\/wp\/v2\/media?parent=3027"}],"wp:term":[{"taxonomy":"category","embeddable":true,"href":"https:\/\/ccoo.app\/barcelona-serveis-municipals\/wp-json\/wp\/v2\/categories?post=3027"},{"taxonomy":"post_tag","embeddable":true,"href":"https:\/\/ccoo.app\/barcelona-serveis-municipals\/wp-json\/wp\/v2\/tags?post=3027"}],"curies":[{"name":"wp","href":"https:\/\/api.w.org\/{rel}","templated":true}]}}