{"id":3025,"date":"2013-06-04T14:33:00","date_gmt":"2013-06-04T12:33:00","guid":{"rendered":"https:\/\/ccoo.app\/barcelona-serveis-municipals\/reunion-comite-empresa-y-direccion-bsm\/"},"modified":"2013-06-04T14:33:00","modified_gmt":"2013-06-04T12:33:00","slug":"reunion-comite-empresa-y-direccion-bsm","status":"publish","type":"post","link":"https:\/\/ccoo.app\/barcelona-serveis-municipals\/reunion-comite-empresa-y-direccion-bsm\/","title":{"rendered":"Reuni\u00f3n Comit\u00e9 Empresa y Direcci\u00f3n BSM"},"content":{"rendered":"<p><!--[if !mso]&gt;--><\/p>\n<div style=\"text-align: justify\">\n<span>En el d\u00eda de hoy,<br \/>\nla representaci\u00f3n social est\u00e1bamos convocados a una reuni\u00f3n con la Direcci\u00f3n de<br \/>\nBSM, para tratar diversos asuntos, que os pasamos a detallar:<\/span><\/div>\n<div style=\"clear: both;text-align: center\">\n<a href=\"http:\/\/3.bp.blogspot.com\/-vQqPiWeIiZU\/Ua3dkgtxiLI\/AAAAAAAABmA\/8vZhZ7pgfns\/s1600\/Mantenimiento.jpg\" style=\"clear: right;float: right;margin-bottom: 1em;margin-left: 1em\"><img loading=\"lazy\" decoding=\"async\" border=\"0\" height=\"180\" src=\"http:\/\/3.bp.blogspot.com\/-vQqPiWeIiZU\/Ua3dkgtxiLI\/AAAAAAAABmA\/8vZhZ7pgfns\/s200\/Mantenimiento.jpg\" width=\"200\" \/><\/a><\/div>\n<ul type=\"disc\">\n<li style=\"text-align: justify\"><span>Plantean una <b>modificaci\u00f3n <\/b>de horarios a los <b>6 oficiales de mantenimiento<\/b>, que desarrollaban las funciones<br \/>\n     de <b>pintura<\/b>, as\u00ed como que todo<br \/>\n     el personal de mantenimiento realice todas las funciones incluyendo las de<br \/>\n     pintura. Desde la representaci\u00f3n social, solicitamos que no haya ninguna<br \/>\n     empresa subcontratada para realizar funciones de pintura, as\u00ed como<br \/>\n     manifestamos que informaremos a los afectados para poder dar una respuesta<br \/>\n     a la Direcci\u00f3n BSM sobre esta modificaci\u00f3n. Se realizar\u00e1n asambleas este<br \/>\n     viernes 7 a partir de las 13h en zona franca.<\/span><\/li>\n<\/ul>\n<ul type=\"disc\">\n<li style=\"text-align: justify\"><span>En cuanto a promociones, se nos<br \/>\n     informan de una nueva de <b>2 plazas<br \/>\n     de encargado de AREA<\/b>, <b>una fija<br \/>\n     y otra temporal<\/b>, que ser\u00e1n abiertas para <b>todo el personal de BSM<\/b>, con contrato indefinido y una<br \/>\n     antig\u00fcedad m\u00ednima de 3 a\u00f1os en la empresa. Desde la representaci\u00f3n social,<br \/>\n     manifestamos nuestro <b>desconcierto<\/b>,<br \/>\n     ya que en la \u00faltima ocasi\u00f3n han escogido encargado sin promoci\u00f3n, y cada<br \/>\n     vez menos personal se presenta a estas plazas, por lo que cabe una <b>reflexi\u00f3n<\/b> importante por la<br \/>\n     Direcci\u00f3n.<\/span><\/li>\n<\/ul>\n<ul type=\"disc\">\n<li style=\"text-align: justify\"><span>Sobre las promociones de <b>atenci\u00f3n al usuario para el parque G\u00fcell<\/b>,<br \/>\n     nos informan que el n\u00famero de plazas se aumentan de <b>21 a 29<\/b>, m\u00e1s otras 2 plazas con la misma categor\u00eda para<br \/>\n     gestionar la explanada de autobuses (actualmente gestionada por el<br \/>\n     departamento de AREA). Se nos comunica que la gesti\u00f3n del <b>acceso de los autobuses, ser\u00e1 con cita<br \/>\n     previa<\/b>,&nbsp; incluyendo entrada al parque y aparcamiento limitado a<br \/>\n     la hora que se hayan comprado las entradas. Desde la parte social<br \/>\n     manifestamos que en \u00e9poca de afluencia masiva, las personas que se<br \/>\n     dediquen a dicho control tendr\u00e1n <b>problemas<\/b><br \/>\n     a la hora de hacer salir a los autocares y solicitamos que se prevean<br \/>\n     dichos <b>conflictos<\/b>.<\/span><\/li>\n<\/ul>\n<div style=\"clear: both;text-align: center\">\n<a href=\"http:\/\/2.bp.blogspot.com\/-NK8iAnW9fxw\/UXVrOVCntaI\/AAAAAAAABgk\/UKHpZc98nSc\/s1600\/park+g%25C3%25BCell.jpeg\" style=\"clear: left;float: left;margin-bottom: 1em;margin-right: 1em\"><img decoding=\"async\" border=\"0\" src=\"http:\/\/2.bp.blogspot.com\/-NK8iAnW9fxw\/UXVrOVCntaI\/AAAAAAAABgk\/UKHpZc98nSc\/s1600\/park+g%25C3%25BCell.jpeg\" \/><\/a><\/div>\n<ul type=\"disc\">\n<li style=\"text-align: justify\"><span>En cuanto a los candidatos\/as para<br \/>\n     dichas plazas, se nos informa que la gran mayor\u00eda son actuales<br \/>\n     trabajadores\/as del <b>Tibidabo<\/b> y<br \/>\n     que se han presentado <b>40 personas<\/b><br \/>\n     que cumplen requisitos, para atenci\u00f3n al cliente y <b>10<\/b> para encargados. Las pruebas de idiomas comienzan esta<br \/>\n     misma semana.<\/span><\/li>\n<\/ul>\n<ul type=\"disc\">\n<li style=\"text-align: justify\"><span>En cuanto a la informaci\u00f3n sobre el<br \/>\n     art\u00edculo 64 del Estatuto de los Trabajadores, volvemos a manifestar <b>que no cumplen con lo legalmente<br \/>\n     previsto<\/b>, tanto en el tiempo como en el contenido. Se nos convoca a<br \/>\n     una reuni\u00f3n para la comisi\u00f3n de igualdad para septiembre de este a\u00f1o, ante<br \/>\n     requerimiento de Inspecci\u00f3n de Trabajo.<\/span><\/li>\n<\/ul>\n<div style=\"text-align: justify\">\n<span>Por parte de la<br \/>\nDirecci\u00f3n de BSM, <b>no nos aportan ninguna<br \/>\nnovedad en cuanto a la informaci\u00f3n<\/b>, y desde CCOO_BSM solicitamos las<br \/>\ncuentas, los balances y resultados, as\u00ed como la memoria del 2012, y realizamos<br \/>\nqueja sobre el comunicado en prensa que hizo el director general, sr. Ignasi<br \/>\nArmengol, dando datos econ\u00f3micos sobre el 2012 de todas las unidades y de la<br \/>\nempresa, sin ni siquiera coment\u00e1rselos a la representaci\u00f3n social. Se solicitan<br \/>\ntambi\u00e9n <b>explicaciones<\/b>, sobre los comentarios<br \/>\nen <b>gr\u00faas<\/b> sobre la mala situaci\u00f3n<br \/>\necon\u00f3mica.<\/span><\/div>\n<p><!--[if gte mso 9]&gt;--><\/p>\n<p>  Normal<br \/>\n  0<\/p>\n<p>  21<\/p>\n<p>  false<br \/>\n  false<br \/>\n  false<\/p>\n<p>  ES<br \/>\n  X-NONE<br \/>\n  X-NONE<\/p>\n<p><!--[if gte mso 9]&gt;--><\/p>\n<p><!--[if !mso]&gt;--><img decoding=\"async\" src=\"http:\/\/img2.blogblog.com\/img\/video_object.png\" style=\"background-color: #b2b2b2\" class=\"BLOGGER-object-element tr_noresize tr_placeholder\" id=\"ieooui\" data-original-id=\"ieooui\" \/><\/p>\n<p><!--[if gte mso 10]&gt;--><\/p>\n","protected":false},"excerpt":{"rendered":"<p>En el d\u00eda de hoy, la representaci\u00f3n social est\u00e1bamos convocados a una reuni\u00f3n con la Direcci\u00f3n de BSM, para tratar diversos asuntos, que os pasamos a detallar: Plantean una modificaci\u00f3n &#8230; <a title=\"Reuni\u00f3n Comit\u00e9 Empresa y Direcci\u00f3n BSM\" class=\"read-more\" href=\"https:\/\/ccoo.app\/barcelona-serveis-municipals\/reunion-comite-empresa-y-direccion-bsm\/\" aria-label=\"M\u00e9s informaci\u00f3 sobre Reuni\u00f3n Comit\u00e9 Empresa y Direcci\u00f3n BSM\">Read more<\/a><\/p>\n","protected":false},"author":4519,"featured_media":0,"comment_status":"closed","ping_status":"closed","sticky":false,"template":"","format":"standard","meta":{"footnotes":""},"categories":[1],"tags":[],"class_list":["post-3025","post","type-post","status-publish","format-standard","hentry","category-sin-categoria","generate-columns","tablet-grid-50","mobile-grid-100","grid-parent","grid-33"],"_links":{"self":[{"href":"https:\/\/ccoo.app\/barcelona-serveis-municipals\/wp-json\/wp\/v2\/posts\/3025","targetHints":{"allow":["GET"]}}],"collection":[{"href":"https:\/\/ccoo.app\/barcelona-serveis-municipals\/wp-json\/wp\/v2\/posts"}],"about":[{"href":"https:\/\/ccoo.app\/barcelona-serveis-municipals\/wp-json\/wp\/v2\/types\/post"}],"author":[{"embeddable":true,"href":"https:\/\/ccoo.app\/barcelona-serveis-municipals\/wp-json\/wp\/v2\/users\/4519"}],"replies":[{"embeddable":true,"href":"https:\/\/ccoo.app\/barcelona-serveis-municipals\/wp-json\/wp\/v2\/comments?post=3025"}],"version-history":[{"count":0,"href":"https:\/\/ccoo.app\/barcelona-serveis-municipals\/wp-json\/wp\/v2\/posts\/3025\/revisions"}],"wp:attachment":[{"href":"https:\/\/ccoo.app\/barcelona-serveis-municipals\/wp-json\/wp\/v2\/media?parent=3025"}],"wp:term":[{"taxonomy":"category","embeddable":true,"href":"https:\/\/ccoo.app\/barcelona-serveis-municipals\/wp-json\/wp\/v2\/categories?post=3025"},{"taxonomy":"post_tag","embeddable":true,"href":"https:\/\/ccoo.app\/barcelona-serveis-municipals\/wp-json\/wp\/v2\/tags?post=3025"}],"curies":[{"name":"wp","href":"https:\/\/api.w.org\/{rel}","templated":true}]}}