{"id":3024,"date":"2013-06-07T17:09:00","date_gmt":"2013-06-07T15:09:00","guid":{"rendered":"https:\/\/ccoo.app\/barcelona-serveis-municipals\/ciu-rescata-al-sector-privado-de-aparcamientos\/"},"modified":"2013-06-07T17:09:00","modified_gmt":"2013-06-07T15:09:00","slug":"ciu-rescata-al-sector-privado-de-aparcamientos","status":"publish","type":"post","link":"https:\/\/ccoo.app\/barcelona-serveis-municipals\/ciu-rescata-al-sector-privado-de-aparcamientos\/","title":{"rendered":"CiU rescata al sector privado de Aparcamientos"},"content":{"rendered":"<div>\n<div style=\"text-align: justify\">\nEn el d\u00eda de<br \/>\nhoy, la Direcci\u00f3n de BSM, ha citado con car\u00e1cter urgente y extraordinario a<br \/>\ntoda la representaci\u00f3n social, para informarnos de lo que pocas horas antes \u00e9ramos<br \/>\nconocedores, que no es otra cosa que el anuncio del alcalde de Barcelona,<br \/>\nXavier Trias y su grupo municipal de CiU, de la <b>creaci\u00f3n de una nueva sociedad privada-p\u00fablico<\/b>, que conllevar\u00e1 la <b>privatizaci\u00f3n<\/b> de determinados <b>aparcamientos<\/b> de titularidad <b>p\u00fablica<\/b> gestionados por BSM.<\/div>\n<div style=\"text-align: justify\">\n<\/div>\n<div style=\"clear: both;text-align: center\">\n<a href=\"http:\/\/2.bp.blogspot.com\/-E0d0RaYSwwo\/UbH3M2ycw1I\/AAAAAAAABnM\/MXvuSe8bkxQ\/s1600\/privado+p%C3%BAblico.jpeg\" style=\"clear: left;float: left;margin-bottom: 1em;margin-right: 1em\"><img loading=\"lazy\" decoding=\"async\" border=\"0\" height=\"91\" src=\"http:\/\/2.bp.blogspot.com\/-E0d0RaYSwwo\/UbH3M2ycw1I\/AAAAAAAABnM\/MXvuSe8bkxQ\/s200\/privado+p%C3%BAblico.jpeg\" width=\"200\" \/><\/a><\/div>\n<div style=\"text-align: justify\">\nEntrando en<br \/>\nlos detalles de esta operaci\u00f3n se nos informa, que el plazo de implantaci\u00f3n de<br \/>\nesta nueva sociedad, est\u00e1 previsto que se haga entre <b>8 y 12 meses<\/b>, y que se sacar\u00e1 un concurso, para que los accionistas<br \/>\n<b>privados accedan al 60%<\/b> de esta<br \/>\nnueva empresa, qued\u00e1ndose <b>BSM el 40%<\/b><br \/>\nrestante. Dicha nueva empresa tendr\u00e1 un per\u00edodo de duraci\u00f3n de <b>25 a\u00f1os<\/b>, y <b>gestionar\u00e1 26 aparcamientos<\/b>, <b>15<br \/>\nde BSM, y 11 que actualmente est\u00e1n en concesiones<\/b> (10 de SABA y 1 de Vinci<br \/>\nPark). Todo esto a expensas, de que CiU pacte con alg\u00fan partido pol\u00edtico.<\/div>\n<div style=\"text-align: justify\">\n<\/div>\n<div style=\"text-align: justify\">\nEn cuanto a<br \/>\nlas medidas de afectaci\u00f3n al personal que actualmente trabaja en la unidad de<br \/>\naparcamientos en BSM, se nos informa que se <b>subrogar\u00e1 a parte del personal<\/b>, <b>sin concretar el n\u00famero de personal afectado,<\/b> ni los <b>criterios<\/b> para elegir este personal, as\u00ed<br \/>\ncomo las <b>condiciones laborales<\/b> que<br \/>\ntendr\u00e1 este personal en la futura nueva empresa.<\/div>\n<div style=\"text-align: justify\">\n<\/div>\n<div style=\"text-align: justify\">\nSeg\u00fan el<br \/>\npropio ayuntamiento de Barcelona, los dividendos que genere la creaci\u00f3n de esta<br \/>\nnueva empresa servir\u00e1n para la creaci\u00f3n de un plan de vivienda social. Esta <b>secci\u00f3n sindical<\/b> ha manifestado que duda<br \/>\nque no sea para seguir <b>regal\u00e1ndole dinero<br \/>\na la Generalitat<\/b>.<\/div>\n<div style=\"text-align: justify\">\n<\/div>\n<div style=\"text-align: justify\">\nLos 15<br \/>\naparcamientos de titularidad p\u00fablica gestionados por BSM, que se integrar\u00e1n en<br \/>\nesta nueva sociedad desde el primer d\u00eda son:<\/div>\n<\/div>\n<p><\/p>\n<div>\n<div style=\"border: solid windowtext 1.0pt;padding: 1.0pt 4.0pt 1.0pt 4.0pt\">\n<div style=\"border-bottom: .5pt solid windowtext;border: none;padding-bottom: 1.0pt;padding: 0cm;text-align: justify\">\nFrancesc Camb\u00f3<\/div>\n<div style=\"clear: both;text-align: center\">\n<a href=\"http:\/\/4.bp.blogspot.com\/-M57yRdDYGsk\/UbH1DjTQYYI\/AAAAAAAABmo\/WMetXQy9BQk\/s1600\/Aparcaments+BSM.jpg\" style=\"clear: right;float: right;margin-bottom: 1em;margin-left: 1em\"><img loading=\"lazy\" decoding=\"async\" border=\"0\" height=\"240\" src=\"http:\/\/4.bp.blogspot.com\/-M57yRdDYGsk\/UbH1DjTQYYI\/AAAAAAAABmo\/WMetXQy9BQk\/s320\/Aparcaments+BSM.jpg\" width=\"320\" \/><\/a><\/div>\n<div style=\"border-bottom: .5pt solid windowtext;border: none;padding-bottom: 1.0pt;padding: 0cm;text-align: justify\">\nPl.<br \/>\nAngels<\/div>\n<div style=\"border-bottom: .5pt solid windowtext;border: none;padding-bottom: 1.0pt;padding-top: 1.0pt;padding: 0cm;text-align: justify\">\n<\/div>\n<div style=\"border-bottom: .5pt solid windowtext;border: none;padding-bottom: 1.0pt;padding-top: 1.0pt;padding: 0cm;text-align: justify\">\nUrgell<\/div>\n<div style=\"border-bottom: .5pt solid windowtext;border: none;padding-bottom: 1.0pt;padding-top: 1.0pt;padding: 0cm;text-align: justify\">\nGal.la<br \/>\nPlacidia<\/div>\n<div style=\"border-bottom: .5pt solid windowtext;border: none;padding-bottom: 1.0pt;padding-top: 1.0pt;padding: 0cm;text-align: justify\">\nSiracusa\n<\/div>\n<div style=\"border-bottom: .5pt solid windowtext;border: none;padding-bottom: 1.0pt;padding-top: 1.0pt;padding: 0cm;text-align: justify\">\nSol<\/div>\n<div style=\"border-bottom: .5pt solid windowtext;border: none;padding-bottom: 1.0pt;padding-top: 1.0pt;padding: 0cm;text-align: justify\">\nVilardell<\/div>\n<div style=\"border-bottom: .5pt solid windowtext;border: none;padding-bottom: 1.0pt;padding-top: 1.0pt;padding: 0cm;text-align: justify\">\nTarradellas<br \/>\nI, II, III<\/div>\n<div style=\"border-bottom: .5pt solid windowtext;border: none;padding-bottom: 1.0pt;padding-top: 1.0pt;padding: 0cm;text-align: justify\">\nLondres<\/div>\n<div style=\"border-bottom: .5pt solid windowtext;border: none;padding-bottom: 1.0pt;padding-top: 1.0pt;padding: 0cm;text-align: justify\">\nValencia-Calabria\n<\/div>\n<div style=\"border: none;padding-top: 1.0pt;padding: 0cm;text-align: justify\">\nIlla Raval<\/div>\n<div style=\"border: none;padding-top: 1.0pt;padding: 0cm;text-align: justify\">\nParalelo<\/div>\n<div style=\"border: none;padding-top: 1.0pt;padding: 0cm;text-align: justify\">\nBarceloneta Centro<\/div>\n<\/div>\n<div style=\"border: solid windowtext 1.0pt;padding: 1.0pt 4.0pt 1.0pt 4.0pt\">\n<div style=\"border-bottom: .5pt solid windowtext;border: none;padding-bottom: 1.0pt;padding: 0cm;text-align: justify\">\n<\/div>\n<div style=\"border: none;padding-top: 1.0pt;padding: 0cm;text-align: justify\">\n<\/div>\n<\/div>\n<div style=\"text-align: justify\">\n<\/div>\n<\/div>\n<div>\n<div style=\"text-align: justify\">\nLos restantes<br \/>\n11 aparcamientos, gestionados en la actualidad mayoritariamente por SABA, y que<br \/>\nse ir\u00e1n integrando en diferentes a\u00f1os posteriores, son:<\/div>\n<\/div>\n<p><\/p>\n<div>\n<div style=\"border: solid windowtext 1.0pt;padding: 1.0pt 4.0pt 1.0pt 4.0pt\">\n<div style=\"border-bottom: .5pt solid windowtext;border: none;padding-bottom: 1.0pt;padding: 0cm;text-align: justify\">\n<a href=\"http:\/\/4.bp.blogspot.com\/-SFFVbCjmT68\/UbH1upc5fYI\/AAAAAAAABmw\/ZrVJGmY1V4E\/s1600\/Saba+Abertis.jpg\" style=\"clear: left;float: left;margin-bottom: 1em;margin-right: 1em\"><img loading=\"lazy\" decoding=\"async\" border=\"0\" height=\"192\" src=\"http:\/\/4.bp.blogspot.com\/-SFFVbCjmT68\/UbH1upc5fYI\/AAAAAAAABmw\/ZrVJGmY1V4E\/s320\/Saba+Abertis.jpg\" width=\"320\" \/><\/a>Diputaci\u00f3<\/div>\n<div style=\"border-bottom: .5pt solid windowtext;border: none;padding-bottom: 1.0pt;padding: 0cm;text-align: justify\">\nRambla<br \/>\nCatalunya<\/div>\n<div style=\"border-bottom: .5pt solid windowtext;border: none;padding-bottom: 1.0pt;padding: 0cm;text-align: justify\">\nHospital Clinic (2016)<\/div>\n<div style=\"border-bottom: .5pt solid windowtext;border: none;padding-bottom: 1.0pt;padding: 0cm;text-align: justify\">\nPau Casals<\/div>\n<div style=\"border-bottom: .5pt solid windowtext;border: none;padding-bottom: 1.0pt;padding: 0cm;text-align: justify\">\nP\u00ba<br \/>\nGracia I, II, III<\/div>\n<div style=\"border-bottom: .5pt solid windowtext;border: none;padding-bottom: 1.0pt;padding: 0cm;text-align: justify\">\nPl. Catalunya (2018)<\/div>\n<div style=\"border-bottom: .5pt solid windowtext;border: none;padding-bottom: 1.0pt;padding: 0cm;text-align: justify\">\nPl. Castella (2019)<\/div>\n<div style=\"border-bottom: .5pt solid windowtext;border: none;padding-bottom: 1.0pt;padding: 0cm;text-align: justify\">\nLluis<br \/>\nCompanys (2020)<\/div>\n<div style=\"border-bottom: .5pt solid windowtext;border: none;padding-bottom: 1.0pt;padding: 0cm;text-align: justify\">\nPl. Urquinaona (2023)<\/div>\n<div style=\"border-bottom: .5pt solid windowtext;border: none;padding-bottom: 1.0pt;padding: 0cm;text-align: justify\">\n<\/div>\n<div style=\"border-bottom: .5pt solid windowtext;border: none;padding-bottom: 1.0pt;padding-top: 1.0pt;padding: 0cm;text-align: justify\">\n<\/div>\n<div style=\"border: none;padding-top: 1.0pt;padding: 0cm;text-align: justify\">\n<\/div>\n<\/div>\n<div style=\"border: solid windowtext 1.0pt;padding: 1.0pt 4.0pt 1.0pt 4.0pt\">\n<div style=\"border-bottom: .5pt solid windowtext;border: none;padding-bottom: 1.0pt;padding-top: 1.0pt;padding: 0cm;text-align: justify\">\n<\/div>\n<div style=\"border: none;padding-top: 1.0pt;padding: 0cm;text-align: justify\">\n<\/div>\n<\/div>\n<div style=\"border: solid windowtext 1.0pt;padding: 1.0pt 4.0pt 1.0pt 4.0pt\">\n<div style=\"border-bottom: .5pt solid windowtext;border: none;padding-bottom: 1.0pt;padding: 0cm;text-align: justify\">\n<\/div>\n<div style=\"border-bottom: .5pt solid windowtext;border: none;padding-bottom: 1.0pt;padding-top: 1.0pt;padding: 0cm;text-align: justify\">\n<\/div>\n<div style=\"border: none;padding-top: 1.0pt;padding: 0cm;text-align: justify\">\n<\/div>\n<\/div>\n<\/div>\n<p><span style=\"font-size: 12.0pt\"><br \/>\n<\/span><\/p>\n<p><\/p>\n<div style=\"text-align: justify\">\n<a href=\"http:\/\/1.bp.blogspot.com\/-BUHwUcyGNpU\/UbH3WiOA39I\/AAAAAAAABnU\/HabMtuJ5RYY\/s1600\/defiende+lo+publico.jpeg\" style=\"clear: right;float: right;margin-bottom: 1em;margin-left: 1em\"><img decoding=\"async\" border=\"0\" src=\"http:\/\/1.bp.blogspot.com\/-BUHwUcyGNpU\/UbH3WiOA39I\/AAAAAAAABnU\/HabMtuJ5RYY\/s1600\/defiende+lo+publico.jpeg\" \/><\/a>Los 15<br \/>\naparcamientos de BSM, no es ninguna sorpresa, que sean los que <b>m\u00e1s ingresos generan<\/b>, con algunas<br \/>\nexcepciones como Moll, que no lo han podido incluir al no ser de titularidad<br \/>\nmunicipal.<\/div>\n<div style=\"text-align: justify\">\n<\/div>\n<div style=\"text-align: justify\">\nEn opini\u00f3n de<br \/>\nesta secci\u00f3n sindical, este es el <b>inicio<br \/>\ndel desmantelamiento<\/b> de la antigua SMASSA, ahora BSM, sobre todo en lo que<br \/>\nsiempre hemos sido un referente, en <b>pol\u00edticas<br \/>\nde movilidad p\u00fablica<\/b>. <b>CiU apuesta<br \/>\npor la privatizaci\u00f3n de lo p\u00fablico<\/b>, para rescatar a sus amigos de lo <b>privado<\/b>, y desde <b>CCOO_BSM<\/b> <b>no se lo pondremos<br \/>\nnada f\u00e1cil<\/b>, que lo tengan claro.<\/div>\n<div style=\"text-align: justify\">\n<\/div>\n","protected":false},"excerpt":{"rendered":"<p>En el d\u00eda de hoy, la Direcci\u00f3n de BSM, ha citado con car\u00e1cter urgente y extraordinario a toda la representaci\u00f3n social, para informarnos de lo que pocas horas antes \u00e9ramos &#8230; <a title=\"CiU rescata al sector privado de Aparcamientos\" class=\"read-more\" href=\"https:\/\/ccoo.app\/barcelona-serveis-municipals\/ciu-rescata-al-sector-privado-de-aparcamientos\/\" aria-label=\"M\u00e9s informaci\u00f3 sobre CiU rescata al sector privado de Aparcamientos\">Read more<\/a><\/p>\n","protected":false},"author":4519,"featured_media":0,"comment_status":"closed","ping_status":"closed","sticky":false,"template":"","format":"standard","meta":{"footnotes":""},"categories":[1],"tags":[],"class_list":["post-3024","post","type-post","status-publish","format-standard","hentry","category-sin-categoria","generate-columns","tablet-grid-50","mobile-grid-100","grid-parent","grid-33"],"_links":{"self":[{"href":"https:\/\/ccoo.app\/barcelona-serveis-municipals\/wp-json\/wp\/v2\/posts\/3024","targetHints":{"allow":["GET"]}}],"collection":[{"href":"https:\/\/ccoo.app\/barcelona-serveis-municipals\/wp-json\/wp\/v2\/posts"}],"about":[{"href":"https:\/\/ccoo.app\/barcelona-serveis-municipals\/wp-json\/wp\/v2\/types\/post"}],"author":[{"embeddable":true,"href":"https:\/\/ccoo.app\/barcelona-serveis-municipals\/wp-json\/wp\/v2\/users\/4519"}],"replies":[{"embeddable":true,"href":"https:\/\/ccoo.app\/barcelona-serveis-municipals\/wp-json\/wp\/v2\/comments?post=3024"}],"version-history":[{"count":0,"href":"https:\/\/ccoo.app\/barcelona-serveis-municipals\/wp-json\/wp\/v2\/posts\/3024\/revisions"}],"wp:attachment":[{"href":"https:\/\/ccoo.app\/barcelona-serveis-municipals\/wp-json\/wp\/v2\/media?parent=3024"}],"wp:term":[{"taxonomy":"category","embeddable":true,"href":"https:\/\/ccoo.app\/barcelona-serveis-municipals\/wp-json\/wp\/v2\/categories?post=3024"},{"taxonomy":"post_tag","embeddable":true,"href":"https:\/\/ccoo.app\/barcelona-serveis-municipals\/wp-json\/wp\/v2\/tags?post=3024"}],"curies":[{"name":"wp","href":"https:\/\/api.w.org\/{rel}","templated":true}]}}