{"id":3023,"date":"2013-06-13T18:15:00","date_gmt":"2013-06-13T16:15:00","guid":{"rendered":"https:\/\/ccoo.app\/barcelona-serveis-municipals\/la-privatizacion-de-parte-de-bsm-ya-tiene-nombre-bamsa\/"},"modified":"2013-06-13T18:15:00","modified_gmt":"2013-06-13T16:15:00","slug":"la-privatizacion-de-parte-de-bsm-ya-tiene-nombre-bamsa","status":"publish","type":"post","link":"https:\/\/ccoo.app\/barcelona-serveis-municipals\/la-privatizacion-de-parte-de-bsm-ya-tiene-nombre-bamsa\/","title":{"rendered":"La privatizaci\u00f3n de parte de BSM ya tiene nombre BAMSA"},"content":{"rendered":"<div style=\"clear: both;text-align: center\">\n<a href=\"http:\/\/1.bp.blogspot.com\/-TqgaRxzKvhQ\/UbnhwR3yW7I\/AAAAAAAABnw\/Oa_PSTnrQKw\/s1600\/recasens+i+Armengol.jpg\" style=\"clear: left;float: left;margin-bottom: 1em;margin-right: 1em\"><img loading=\"lazy\" decoding=\"async\" border=\"0\" height=\"240\" src=\"http:\/\/1.bp.blogspot.com\/-TqgaRxzKvhQ\/UbnhwR3yW7I\/AAAAAAAABnw\/Oa_PSTnrQKw\/s320\/recasens+i+Armengol.jpg\" width=\"320\" \/><\/a><\/div>\n<div style=\"text-align: justify\">\n<i>\u00abEl Ayuntamiento niega que sea privatizar y afirma que as\u00ed se garantiza la viabilidad de B:SM\u00bb, <\/i>con esta <b>afirmaci\u00f3n tan rotunda como falsa<\/b> han iniciado hoy&nbsp;jueves 13 de junio, la segunda teniente de alcalde y presidenta de BSM, Sonia Recasens, junto al Director General de BSM, Ignasi Armengol, una rueda de prensa, para anunciar la creaci\u00f3n de la nueva empresa privado-p\u00fablico, con el nombre de <b>BAMSA (Barcelona d&#8217;Aparcaments Municipals)<\/b>. Dicha afirmaci\u00f3n es falsa, porqu\u00e9 el 60% de esta nueva empresa ser\u00e1 privado, y sobre garantizar la viabilidad de BSM, solamente aportaremos un dato m\u00e1s que significativo: si se aprobara esta nueva sociedad, el <b>2014 y el 2015 BSM deja de ingresar el 60%<\/b> de los 15 aparcamientos m\u00e1s rentables, por lo que sin duda, m\u00e1s que garantizar la viabilidad, <b>CiU quiere desmantelar BSM<\/b> por partes, sabiendo que <b>los a\u00f1os venideros los ingresos del grupo BSM, se van a ver reducidos dr\u00e1sticamente<\/b>.<\/div>\n<div style=\"text-align: justify\">\n<\/div>\n<div style=\"text-align: justify\">\nHan anunciado que se prev\u00e9 sacar a concurso la licitaci\u00f3n de esta nueva empresa, en septiembre de este 2013, y que estar\u00e1 operativa en el primer semestre del 2014.<\/div>\n<div style=\"text-align: justify\">\n<\/div>\n<div style=\"clear: both;text-align: center\">\n<a href=\"http:\/\/4.bp.blogspot.com\/-bniRVXzOoA0\/UbntwqTZzmI\/AAAAAAAABoA\/zRkXjsdb5DM\/s1600\/privatizaci%C3%B3n+basura.jpg\" style=\"clear: right;float: right;margin-bottom: 1em;margin-left: 1em\"><img decoding=\"async\" border=\"0\" src=\"http:\/\/4.bp.blogspot.com\/-bniRVXzOoA0\/UbntwqTZzmI\/AAAAAAAABoA\/zRkXjsdb5DM\/s1600\/privatizaci%C3%B3n+basura.jpg\" \/><\/a><\/div>\n<div style=\"text-align: justify\">\nTodo esto, a expensas del debate con el resto de grupos pol\u00edticos del Ayuntamiento de BCN, a los cuales el pr\u00f3ximo mi\u00e9rcoles 19 en comisi\u00f3n de econom\u00eda, les informar\u00e1n de este proyecto. Desde esta secci\u00f3n sindical, <b>solicitamos a todos los grupos pol\u00edticos con representaci\u00f3n en el Ayuntamiento de Barcelona, que voten en contra de este Monopolio Privatizador<\/b>, en el cu\u00e1l es f\u00e1cilmente demostrable, que la administraci\u00f3n p\u00fablica a trav\u00e9s de BSM, <b>va a dejar de ganar mucho dinero<\/b> en los pr\u00f3ximos a\u00f1os.<\/div>\n<div style=\"text-align: justify\">\n<\/div>\n<div style=\"text-align: justify\">\nLa valoraci\u00f3n del patrimonio de los 26 aparcamientos p\u00fablicos, que CiU pretende incluir en este monopolio privado, es de<b> <\/b>241 millones<b> <\/b>de euros, por los que pedir\u00e1n <b>144 millones<\/b> de euros que corresponden al 60% privado, siendo 100 millones a abonar en el momento de la adjudicaci\u00f3n.<\/div>\n<div style=\"text-align: justify\">\n<\/div>\n<div style=\"text-align: justify\">\nSin querer entrar a fondo en la cuesti\u00f3n econ\u00f3mica, si que nos gustar\u00eda a modo de ejemplo, aportar que los <b>15 aparcamientos<\/b> que actualmente gestiona BSM, y que CiU quiere incluir en la nueva sociedad, generan cada a\u00f1o <b>13 millones de euros<\/b>, que multiplicado por los 25 a\u00f1os de duraci\u00f3n de esta sociedad, arrojan <b>325&nbsp;millones&nbsp;de euros de ingresos<\/b>, m\u00e1s los 11 aparcamientos restantes que arrojan unos ingresos similares.&nbsp;<\/div>\n<div style=\"text-align: justify\">\n<\/div>\n<div style=\"clear: both;text-align: center\">\n<a href=\"http:\/\/1.bp.blogspot.com\/-mX20-yjPVpI\/Ubnt28E5MuI\/AAAAAAAABoI\/zT19O18m9yI\/s1600\/Criteria.jpg\" style=\"clear: left;float: left;margin-bottom: 1em;margin-right: 1em\"><img loading=\"lazy\" decoding=\"async\" border=\"0\" height=\"115\" src=\"http:\/\/1.bp.blogspot.com\/-mX20-yjPVpI\/Ubnt28E5MuI\/AAAAAAAABoI\/zT19O18m9yI\/s200\/Criteria.jpg\" width=\"200\" \/><\/a><\/div>\n<div style=\"text-align: justify\">\nCon el anterior ejemplo, observamos como un<b> negocio rentable<\/b>, que deja dinero en las arcas p\u00fablicas cada a\u00f1o, se pretende que el 60%, se lo lleven las empresas privadas, que casualmente con un importe tan elevado que se solicita, solamente podr\u00e1n acceder empresas del tama\u00f1o de <b>SABA, con el respaldo de Criteria y La Caixa, <\/b>casualmente siempre relacionados con CiU.<\/div>\n<div style=\"text-align: justify\">\n<\/div>\n<div style=\"text-align: justify\">\n<b>Quieren enga\u00f1ar a la ciudadan\u00eda y a la opini\u00f3n p\u00fablica<\/b>, camuflando una privatizaci\u00f3n parcial de BSM, y lo que es peor, dejando un futuro pesimista para esta sociedad p\u00fablica, para sus trabajadores\/as y para todos los ciudadanos\/as de Barcelona que observar\u00e1n como se aprovechan los gestores privados para lucrarse a costa de los ingresos p\u00fablicos.<\/div>\n<div style=\"text-align: justify\">\n<\/div>\n<div style=\"text-align: justify\">\nEn cuanto a la <b>subrogaci\u00f3n<\/b> de personal actualmente en BSM, sin tener m\u00e1s datos sobre el n\u00famero de personal afectado, s\u00ed que podemos afirmar, que <b>afectar\u00e1 a m\u00e1s personal de otros departamentos que no sea aparcamientos.<\/b><\/div>\n<div style=\"text-align: justify\">\n<\/div>\n<div style=\"text-align: justify\">\nEsta secci\u00f3n sindical de CCOO y el comit\u00e9 de empresa de BSM, apostamos claramente por la <b>gesti\u00f3n directa y p\u00fablica al 100%<\/b>, no s\u00f3lo de los actuales 15 aparcamientos que ya gestionamos, sino de los 11 futuros cuando venzan las concesiones, y de esta forma, e<b>l Ayuntamiento de BCN, se garantizar\u00e1 unos ingresos econ\u00f3micos cuantiosos a\u00f1o tras a\u00f1o.<\/b><\/div>\n<div style=\"text-align: justify\">\n<\/div>\n<div style=\"text-align: justify\">\nEn los pr\u00f3ximos d\u00edas, os iremos informando de las acciones que realizaremos desde el comit\u00e9 de empresa, entre las que destaca una <b>asamblea para todos los trabajadores\/as de BSM el pr\u00f3ximo jueves 20 de junio<\/b>, que dada la trascendencia de los asuntos a tratar, ser\u00e1 la <b>asamblea m\u00e1s importante en la historia de BSM. No pod\u00e9is faltar.<\/b><\/div>\n<div style=\"text-align: justify\">\n<\/div>\n<div style=\"text-align: justify\">\n<b>#NOPRIVATITZACI\u00d3BSM<\/b><\/div>\n<div style=\"text-align: justify\">\n<\/div>\n<div style=\"text-align: justify\">\nfuente <a href=\"http:\/\/www.europapress.es\/catalunya\/noticia-barcelona-sacara-concurso-septiembre-sociedad-mixta-gestionar-26-aparcamientos-20130613153200.html\">EuropaPress<\/a><\/div>\n<div style=\"text-align: justify\">\n<i><br \/><\/i><\/div>\n<div style=\"text-align: justify\">\n<\/div>\n","protected":false},"excerpt":{"rendered":"<p>\u00abEl Ayuntamiento niega que sea privatizar y afirma que as\u00ed se garantiza la viabilidad de B:SM\u00bb, con esta afirmaci\u00f3n tan rotunda como falsa han iniciado hoy&nbsp;jueves 13 de junio, la &#8230; <a title=\"La privatizaci\u00f3n de parte de BSM ya tiene nombre BAMSA\" class=\"read-more\" href=\"https:\/\/ccoo.app\/barcelona-serveis-municipals\/la-privatizacion-de-parte-de-bsm-ya-tiene-nombre-bamsa\/\" aria-label=\"M\u00e9s informaci\u00f3 sobre La privatizaci\u00f3n de parte de BSM ya tiene nombre BAMSA\">Read more<\/a><\/p>\n","protected":false},"author":4519,"featured_media":0,"comment_status":"closed","ping_status":"closed","sticky":false,"template":"","format":"standard","meta":{"footnotes":""},"categories":[1],"tags":[],"class_list":["post-3023","post","type-post","status-publish","format-standard","hentry","category-sin-categoria","generate-columns","tablet-grid-50","mobile-grid-100","grid-parent","grid-33"],"_links":{"self":[{"href":"https:\/\/ccoo.app\/barcelona-serveis-municipals\/wp-json\/wp\/v2\/posts\/3023","targetHints":{"allow":["GET"]}}],"collection":[{"href":"https:\/\/ccoo.app\/barcelona-serveis-municipals\/wp-json\/wp\/v2\/posts"}],"about":[{"href":"https:\/\/ccoo.app\/barcelona-serveis-municipals\/wp-json\/wp\/v2\/types\/post"}],"author":[{"embeddable":true,"href":"https:\/\/ccoo.app\/barcelona-serveis-municipals\/wp-json\/wp\/v2\/users\/4519"}],"replies":[{"embeddable":true,"href":"https:\/\/ccoo.app\/barcelona-serveis-municipals\/wp-json\/wp\/v2\/comments?post=3023"}],"version-history":[{"count":0,"href":"https:\/\/ccoo.app\/barcelona-serveis-municipals\/wp-json\/wp\/v2\/posts\/3023\/revisions"}],"wp:attachment":[{"href":"https:\/\/ccoo.app\/barcelona-serveis-municipals\/wp-json\/wp\/v2\/media?parent=3023"}],"wp:term":[{"taxonomy":"category","embeddable":true,"href":"https:\/\/ccoo.app\/barcelona-serveis-municipals\/wp-json\/wp\/v2\/categories?post=3023"},{"taxonomy":"post_tag","embeddable":true,"href":"https:\/\/ccoo.app\/barcelona-serveis-municipals\/wp-json\/wp\/v2\/tags?post=3023"}],"curies":[{"name":"wp","href":"https:\/\/api.w.org\/{rel}","templated":true}]}}