{"id":3021,"date":"2013-06-14T17:55:00","date_gmt":"2013-06-14T15:55:00","guid":{"rendered":"https:\/\/ccoo.app\/barcelona-serveis-municipals\/comunicado-conjunto-comite-de-empresa-bsm-ante-privatizacion\/"},"modified":"2013-06-14T17:55:00","modified_gmt":"2013-06-14T15:55:00","slug":"comunicado-conjunto-comite-de-empresa-bsm-ante-privatizacion","status":"publish","type":"post","link":"https:\/\/ccoo.app\/barcelona-serveis-municipals\/comunicado-conjunto-comite-de-empresa-bsm-ante-privatizacion\/","title":{"rendered":"COMUNICADO CONJUNTO COMIT\u00c9 DE EMPRESA BSM ANTE PRIVATIZACI\u00d3N"},"content":{"rendered":"<p><!--[if gte mso 9]&gt;--><\/p>\n<p>  800&#215;600<\/p>\n<p>\n<!--[if gte mso 9]&gt;--><\/p>\n<p>  Normal<br \/>\n  0<\/p>\n<p>  21<\/p>\n<p>  false<br \/>\n  false<br \/>\n  false<\/p>\n<p>  ES<br \/>\n  X-NONE<br \/>\n  X-NONE<\/p>\n<p>  MicrosoftInternetExplorer4<\/p>\n<p><!--[if gte mso 9]&gt;--><\/p>\n<p><!--[if gte mso 10]&gt;--><\/p>\n<p><\/p>\n<div align=\"center\" style=\"text-align: center\">\n<b><u><span style=\"font-size: 22.0pt;line-height: 115%\">TRIAS REGALA LA<br \/>\nEMPRESA P\u00daBLICA B:SM AL SECTOR PRIVADO<\/span><\/u><\/b><\/div>\n<div style=\"text-align: justify\">\n<\/div>\n<div style=\"text-align: justify\">\n<span style=\"font-size: 12.0pt;line-height: 115%\">Ante la noticia de la privatizaci\u00f3n parcial por parte del<br \/>\nAjuntament de Barcelona de la empresa BSM para la creaci\u00f3n de una sociedad<br \/>\nmixta privada\/publica (60%-40%), el Comit\u00e9 de empresa de BSM, compuesto por los<br \/>\nsindicatos UGT, CCOO, CGT, SIAFESIT, USOC y C-SIF, los cuales representan a m\u00e1s<br \/>\nde 1000 trabajadores\/as, nos dirigimos a la ciudadan\u00eda de Barcelona, para<br \/>\nplantearles las siguientes cuestiones. <\/span><\/div>\n<div align=\"center\" style=\"text-align: center\">\n<\/div>\n<div align=\"center\" style=\"text-align: center\">\n<b><u><span style=\"font-size: 20.0pt;line-height: 115%\">\u00bfPOR QU\u00c9 MAL VENDEN<br \/>\nUN SERVICIO P\u00daBLICO RENTABLE?<\/span><\/u><\/b><\/div>\n<div style=\"text-align: justify\">\n<\/div>\n<div style=\"text-align: justify\">\n<span style=\"font-size: 12.0pt;line-height: 115%\">La empresa BSM es un referente, no s\u00f3lo a nivel nacional,<br \/>\nsino a nivel internacional, respecto a la gesti\u00f3n del estacionamiento,<br \/>\nmovilidad y espacio p\u00fablico. Creando m\u00e1s de mil puestos de trabajo directos y<br \/>\ncentenares de indirectos. <\/span><\/div>\n<div style=\"text-align: justify\">\n<span style=\"font-size: 12.0pt;line-height: 115%\">Pioneros en poner en pr\u00e1ctica medidas como la tarificaci\u00f3n<br \/>\npor minutos en los aparcamientos y la creaci\u00f3n de la zona verde para residentes.<br \/>\n<span>&nbsp;<\/span><\/span><\/div>\n<div style=\"text-align: justify\">\n<span style=\"font-size: 12.0pt;line-height: 115%\">Durante estos \u00faltimos 30 a\u00f1os ha reportado incalculables beneficios<br \/>\na las arcas municipales, reinvertidos a la ciudadan\u00eda, en servicios como el<br \/>\nBicing, transporte p\u00fablico (Metro-Bus), mobiliario urbano\u2026 etc. <\/span><\/div>\n<div align=\"center\" style=\"text-align: center\">\n<\/div>\n<div align=\"center\" style=\"text-align: center\">\n<b><u><span style=\"font-size: 20.0pt;line-height: 115%\">&nbsp;\u00bfA QUI\u00c9N BENEFICIA Y<br \/>\nPERJUDICA ESTA VENTA?<\/span><\/u><\/b><\/div>\n<div style=\"text-align: justify\">\n<\/div>\n<div style=\"text-align: justify\">\n<span style=\"font-size: 12.0pt;line-height: 115%\">Beneficia a los de siempre: grandes constructoras,<br \/>\nmultinacionales concesionarias de aparcamientos y entidades financieras (Saba,<br \/>\nAbertis, Criteria y como siempre La Caixa), que han visto en BSM una empresa p\u00fablica,<br \/>\nrentable, donde pueden perpetuar su particular expolio de lo p\u00fablico.<\/span><\/div>\n<div style=\"text-align: justify\">\n<span style=\"font-size: 12.0pt;line-height: 115%\">Como perjudicados, como siempre, ser\u00e1n: la ciudadan\u00eda, porque<br \/>\ncomo servicio p\u00fablico que somos, BSM ha construido aparcamientos donde la<br \/>\nempresa privada no quer\u00eda invertir, porque no era rentable, perdiendo otro<br \/>\nservicio p\u00fablico, al tiempo que peligrar\u00e1 otro servicio p\u00fablico como el Bicing<br \/>\n(a este respecto, si BSM aparte de asumir el d\u00e9ficit de la gesti\u00f3n privada, lo<br \/>\ngestionara directamente, otro gallo cantar\u00eda); <span>&nbsp;<\/span>perjudicados tambi\u00e9n los clientes, porque no<br \/>\nse garantizara el precio medio del estacionamiento por minuto.<\/span><\/div>\n<div style=\"text-align: justify\">\n<span style=\"font-size: 12.0pt;line-height: 115%\"><span>&nbsp;<\/span>Y perjudicados<br \/>\nfinalmente, los trabajadores, desconociendo las precarias condiciones en las<br \/>\nque ser\u00e1n subrogados. <span>&nbsp;<\/span><\/span><\/div>\n<div align=\"center\" style=\"text-align: center\">\n<\/div>\n<div align=\"center\" style=\"text-align: center\">\n<b><u><span style=\"font-size: 20.0pt;line-height: 115%\">\u00bfQU\u00c9 PARTIDOS POL\u00cdTICOS<br \/>\nSON C\u00d3MPLICES DEL EXPOLIO DE LA EMPRESA P\u00daBLICA?<\/span><\/u><\/b><\/div>\n<div style=\"text-align: justify\">\n<\/div>\n<div style=\"text-align: justify\">\n<span style=\"font-size: 12.0pt;line-height: 115%\">La creaci\u00f3n de esta opaca nueva sociedad privado-p\u00fablica, no<br \/>\nes m\u00e1s que una maniobra torticera para privatizar una empresa p\u00fablica rentable,<br \/>\nen un sector estrat\u00e9gico. Todo para satisfacer la insaciable voracidad de las<br \/>\ngrandes empresas privadas, a las que determinados partidos pol\u00edticos deben<br \/>\nmucho. <\/span><\/div>\n<div style=\"text-align: justify\">\n<span style=\"font-size: 12.0pt;line-height: 115%\">CIU, con el alcalde Trias a la cabeza, es la que plantea esta<br \/>\nprivatizaci\u00f3n, que no ser\u00e1 posible sin el apoyo del resto de partidos pol\u00edticos<br \/>\n\u00bfqu\u00e9 partidos se convertir\u00e1n en c\u00f3mplices de esta mezquina operaci\u00f3n? \u00bfa cambio<br \/>\nde qu\u00e9? \u00bfes la soluci\u00f3n, en el contexto de crisis que vivimos mal vender los<br \/>\nmejores aparcamientos p\u00fablicos, por cien millones de Euros?.<\/span><\/div>\n<div align=\"center\" style=\"text-align: center\">\n<\/div>\n<div align=\"center\" style=\"text-align: center\">\n<b><u><span style=\"font-size: 20.0pt;line-height: 115%\">\u00bfQU\u00c9 OSCUROS INTERESES<br \/>\nEXISTEN DETR\u00c1S DE LOS PISOS SOCIALES?<\/span><\/u><\/b><\/div>\n<div style=\"text-align: justify\">\n<\/div>\n<div style=\"text-align: justify\">\n<span style=\"font-size: 12.0pt;line-height: 115%\">\u00bfNo hay suficientes viviendas vac\u00edas en la ciudad de<br \/>\nBarcelona, como para construir pisos nuevos? nosotros creemos que es m\u00e1s<br \/>\nsostenible y m\u00e1s barato, reubicar a las familias en las viviendas ya existentes,<br \/>\nconsiguiendo as\u00ed evitar gran parte de los desahucios <span>&nbsp;<\/span>\u00bfpor qu\u00e9 crear una nueva burbuja inmobiliaria,<br \/>\nuna vez m\u00e1s? <\/span><\/div>\n<div style=\"text-align: justify\">\n<span style=\"font-size: 12.0pt;line-height: 115%\">Sospechamos que las empresas cercanas a la coalici\u00f3n pol\u00edtica<br \/>\nque gobierna la ciudad, se lucrar\u00e1 de este nuevo \u201cboom\u201d de la construcci\u00f3n. <\/span><\/div>\n<div align=\"center\" style=\"text-align: center\">\n<\/div>\n<div align=\"center\" style=\"text-align: center\">\n<b><u><span style=\"font-size: 20.0pt;line-height: 115%\">\u00bfNOS ENFRENTAMOS A<br \/>\nLA CREACI\u00d3N DE UN MONOPOLIO PRIVADO DE ESTACIONAMIENTO?<\/span><\/u><\/b><\/div>\n<div>\n<\/div>\n<div>\n<span style=\"font-size: 12.0pt;line-height: 115%\">El<br \/>\nAjuntament de Barcelona intenta imponer un modelo de gesti\u00f3n privado a costa de<br \/>\nsacrificar lo p\u00fablico. Monopolizando as\u00ed el aparcamiento en el centro de<br \/>\nBarcelona. <span>&nbsp;&nbsp;<\/span><\/span><\/div>\n<div style=\"text-align: justify\">\n<span style=\"font-size: 12.0pt;line-height: 115%\">Los 15 aparcamientos m\u00e1s rentables que BSM tiene en<br \/>\nBarcelona, rinden 13 millones de euros. Las concesiones son a 25 a\u00f1os, por lo<br \/>\ntanto, 100 Millones de euros es, consideramos, una cantidad irrisoria por la<br \/>\nventa de BSM, las matem\u00e1ticas hablan por s\u00ed solas. <\/span><\/div>\n<div style=\"text-align: justify\">\n<\/div>\n<div style=\"text-align: justify\">\n<b><span style=\"font-size: 12.0pt;line-height: 115%\">POR TODO LO EXPUESTO,<br \/>\nCONVOCAREMOS A TODA LA PLANTILLA DE BSM, A LAS OPORTUNAS ASAMBLEAS<br \/>\nINFORMATIVAS, EL PR\u00d3XIMO 20 DE JUNIO.<\/span><\/b><\/div>\n<div style=\"clear: both;text-align: center\">\n<a href=\"http:\/\/4.bp.blogspot.com\/-G5ml_5KZGGU\/Ubs7TkuCRdI\/AAAAAAAABoc\/txkiYy99ays\/s1600\/IMG-20130614-WA0016+%25282%2529.jpg\" style=\"margin-left: 1em;margin-right: 1em\"><img decoding=\"async\" border=\"0\" src=\"http:\/\/4.bp.blogspot.com\/-G5ml_5KZGGU\/Ubs7TkuCRdI\/AAAAAAAABoc\/txkiYy99ays\/s1600\/IMG-20130614-WA0016+%25282%2529.jpg\" \/><\/a><\/div>\n<div style=\"text-align: justify\">\n<\/div>\n<div style=\"text-align: justify\">\n<\/div>\n","protected":false},"excerpt":{"rendered":"<p>800&#215;600 Normal 0 21 false false false ES X-NONE X-NONE MicrosoftInternetExplorer4 TRIAS REGALA LA EMPRESA P\u00daBLICA B:SM AL SECTOR PRIVADO Ante la noticia de la privatizaci\u00f3n parcial por parte del &#8230; <a title=\"COMUNICADO CONJUNTO COMIT\u00c9 DE EMPRESA BSM ANTE PRIVATIZACI\u00d3N\" class=\"read-more\" href=\"https:\/\/ccoo.app\/barcelona-serveis-municipals\/comunicado-conjunto-comite-de-empresa-bsm-ante-privatizacion\/\" aria-label=\"M\u00e9s informaci\u00f3 sobre COMUNICADO CONJUNTO COMIT\u00c9 DE EMPRESA BSM ANTE PRIVATIZACI\u00d3N\">Read more<\/a><\/p>\n","protected":false},"author":4519,"featured_media":0,"comment_status":"closed","ping_status":"closed","sticky":false,"template":"","format":"standard","meta":{"footnotes":""},"categories":[1],"tags":[],"class_list":["post-3021","post","type-post","status-publish","format-standard","hentry","category-sin-categoria","generate-columns","tablet-grid-50","mobile-grid-100","grid-parent","grid-33"],"_links":{"self":[{"href":"https:\/\/ccoo.app\/barcelona-serveis-municipals\/wp-json\/wp\/v2\/posts\/3021","targetHints":{"allow":["GET"]}}],"collection":[{"href":"https:\/\/ccoo.app\/barcelona-serveis-municipals\/wp-json\/wp\/v2\/posts"}],"about":[{"href":"https:\/\/ccoo.app\/barcelona-serveis-municipals\/wp-json\/wp\/v2\/types\/post"}],"author":[{"embeddable":true,"href":"https:\/\/ccoo.app\/barcelona-serveis-municipals\/wp-json\/wp\/v2\/users\/4519"}],"replies":[{"embeddable":true,"href":"https:\/\/ccoo.app\/barcelona-serveis-municipals\/wp-json\/wp\/v2\/comments?post=3021"}],"version-history":[{"count":0,"href":"https:\/\/ccoo.app\/barcelona-serveis-municipals\/wp-json\/wp\/v2\/posts\/3021\/revisions"}],"wp:attachment":[{"href":"https:\/\/ccoo.app\/barcelona-serveis-municipals\/wp-json\/wp\/v2\/media?parent=3021"}],"wp:term":[{"taxonomy":"category","embeddable":true,"href":"https:\/\/ccoo.app\/barcelona-serveis-municipals\/wp-json\/wp\/v2\/categories?post=3021"},{"taxonomy":"post_tag","embeddable":true,"href":"https:\/\/ccoo.app\/barcelona-serveis-municipals\/wp-json\/wp\/v2\/tags?post=3021"}],"curies":[{"name":"wp","href":"https:\/\/api.w.org\/{rel}","templated":true}]}}