{"id":3020,"date":"2013-06-18T20:08:00","date_gmt":"2013-06-18T18:08:00","guid":{"rendered":"https:\/\/ccoo.app\/barcelona-serveis-municipals\/reunion-aparcamientos-del-18-06-2013\/"},"modified":"2013-06-18T20:08:00","modified_gmt":"2013-06-18T18:08:00","slug":"reunion-aparcamientos-del-18-06-2013","status":"publish","type":"post","link":"https:\/\/ccoo.app\/barcelona-serveis-municipals\/reunion-aparcamientos-del-18-06-2013\/","title":{"rendered":"Reuni\u00f3n aparcamientos del 18.06.2013"},"content":{"rendered":"<p><!--[if !mso]&gt;--><\/p>\n<p>\n<!--[if gte mso 9]&gt;--><\/p>\n<p>  Normal<br \/>\n  0<br \/>\n  21<\/p>\n<p>  MicrosoftInternetExplorer4<\/p>\n<p><!--[if gte mso 10]&gt;--><\/p>\n<p><!--[if gte mso 9]&gt;--><\/p>\n<p><!--[if gte mso 9]&gt;--><\/p>\n<p><\/p>\n<div style=\"text-align: justify\">\nEn la reuni\u00f3n mantenida esta<br \/>\nma\u00f1ana, la direcci\u00f3n nos ha facilitado el n\u00famero de trabajadores que tiene<br \/>\nprevisto subrogar a la empresa que el Ayuntamiento crea para mal vender a<br \/>\nalguna multinacional los aparcamientos p\u00fablicos gestionados por BSM.<\/div>\n<div style=\"text-align: justify\">\n<\/div>\n<div style=\"text-align: justify\">\nHemos de manifestar que esta<br \/>\nsecci\u00f3n sindical, sin cerrarse al di\u00e1logo, s\u00f3lo firmar\u00e1 una subrogaci\u00f3n en caso<br \/>\nde que la privatizaci\u00f3n se haya consumado y sea del todo inevitable, por lo que<br \/>\nos rogamos acud\u00e1is a las asambleas previstas para el pr\u00f3ximo d\u00eda 20.<\/div>\n<div style=\"text-align: justify\">\n<\/div>\n<div style=\"text-align: justify\">\nSeg\u00fan nos indic\u00f3 la empresa los<br \/>\nn\u00fameros que barajaban inicialmente eran 44 trabajadores directos y unos 8<br \/>\nindirectos (encargados, administrativos, mantenimiento y recaudaci\u00f3n), n\u00fameros<br \/>\nexcesivos a nuestro entender para 15 aparcamientos, pero que finalmente se han decidido<br \/>\npor 20 directos y 2 indirectos (1 recaudaci\u00f3n y 1 administrativo), y nos<br \/>\ninforman que la subrogaci\u00f3n debe estar negociada antes del 31 de julio.<br \/>\nEvidentemente en ning\u00fan momento se ha hablado de personal fuera de convenio,<br \/>\nque ser\u00eda l\u00f3gico reducir si se reduce la capacidad de negocio..<\/div>\n<div style=\"text-align: justify\">\n<\/div>\n<div style=\"text-align: justify\">\nLa reducci\u00f3n de n\u00famero<br \/>\ninicialmente previsto se debe, principalmente, a la incorporaci\u00f3n de los 4<br \/>\nnuevos aparcamientos:<\/div>\n<div style=\"text-align: justify\">\n<\/div>\n<ol start=\"1\" style=\"margin-top: 0cm\" type=\"1\">\n<li style=\"text-align: justify\">Marqu\u00e8s de Mulhac\u00e9n de 264<br \/>\n     plazas con finalizaci\u00f3n de obra prevista en Diciembre de 2013<\/li>\n<li style=\"text-align: justify\">Pl. Gardunya de 425 plazas con<br \/>\n     finalizaci\u00f3n de obra prevista en septiembre de 2013<\/li>\n<li style=\"text-align: justify\">Badajoz-Gl\u00f2ries de 99 plazas de<br \/>\n     rotaci\u00f3n y 324 de dep\u00f3sito con finalizaci\u00f3n de obra prevista en octubre de<br \/>\n     2013<\/li>\n<li style=\"text-align: justify\">y Poble Nou ya<br \/>\n     abierto<\/li>\n<\/ol>\n<div style=\"text-align: justify\">\n<a href=\"http:\/\/4.bp.blogspot.com\/-knU3y0-9ni0\/UcChh8jznmI\/AAAAAAAAAJk\/x3DmxNt9fIA\/s1600\/parquins+del+pueblo+pa+mis+colegas.jpg\" style=\"clear: right;float: right;margin-bottom: 1em;margin-left: 1em\"><img loading=\"lazy\" decoding=\"async\" border=\"0\" height=\"320\" src=\"http:\/\/4.bp.blogspot.com\/-knU3y0-9ni0\/UcChh8jznmI\/AAAAAAAAAJk\/x3DmxNt9fIA\/s320\/parquins+del+pueblo+pa+mis+colegas.jpg\" width=\"251\" \/><\/a>Adem\u00e1s, se asumir\u00e1 el<br \/>\nmantenimiento de la se\u00f1alizaci\u00f3n vertical (actualmente lo efect\u00faa otra<br \/>\nempresa), no incorporaran personal temporal para aparcamientos y prev\u00e9n 3<br \/>\nprejubilaciones.<\/div>\n<div style=\"text-align: justify\">\n<\/div>\n<div style=\"text-align: justify\">\nEsta secci\u00f3n sindical ha<br \/>\npropuesto que la empresa adquiera un compromiso de preferencia para<\/div>\n<div style=\"text-align: justify\">\n volver a la<br \/>\nempresa para los trabajadores subrogados, en el caso de que no les vayan bien<br \/>\nen la empresa nueva. En este sentido decir que la empresa ha mostrado inter\u00e9s<br \/>\npor la misma y lo valorar\u00e1.<\/div>\n<div style=\"text-align: justify\">\n<\/div>\n<div style=\"text-align: justify\">\nEn cuanto al personal que finalmente<br \/>\nsea subrogado, recordaros que la nueva empresa tiene la obligaci\u00f3n de mantener los<br \/>\nderechos adquiridos en BSM, tanto de categor\u00eda como de salario.<\/div>\n<div style=\"text-align: justify\">\n<\/div>\n<div style=\"text-align: justify\">\nHa de quedar claro que toda la<br \/>\nrepresentaci\u00f3n social est\u00e1 en contra tanto de la subrogaci\u00f3n de personal como<br \/>\nde la venta penosa de los aparcamientos p\u00fablicos, que han sido referente<br \/>\ninternacional cuando han sido gestionados por BSM, por la merma de ingresos<br \/>\npara las arcas p\u00fablicas que ello supondr\u00e1 y porque los criterios de movilidad<br \/>\nque implante la nueva empresa son una absoluta inc\u00f3gnita.<\/div>\n","protected":false},"excerpt":{"rendered":"<p>Normal 0 21 MicrosoftInternetExplorer4 En la reuni\u00f3n mantenida esta ma\u00f1ana, la direcci\u00f3n nos ha facilitado el n\u00famero de trabajadores que tiene previsto subrogar a la empresa que el Ayuntamiento crea &#8230; <a title=\"Reuni\u00f3n aparcamientos del 18.06.2013\" class=\"read-more\" href=\"https:\/\/ccoo.app\/barcelona-serveis-municipals\/reunion-aparcamientos-del-18-06-2013\/\" aria-label=\"M\u00e9s informaci\u00f3 sobre Reuni\u00f3n aparcamientos del 18.06.2013\">Read more<\/a><\/p>\n","protected":false},"author":4886,"featured_media":0,"comment_status":"closed","ping_status":"closed","sticky":false,"template":"","format":"standard","meta":{"footnotes":""},"categories":[1],"tags":[],"class_list":["post-3020","post","type-post","status-publish","format-standard","hentry","category-sin-categoria","generate-columns","tablet-grid-50","mobile-grid-100","grid-parent","grid-33"],"_links":{"self":[{"href":"https:\/\/ccoo.app\/barcelona-serveis-municipals\/wp-json\/wp\/v2\/posts\/3020","targetHints":{"allow":["GET"]}}],"collection":[{"href":"https:\/\/ccoo.app\/barcelona-serveis-municipals\/wp-json\/wp\/v2\/posts"}],"about":[{"href":"https:\/\/ccoo.app\/barcelona-serveis-municipals\/wp-json\/wp\/v2\/types\/post"}],"author":[{"embeddable":true,"href":"https:\/\/ccoo.app\/barcelona-serveis-municipals\/wp-json\/wp\/v2\/users\/4886"}],"replies":[{"embeddable":true,"href":"https:\/\/ccoo.app\/barcelona-serveis-municipals\/wp-json\/wp\/v2\/comments?post=3020"}],"version-history":[{"count":0,"href":"https:\/\/ccoo.app\/barcelona-serveis-municipals\/wp-json\/wp\/v2\/posts\/3020\/revisions"}],"wp:attachment":[{"href":"https:\/\/ccoo.app\/barcelona-serveis-municipals\/wp-json\/wp\/v2\/media?parent=3020"}],"wp:term":[{"taxonomy":"category","embeddable":true,"href":"https:\/\/ccoo.app\/barcelona-serveis-municipals\/wp-json\/wp\/v2\/categories?post=3020"},{"taxonomy":"post_tag","embeddable":true,"href":"https:\/\/ccoo.app\/barcelona-serveis-municipals\/wp-json\/wp\/v2\/tags?post=3020"}],"curies":[{"name":"wp","href":"https:\/\/api.w.org\/{rel}","templated":true}]}}