{"id":3019,"date":"2013-06-25T14:27:00","date_gmt":"2013-06-25T12:27:00","guid":{"rendered":"https:\/\/ccoo.app\/barcelona-serveis-municipals\/manifestaciones-en-bsm-por-privatizacion\/"},"modified":"2013-06-25T14:27:00","modified_gmt":"2013-06-25T12:27:00","slug":"manifestaciones-en-bsm-por-privatizacion","status":"publish","type":"post","link":"https:\/\/ccoo.app\/barcelona-serveis-municipals\/manifestaciones-en-bsm-por-privatizacion\/","title":{"rendered":"MANIFESTACIONES EN BSM POR PRIVATIZACI\u00d3N"},"content":{"rendered":"<div style=\"text-align: justify\">\nEn las asambleas celebradas el pasado jueves 20 de junio, se decidieron convocar dos manifestaciones para este pr\u00f3ximo <b>jueves 27 y viernes 28 de junio<\/b>, como acciones iniciales por parte de los trabajadores\/as de BSM, ante el anuncio por parte del gobierno municipal, de <b>privatizar los 15 aparcamientos m\u00e1s rentables <\/b>de <b>BSM<\/b>, con la consiguiente subrogaci\u00f3n de personal, as\u00ed como la merma econ\u00f3mica que esto supondr\u00e1 en las cuentas de BSM los pr\u00f3ximos a\u00f1os, y que puede suponer, <b>decisiones pol\u00edticas y empresariales contra los trabajadores\/as de BSM.<\/b><\/div>\n<div style=\"text-align: justify\">\n<\/div>\n<div style=\"text-align: justify\">\nPor ello se decidi\u00f3 convocar:<\/div>\n<div style=\"text-align: justify\">\n<\/div>\n<ul>\n<li style=\"text-align: justify\"><b>Jueves 27 a las 16h<\/b>, en la puerta del <b>aparcamiento de Francesc Camb\u00f3<\/b> sito en Via Laietana con Camb\u00f3<\/li>\n<li style=\"text-align: justify\"><b>Viernes 28 de junio a las 09:30h<\/b> en la <b>Pla\u00e7a Sant Jaume<\/b>, el mismo d\u00eda que el gobierno municipal de CiU, tiene previsto dar el aprobado inicial en el pleno municipal, a la privatizaci\u00f3n y \u00abregalo\u00bb de los aparcamientos p\u00fablicos al sector privado.<\/li>\n<\/ul>\n<p><\/p>\n<div style=\"text-align: justify\">\nEsto <b>nos afecta a todos\/as los trabajadores\/as de BSM<\/b>, que nadie piense que no va con ellos\/as, hoy quieren privatizar los 15 aparcamientos m\u00e1s rentables de BSM, <b>\u00bfma\u00f1ana que querr\u00e1n?<\/b>.<\/div>\n<div style=\"text-align: justify\">\n<\/div>\n<div style=\"text-align: justify\">\nDebemos decir bien alto y bien claro, que la gesti\u00f3n se debe hacer desde la administraci\u00f3n p\u00fablica para que el <b>100% de beneficios queden en manos del Ajuntament y de los ciudadanos\/as de BCN<\/b>.<\/div>\n<div style=\"text-align: justify\">\n<\/div>\n<div style=\"text-align: justify\">\n<b>\u00a1\u00a1MOVIL\u00cdZATE POR TU FUTURO LABORAL!!<\/b><\/div>\n<div style=\"text-align: justify\">\n<b><br \/><\/b><\/div>\n<div style=\"text-align: justify\">\n<b>\u00a1\u00a1NO NOS VENDEN, NOS REGALAN!!<\/b><\/div>\n<div style=\"text-align: justify\">\n<b><br \/><\/b><\/div>\n<div style=\"text-align: justify\">\n<b>#NOPRIVATITZACI\u00d3BSM<\/b><\/div>\n","protected":false},"excerpt":{"rendered":"<p>En las asambleas celebradas el pasado jueves 20 de junio, se decidieron convocar dos manifestaciones para este pr\u00f3ximo jueves 27 y viernes 28 de junio, como acciones iniciales por parte &#8230; <a title=\"MANIFESTACIONES EN BSM POR PRIVATIZACI\u00d3N\" class=\"read-more\" href=\"https:\/\/ccoo.app\/barcelona-serveis-municipals\/manifestaciones-en-bsm-por-privatizacion\/\" aria-label=\"M\u00e9s informaci\u00f3 sobre MANIFESTACIONES EN BSM POR PRIVATIZACI\u00d3N\">Read more<\/a><\/p>\n","protected":false},"author":4519,"featured_media":0,"comment_status":"closed","ping_status":"closed","sticky":false,"template":"","format":"standard","meta":{"footnotes":""},"categories":[1],"tags":[],"class_list":["post-3019","post","type-post","status-publish","format-standard","hentry","category-sin-categoria","generate-columns","tablet-grid-50","mobile-grid-100","grid-parent","grid-33"],"_links":{"self":[{"href":"https:\/\/ccoo.app\/barcelona-serveis-municipals\/wp-json\/wp\/v2\/posts\/3019","targetHints":{"allow":["GET"]}}],"collection":[{"href":"https:\/\/ccoo.app\/barcelona-serveis-municipals\/wp-json\/wp\/v2\/posts"}],"about":[{"href":"https:\/\/ccoo.app\/barcelona-serveis-municipals\/wp-json\/wp\/v2\/types\/post"}],"author":[{"embeddable":true,"href":"https:\/\/ccoo.app\/barcelona-serveis-municipals\/wp-json\/wp\/v2\/users\/4519"}],"replies":[{"embeddable":true,"href":"https:\/\/ccoo.app\/barcelona-serveis-municipals\/wp-json\/wp\/v2\/comments?post=3019"}],"version-history":[{"count":0,"href":"https:\/\/ccoo.app\/barcelona-serveis-municipals\/wp-json\/wp\/v2\/posts\/3019\/revisions"}],"wp:attachment":[{"href":"https:\/\/ccoo.app\/barcelona-serveis-municipals\/wp-json\/wp\/v2\/media?parent=3019"}],"wp:term":[{"taxonomy":"category","embeddable":true,"href":"https:\/\/ccoo.app\/barcelona-serveis-municipals\/wp-json\/wp\/v2\/categories?post=3019"},{"taxonomy":"post_tag","embeddable":true,"href":"https:\/\/ccoo.app\/barcelona-serveis-municipals\/wp-json\/wp\/v2\/tags?post=3019"}],"curies":[{"name":"wp","href":"https:\/\/api.w.org\/{rel}","templated":true}]}}