{"id":3018,"date":"2013-06-29T13:12:00","date_gmt":"2013-06-29T11:12:00","guid":{"rendered":"https:\/\/ccoo.app\/barcelona-serveis-municipals\/videos-y-noticias-sobre-las-manifestaciones-y-privatizacion-en-bsm\/"},"modified":"2013-06-29T13:12:00","modified_gmt":"2013-06-29T11:12:00","slug":"videos-y-noticias-sobre-las-manifestaciones-y-privatizacion-en-bsm","status":"publish","type":"post","link":"https:\/\/ccoo.app\/barcelona-serveis-municipals\/videos-y-noticias-sobre-las-manifestaciones-y-privatizacion-en-bsm\/","title":{"rendered":"V\u00eddeos y Noticias sobre las manifestaciones y privatizaci\u00f3n en BSM"},"content":{"rendered":"<div style=\"text-align: justify\">\nComo todos sabr\u00e9is estos pasados jueves 27 y viernes 28, el comit\u00e9 de empresa de BSM convoc\u00f3 manifestaciones ante el anuncio de privatizaci\u00f3n de los 15 aparcamientos m\u00e1s rentables de BSM. En el pleno de ayer, CiU con el apoyo del PP, inici\u00f3 los tr\u00e1mites para la creaci\u00f3n de esta nueva sociedad privada-p\u00fablico, d\u00f3nde el Ajuntament de BCN, regala la gesti\u00f3n y los beneficios mayoritarios a empresas privadas.<\/div>\n<div style=\"text-align: justify\">\n<\/div>\n<div style=\"text-align: justify\">\nOs adjuntamos v\u00eddeos de todas las movilizaciones, as\u00ed como numerosas informaciones e im\u00e1genes de estos dias en prensa.<\/div>\n<div style=\"text-align: justify\">\n<\/div>\n<div style=\"text-align: justify\">\nManifestaci\u00f3n Jueves 27 en Via Laietana con entrevista de Barcelona Tv<\/p>\n<div style=\"clear: both;text-align: center\">\n<object><\/object><\/div>\n<p>\n<\/div>\n<p>Viernes 28 en Pla\u00e7a Sant Jaume y en el interior del pleno del Ajuntament BCN<\/p>\n<div style=\"clear: both;text-align: center\">\n<object><\/object><\/div>\n<p>\nInterrupci\u00f3n Plenario Ajuntament BCN por parte comit\u00e9 empresa BSM<\/p>\n<p>V\u00eddeo resumen del Ajuntament de Barcelona, sobre la privatizaci\u00f3n aprobada en pleno<\/p>\n<div style=\"clear: both;text-align: center\">\n<object><\/object><\/div>\n<p>Noticias en prensa:<\/p>\n<p><a href=\"http:\/\/www.btv.cat\/btvnoticies\/2013\/06\/17\/treballadors-bsm-privatitzacio-empresa-rentabl\/\">Els treballadors de B:SM acusen el govern de privatitzar una empresa p\u00fablica amb beneficis<\/a><\/p>\n<p><a href=\"http:\/\/www.diagonalperiodico.net\/global\/ayuntamiento-barcelona-plantea-privatizar-parte-aparcamientos-publicos.html\">El Comit\u00e9 de empresa de BSM denuncia que regalan la empresa al sector privado<\/a><\/p>\n<p><a href=\"http:\/\/www.iniciativa.cat\/bcn\/news\/45526\">ICV-EUiA acusa Trias de \u00abmaquillar una operaci\u00f3 de privatitzaci\u00f3 dels aparcaments de la ciutat\u00bb <\/a>&nbsp; <\/p>\n<p><a href=\"http:\/\/www.flickr.com\/photos\/pscbarcelona\/9134560434\/lightbox\/\">Infografia del PSC, \u00abl&#8217;alcalde Trias regala l&#8217;empresa p\u00fablica BSM al sector privat<\/a>\u00ab<\/p>\n<p><a href=\"http:\/\/barcelona.socialistes.cat\/noticia\/marti-a-trias-el-mercat-esta-per-utilitzar-lo-no-per-venerar-lo\">Intervenci\u00f3n del PSC al pleno del Ajuntament BCN: \u00abEl mercat est\u00e0 per utilitzar-lo, no per venerar-lo\u00bb<\/a><\/p>\n<p><a href=\"http:\/\/www.btv.cat\/btvnoticies\/2013\/06\/27\/protesta-dels-treballadors-de-bsm\/\">Mig centenar de treballadors de B:SM protesten contra la privatitzaci\u00f3 dels aparcaments<\/a><\/p>\n<p><a href=\"http:\/\/www.elperiodico.com\/es\/noticias\/barcelona\/ciu-encarrila-sociedad-mixta-aparcamientos-con-apoyo-del-abstencion-upb-2443489\">CiU encarrila la sociedad mixta de aparcamientos con el apoyo del PP y la abstenci\u00f3n de UpB<\/a><\/p>\n<p><a href=\"http:\/\/www.lavanguardia.com\/local\/barcelona\/20130628\/54377052200\/barcelona-tramite-poner-concesion-26-aparcamientos-centro.html\">Barcelona abre el tr\u00e1mite para poner en concesi\u00f3n 26 aparcamientos del centro<\/a><\/p>\n<p><a href=\"http:\/\/www.btv.cat\/btvnoticies\/2013\/06\/28\/protesta-a-les-portes-de-l%E2%80%99ajuntament-dels-treballadors-de-bsm\/\">La semiprivatitzaci\u00f3 d\u2019aparcaments arrenca amb la protesta dels treballadors al ple<\/a><\/p>\n<p><a href=\"http:\/\/www.abc.es\/agencias\/noticia.asp?noticia=1447679\">Una protesta de trabajadores de B:SM irrumpe en el plenario<\/a><\/p>\n<p><a href=\"http:\/\/w110.bcn.cat\/portal\/site\/Home\/menuitem.14f90aeeb15793636d5d05f320348a0c\/?vgnextoid=6bc4b9dd78b8f310VgnVCM1000001947900aRCRD&amp;vgnextchannel=0000000000001653VgnV6CONT00000000200RCRD&amp;vgnextfmt=formatDetall&amp;lang=ca_ES\">La nova gesti\u00f3 dels aparcaments municipals fa els primers passos &nbsp;<\/a> <\/p>\n<p><a href=\"http:\/\/www.elperiodico.com\/es\/noticias\/opinion\/ruinoso-negocio-trias-2444310\">El ruinoso negocio de Trias<\/a><\/p>\n<p><a href=\"http:\/\/www.btv.cat\/btvnoticies\/liveblog_entry\/361326\/280613bsmr\/\">Imatge del regidor Joan Laporta, mentre li queien comunicats del comit\u00e9 d&#8217;empresa BSM<\/a><\/p>\n<p><span style=\"background-color: white;line-height: 1.3em\"><a href=\"http:\/\/lamentable.org\/?p=11404\"><span style=\"font-family: inherit\">Barcelona far\u00e0 un mal negoci amb la nova empresa d\u2019aparcaments<\/span><\/a><\/span><\/p>\n<p>Im\u00e1genes sobre movilizaciones:<\/p>\n<div style=\"clear: both;text-align: center\">\n<\/div>\n<div style=\"clear: both;text-align: center\">\n<a href=\"http:\/\/4.bp.blogspot.com\/-ruVGQxkh150\/Uc68CfzyFvI\/AAAAAAAABow\/4sYb7AnsBNM\/s600\/Mani+Camb%C3%B3.jpg\" style=\"margin-left: 1em;margin-right: 1em\"><img loading=\"lazy\" decoding=\"async\" border=\"0\" height=\"300\" src=\"http:\/\/4.bp.blogspot.com\/-ruVGQxkh150\/Uc68CfzyFvI\/AAAAAAAABow\/4sYb7AnsBNM\/s400\/Mani+Camb%C3%B3.jpg\" width=\"400\" \/><\/a><\/div>\n<p><\/p>\n<div style=\"clear: both;text-align: center\">\n<a href=\"http:\/\/4.bp.blogspot.com\/-jsBBHQmIw7c\/Uc68EY1-lHI\/AAAAAAAABpQ\/WKtQ9LXQC8k\/s600\/Sanchico+en+pleno.jpg\" style=\"margin-left: 1em;margin-right: 1em\"><img loading=\"lazy\" decoding=\"async\" border=\"0\" height=\"300\" src=\"http:\/\/4.bp.blogspot.com\/-jsBBHQmIw7c\/Uc68EY1-lHI\/AAAAAAAABpQ\/WKtQ9LXQC8k\/s400\/Sanchico+en+pleno.jpg\" width=\"400\" \/><\/a><\/div>\n<div style=\"clear: both;text-align: center\">\n<\/div>\n<div style=\"clear: both;text-align: center\">\n<a href=\"http:\/\/1.bp.blogspot.com\/-fR_aufgXESQ\/Uc68DX7jRCI\/AAAAAAAABpM\/QC7_18NxcOQ\/s600\/Nos+venden+Sin+raz%25C3%25B3n+aqu%25C3%25AD.jpg\" style=\"margin-left: 1em;margin-right: 1em\"><img loading=\"lazy\" decoding=\"async\" border=\"0\" height=\"240\" src=\"http:\/\/1.bp.blogspot.com\/-fR_aufgXESQ\/Uc68DX7jRCI\/AAAAAAAABpM\/QC7_18NxcOQ\/s400\/Nos+venden+Sin+raz%25C3%25B3n+aqu%25C3%25AD.jpg\" width=\"400\" \/><\/a><\/div>\n<div style=\"clear: both;text-align: center\">\n<\/div>\n<div style=\"clear: both;text-align: center\">\n<a href=\"http:\/\/1.bp.blogspot.com\/-42fpQSH4_y0\/Uc68B_0x94I\/AAAAAAAABo0\/p3fvs4-0xWI\/s368\/Laporta+en+ple+BCN.jpg\" style=\"margin-left: 1em;margin-right: 1em\"><img loading=\"lazy\" decoding=\"async\" border=\"0\" height=\"266\" src=\"http:\/\/1.bp.blogspot.com\/-42fpQSH4_y0\/Uc68B_0x94I\/AAAAAAAABo0\/p3fvs4-0xWI\/s400\/Laporta+en+ple+BCN.jpg\" width=\"400\" \/><\/a><\/div>\n<p><\/p>\n<div style=\"clear: both;text-align: center\">\n<a href=\"http:\/\/4.bp.blogspot.com\/-4WlassMXcxQ\/Uc68DUivu8I\/AAAAAAAABpE\/wjokbH_2Giw\/s774\/Comite+BSM+interrumpe+pleno.jpg\" style=\"margin-left: 1em;margin-right: 1em\"><img loading=\"lazy\" decoding=\"async\" border=\"0\" height=\"255\" src=\"http:\/\/4.bp.blogspot.com\/-4WlassMXcxQ\/Uc68DUivu8I\/AAAAAAAABpE\/wjokbH_2Giw\/s400\/Comite+BSM+interrumpe+pleno.jpg\" width=\"400\" \/><\/a><\/div>\n<div style=\"clear: both;text-align: center\">\n<\/div>\n<div style=\"clear: both;text-align: center\">\n<\/div>\n","protected":false},"excerpt":{"rendered":"<p>Como todos sabr\u00e9is estos pasados jueves 27 y viernes 28, el comit\u00e9 de empresa de BSM convoc\u00f3 manifestaciones ante el anuncio de privatizaci\u00f3n de los 15 aparcamientos m\u00e1s rentables de &#8230; <a title=\"V\u00eddeos y Noticias sobre las manifestaciones y privatizaci\u00f3n en BSM\" class=\"read-more\" href=\"https:\/\/ccoo.app\/barcelona-serveis-municipals\/videos-y-noticias-sobre-las-manifestaciones-y-privatizacion-en-bsm\/\" aria-label=\"M\u00e9s informaci\u00f3 sobre V\u00eddeos y Noticias sobre las manifestaciones y privatizaci\u00f3n en BSM\">Read more<\/a><\/p>\n","protected":false},"author":4519,"featured_media":0,"comment_status":"closed","ping_status":"closed","sticky":false,"template":"","format":"standard","meta":{"footnotes":""},"categories":[1],"tags":[],"class_list":["post-3018","post","type-post","status-publish","format-standard","hentry","category-sin-categoria","generate-columns","tablet-grid-50","mobile-grid-100","grid-parent","grid-33"],"_links":{"self":[{"href":"https:\/\/ccoo.app\/barcelona-serveis-municipals\/wp-json\/wp\/v2\/posts\/3018","targetHints":{"allow":["GET"]}}],"collection":[{"href":"https:\/\/ccoo.app\/barcelona-serveis-municipals\/wp-json\/wp\/v2\/posts"}],"about":[{"href":"https:\/\/ccoo.app\/barcelona-serveis-municipals\/wp-json\/wp\/v2\/types\/post"}],"author":[{"embeddable":true,"href":"https:\/\/ccoo.app\/barcelona-serveis-municipals\/wp-json\/wp\/v2\/users\/4519"}],"replies":[{"embeddable":true,"href":"https:\/\/ccoo.app\/barcelona-serveis-municipals\/wp-json\/wp\/v2\/comments?post=3018"}],"version-history":[{"count":0,"href":"https:\/\/ccoo.app\/barcelona-serveis-municipals\/wp-json\/wp\/v2\/posts\/3018\/revisions"}],"wp:attachment":[{"href":"https:\/\/ccoo.app\/barcelona-serveis-municipals\/wp-json\/wp\/v2\/media?parent=3018"}],"wp:term":[{"taxonomy":"category","embeddable":true,"href":"https:\/\/ccoo.app\/barcelona-serveis-municipals\/wp-json\/wp\/v2\/categories?post=3018"},{"taxonomy":"post_tag","embeddable":true,"href":"https:\/\/ccoo.app\/barcelona-serveis-municipals\/wp-json\/wp\/v2\/tags?post=3018"}],"curies":[{"name":"wp","href":"https:\/\/api.w.org\/{rel}","templated":true}]}}