{"id":3017,"date":"2013-07-03T14:53:00","date_gmt":"2013-07-03T12:53:00","guid":{"rendered":"https:\/\/ccoo.app\/barcelona-serveis-municipals\/2a-reunion-privatizacion-aparcamientos-bsm\/"},"modified":"2013-07-03T14:53:00","modified_gmt":"2013-07-03T12:53:00","slug":"2a-reunion-privatizacion-aparcamientos-bsm","status":"publish","type":"post","link":"https:\/\/ccoo.app\/barcelona-serveis-municipals\/2a-reunion-privatizacion-aparcamientos-bsm\/","title":{"rendered":"2\u00aa Reuni\u00f3n privatizaci\u00f3n Aparcamientos BSM"},"content":{"rendered":"<div style=\"text-align: justify\">\n<a href=\"http:\/\/2.bp.blogspot.com\/-vc10oMsbGDY\/UdQa6aF2CYI\/AAAAAAAABpk\/fZ90CMxOyOM\/s367\/me+voy+a+pulir+BSM.jpg\" style=\"clear: left;float: left;margin-bottom: 1em;margin-right: 1em\"><img loading=\"lazy\" decoding=\"async\" border=\"0\" height=\"182\" src=\"http:\/\/2.bp.blogspot.com\/-vc10oMsbGDY\/UdQa6aF2CYI\/AAAAAAAABpk\/fZ90CMxOyOM\/s200\/me+voy+a+pulir+BSM.jpg\" width=\"200\" \/><\/a>En el d\u00eda de hoy, mi\u00e9rcoles 3 de julio, una representaci\u00f3n del comit\u00e9 de empresa hemos asistido a la 2\u00aa reuni\u00f3n sobre la subrogaci\u00f3n de parte del personal de BSM, como consecuencia de la <b>privatizaci\u00f3n<\/b> de los 15 aparcamientos m\u00e1s rentables.<\/div>\n<div style=\"text-align: justify\">\n<\/div>\n<div style=\"text-align: justify\">\nPor parte de la Direcci\u00f3n de BSM, nos preguntan si tenemos <b>criterios<\/b> para elegir al personal, a lo que la representaci\u00f3n social ha argumentado que <b>ning\u00fan criterio es v\u00e1lido<\/b>, y que nuestro \u00fanico objetivo es que no se privaticen los aparcamientos de BSM, y que en todo caso solicitamos que el personal susceptible de subrogaci\u00f3n sea<b> recolocado<\/b> en las distintas unidades de BSM, para que ning\u00fan trabajador\/a tenga que verse obligado a cambiar de empresa.<\/div>\n<div style=\"text-align: justify\">\n<\/div>\n<div style=\"text-align: justify\">\nLa Direcci\u00f3n nos vuelve a confirmar que ser\u00e1n un m\u00ednimo de <b>22 personas afectadas<\/b>, pudiendo ampliarse <b>hasta 30 personas como m\u00e1ximo<\/b>, con la posibilidad de que 1 persona sea de recaudaci\u00f3n y otra de administraci\u00f3n, el resto de personal ser\u00e1 el operativo de aparcamientos.<\/div>\n<div style=\"text-align: justify\">\n<\/div>\n<div style=\"clear: both;text-align: center\">\n<a href=\"http:\/\/2.bp.blogspot.com\/-TiEaP1QPhCY\/UdQbVPheb9I\/AAAAAAAABps\/RUlgJ7_YwlM\/s259\/privatizaci%C3%B3n+basura.jpg\" style=\"clear: right;float: right;margin-bottom: 1em;margin-left: 1em\"><img decoding=\"async\" border=\"0\" src=\"http:\/\/2.bp.blogspot.com\/-TiEaP1QPhCY\/UdQbVPheb9I\/AAAAAAAABps\/RUlgJ7_YwlM\/s1600\/privatizaci%C3%B3n+basura.jpg\" \/><\/a><\/div>\n<div style=\"text-align: justify\">\nPor parte de CCOO_BSM hemos manifestado, que <b>en caso<\/b> de que la Direcci\u00f3n de BSM, <b>no opte por la recolocaci\u00f3n <\/b>de todo el personal <b>y <\/b>si por la subrogaci\u00f3n, entendemos que el \u00fanico criterio posible para la elecci\u00f3n del personal, es un <b>sorteo<\/b> entre todo el personal susceptible de ser subrogado. Como era de esperar, <b>la Direcci\u00f3n de BSM ha rechazado <\/b>esta propuesta, ya que a nuestro entender, tienen<b> <\/b>m\u00e1s que claro a<b> quienes poner en la famosa lista negra<\/b>, y que aunque en el futuro intenten explicarnos argumentos de porque han elegido a unos\/as y no a otros\/as, lo \u00fanico claro es que <b>elegir\u00e1n a qui\u00e9n quieran y por los motivos que quieran.<\/b><\/div>\n<div style=\"text-align: justify\">\n<\/div>\n<div style=\"text-align: justify\">\nDesde CCOO_BSM, tambi\u00e9n hemos <b>reprochado<\/b> que entre el personal susceptible de ser subrogado, <b>no se encuentre ning\u00fan encargado, jefe, directivo, ni personal fuera de convenio<\/b>, dejando claro que esta empresa s\u00f3lo act\u00faa contra los m\u00e1s d\u00e9biles.<\/div>\n<div style=\"text-align: justify\">\n<\/div>\n<div style=\"text-align: justify\">\n<a href=\"http:\/\/1.bp.blogspot.com\/-x8Z5tk7F-2U\/UdQbdYoiQBI\/AAAAAAAABp0\/KWzkWI3Pt3o\/s600\/Nos+venden+Sin+raz%C3%B3n+aqu%C3%AD.jpg\" style=\"clear: left;float: left;margin-bottom: 1em;margin-right: 1em\"><img loading=\"lazy\" decoding=\"async\" border=\"0\" height=\"120\" src=\"http:\/\/1.bp.blogspot.com\/-x8Z5tk7F-2U\/UdQbdYoiQBI\/AAAAAAAABp0\/KWzkWI3Pt3o\/s200\/Nos+venden+Sin+raz%C3%B3n+aqu%C3%AD.jpg\" width=\"200\" \/><\/a>La pr\u00f3xima reuni\u00f3n est\u00e1 prevista para el jueves 18 de julio, manteniendo la previsi\u00f3n seg\u00fan la Direcci\u00f3n, de que a <b>31 de julio<\/b> deben estar las personas elegidas para la nueva empresa.<\/div>\n<div style=\"text-align: justify\">\n<\/div>\n<div style=\"text-align: justify\">\n<b><br \/><\/b><\/div>\n<div style=\"text-align: justify\">\n<b><br \/><\/b><\/div>\n<div style=\"text-align: justify\">\n<b>En BSM no sobra ning\u00fan trabajador\/a, todo lo contrario faltan en todas las unidades.<\/b><\/div>\n","protected":false},"excerpt":{"rendered":"<p>En el d\u00eda de hoy, mi\u00e9rcoles 3 de julio, una representaci\u00f3n del comit\u00e9 de empresa hemos asistido a la 2\u00aa reuni\u00f3n sobre la subrogaci\u00f3n de parte del personal de BSM, &#8230; <a title=\"2\u00aa Reuni\u00f3n privatizaci\u00f3n Aparcamientos BSM\" class=\"read-more\" href=\"https:\/\/ccoo.app\/barcelona-serveis-municipals\/2a-reunion-privatizacion-aparcamientos-bsm\/\" aria-label=\"M\u00e9s informaci\u00f3 sobre 2\u00aa Reuni\u00f3n privatizaci\u00f3n Aparcamientos BSM\">Read more<\/a><\/p>\n","protected":false},"author":4519,"featured_media":0,"comment_status":"closed","ping_status":"closed","sticky":false,"template":"","format":"standard","meta":{"footnotes":""},"categories":[1],"tags":[],"class_list":["post-3017","post","type-post","status-publish","format-standard","hentry","category-sin-categoria","generate-columns","tablet-grid-50","mobile-grid-100","grid-parent","grid-33"],"_links":{"self":[{"href":"https:\/\/ccoo.app\/barcelona-serveis-municipals\/wp-json\/wp\/v2\/posts\/3017","targetHints":{"allow":["GET"]}}],"collection":[{"href":"https:\/\/ccoo.app\/barcelona-serveis-municipals\/wp-json\/wp\/v2\/posts"}],"about":[{"href":"https:\/\/ccoo.app\/barcelona-serveis-municipals\/wp-json\/wp\/v2\/types\/post"}],"author":[{"embeddable":true,"href":"https:\/\/ccoo.app\/barcelona-serveis-municipals\/wp-json\/wp\/v2\/users\/4519"}],"replies":[{"embeddable":true,"href":"https:\/\/ccoo.app\/barcelona-serveis-municipals\/wp-json\/wp\/v2\/comments?post=3017"}],"version-history":[{"count":0,"href":"https:\/\/ccoo.app\/barcelona-serveis-municipals\/wp-json\/wp\/v2\/posts\/3017\/revisions"}],"wp:attachment":[{"href":"https:\/\/ccoo.app\/barcelona-serveis-municipals\/wp-json\/wp\/v2\/media?parent=3017"}],"wp:term":[{"taxonomy":"category","embeddable":true,"href":"https:\/\/ccoo.app\/barcelona-serveis-municipals\/wp-json\/wp\/v2\/categories?post=3017"},{"taxonomy":"post_tag","embeddable":true,"href":"https:\/\/ccoo.app\/barcelona-serveis-municipals\/wp-json\/wp\/v2\/tags?post=3017"}],"curies":[{"name":"wp","href":"https:\/\/api.w.org\/{rel}","templated":true}]}}