{"id":3016,"date":"2013-07-08T12:14:00","date_gmt":"2013-07-08T10:14:00","guid":{"rendered":"https:\/\/ccoo.app\/barcelona-serveis-municipals\/firma-y-difunde-contra-la-privatizacion-de-aparcamientos-municipales\/"},"modified":"2013-07-08T12:14:00","modified_gmt":"2013-07-08T10:14:00","slug":"firma-y-difunde-contra-la-privatizacion-de-aparcamientos-municipales","status":"publish","type":"post","link":"https:\/\/ccoo.app\/barcelona-serveis-municipals\/firma-y-difunde-contra-la-privatizacion-de-aparcamientos-municipales\/","title":{"rendered":"FIRMA Y DIFUNDE CONTRA LA PRIVATIZACI\u00d3N DE APARCAMIENTOS MUNICIPALES"},"content":{"rendered":"<p><\/p>\n<div style=\"background-color: #f9f9f9;border: 0px;color: #4f4f4f;font-family: Helvetica, Arial, sans-serif;font-size: 15px;line-height: 22px;margin: 0px;padding: 0px;vertical-align: baseline\">\n<div style=\"border: 0px;float: left;font-family: inherit;font-size: inherit;font-style: inherit;font-variant: inherit;line-height: inherit;margin: 0px 10px 0px 0px;padding: 0px;vertical-align: baseline;width: 556px\">\n<a data-toggle=\"{&quot;parent&quot;:&quot;.petition-target&quot;,&quot;selector&quot;:&quot;.target-list-wrapper&quot;,&quot;slide&quot;:150}\" href=\"http:\/\/www.change.org\/es\/peticiones\/sr-xavier-trias-alcalde-de-barcelona-no-a-la-privatizaci%C3%B3n-de-aparcamientos-municipales\" style=\"border: 0px;color: #5d9fb7;font-family: inherit;font-size: inherit;font-style: inherit;font-variant: inherit;line-height: inherit;margin: 0px;padding: 0px;text-decoration: none;vertical-align: baseline\"><\/p>\n<ul style=\"border: 0px;color: #4f4f4f;font-family: inherit;font-size: inherit;font-style: inherit;font-variant: inherit;line-height: inherit;margin: 0px 0px 7.5px;padding: 0px;vertical-align: baseline\">\n<li style=\"border: 0px;font-family: inherit;font-size: 18px;font-variant: inherit;margin-bottom: 0px !important;margin-left: 0px;margin-right: 0px;margin-top: 0px;padding: 0px;vertical-align: top\">Petici\u00f3n dirigida a: Sr. Xavier Trias, alcalde de Barcelona&nbsp;<span style=\"border: 0px;font-family: Change-Symbols;font-size: inherit;font-variant: inherit;line-height: inherit;margin: 0px;padding: 0px;vertical-align: baseline\"><\/span><\/li>\n<\/ul>\n<p><\/a><\/div>\n<\/div>\n<div style=\"background-color: #f9f9f9;border: 0px;color: #4f4f4f;font-family: Helvetica, Arial, sans-serif;font-size: 15px;line-height: 22px;margin: 0px;padding: 0px;vertical-align: baseline\">\n<h1 style=\"border: 0px;font-family: 'Change Din', 'Change Siddhanta', Helvetica, Arial, sans-serif;font-size: 36px;font-variant: inherit;font-weight: normal;line-height: 41px;margin: 0px 0px 30px;padding: 0px;vertical-align: baseline\">\n<span style=\"font-variant: inherit\"><br \/><\/span><\/h1>\n<h1 style=\"border: 0px;font-family: 'Change Din', 'Change Siddhanta', Helvetica, Arial, sans-serif;font-size: 36px;font-variant: inherit;font-weight: normal;line-height: 41px;margin: 0px 0px 30px;padding: 0px;text-align: justify;vertical-align: baseline\">\n<span style=\"font-variant: inherit\"><a href=\"http:\/\/www.change.org\/es\/peticiones\/sr-xavier-trias-alcalde-de-barcelona-no-a-la-privatizaci%C3%B3n-de-aparcamientos-municipales\">Sr. Xavier Trias, alcalde de Barcelona: No a la Privatizaci\u00f3n de aparcamientos municipales<\/a><\/span><\/h1>\n<div style=\"text-align: justify\">\n<span style=\"background-color: white;font-size: 18px;line-height: 25px\">El gobierno municipal en Barcelona de CiU, con el apoyo del PP, pretenden crear una nueva sociedad privada-p\u00fablico, con un 60% para el privado y un 40% de participaci\u00f3n p\u00fablica, con los 26 aparcamientos municipales m\u00e1s c\u00e9ntricos y rentables econ\u00f3micamente, de la ciudad de Barcelona.<\/span><\/div>\n<div>\n<div style=\"text-align: justify\">\n<span style=\"background-color: white;font-size: 18px;line-height: 25px\">&nbsp;<\/span><\/div>\n<p><span style=\"background-color: white;font-size: 18px;line-height: 25px\"><\/p>\n<div style=\"text-align: justify\">\nPor esta nueva sociedad, con una duraci\u00f3n de 25 a\u00f1os, el Ayuntamiento espera ingresar 100 millones de euros, cuando los beneficios aproximados de estos 26 aparcamientos ascienden a 15 millones de euros anuales, multiplicado por los 25 a\u00f1os ascienden a 375 millones de euros.<\/div>\n<p><\/span><\/div>\n<div>\n<div style=\"text-align: justify\">\n<span style=\"background-color: white;font-size: 18px;line-height: 25px\">&nbsp;<\/span><\/div>\n<p><span style=\"background-color: white;font-size: 18px;line-height: 25px\"><\/p>\n<div style=\"text-align: justify\">\nA parte de la enorme cuant\u00eda econ\u00f3mica, que el sr. Xavier Trias, quiere dejar de ingresar en las arcas municipales con esta operaci\u00f3n, a nadie se nos escapa que estamos en el peor momento de venta, en plena crisis econ\u00f3mica, por lo que m\u00e1s que una concesi\u00f3n, parece un regalo al sector privado.<\/div>\n<p><\/span><\/div>\n<div>\n<div style=\"text-align: justify\">\n<span style=\"background-color: white;font-size: 18px;line-height: 25px\">&nbsp;<\/span><\/div>\n<p><span style=\"background-color: white;font-size: 18px;line-height: 25px\"><\/p>\n<div style=\"text-align: justify\">\nLos aparcamientos municipales, deben ser gestionados p\u00fablicamente y todos los beneficios que generen, deben revertir directamente en las arcas p\u00fablicas.&nbsp;<\/div>\n<p><\/span><span style=\"background-color: white;font-size: 18px;line-height: 25px\"><\/p>\n<div style=\"text-align: justify\">\nSi esta medida sale adelante, los \u00fanicos beneficiados ser\u00e1n las empresas privadas de aparcamientos que consigan una nueva sociedad por 25 a\u00f1os, la cu\u00e1l controlar\u00e1 los 26 aparcamientos m\u00e1s c\u00e9ntricos de Barcelona, encareciendo las tarifas sin competencia alguna.<\/div>\n<p><\/span><\/div>\n<div>\n<div style=\"text-align: justify\">\n<span style=\"background-color: white;font-size: 18px;line-height: 25px\">&nbsp;<\/span><\/div>\n<p><span style=\"background-color: white;font-size: 18px;line-height: 25px\"><\/p>\n<div style=\"text-align: justify\">\nIntentemos parar con nuestras firmas esta privatizaci\u00f3n de los aparcamientos municipales de Barcelona, para que la gesti\u00f3n y los beneficios sean 100% p\u00fablicos.<\/div>\n<p><\/span><\/div>\n<div style=\"text-align: justify\">\n<span style=\"background-color: white;font-size: 18px;line-height: 25px\"><br \/><\/span><\/div>\n<div style=\"text-align: justify\">\n<span style=\"background-color: white;font-size: 18px;line-height: 25px\">Firma y difunde esta iniciativa&nbsp;<\/span><\/div>\n<div style=\"text-align: justify\">\n<\/div>\n<div style=\"text-align: justify\">\n<a href=\"http:\/\/www.change.org\/es\/peticiones\/sr-xavier-trias-alcalde-de-barcelona-no-a-la-privatizaci%C3%B3n-de-aparcamientos-municipales\">http:\/\/www.change.org\/es\/peticiones\/sr-xavier-trias-alcalde-de-barcelona-no-a-la-privatizaci%C3%B3n-de-aparcamientos-municipales<\/a><\/div>\n<\/div>\n","protected":false},"excerpt":{"rendered":"<p>Petici\u00f3n dirigida a: Sr. Xavier Trias, alcalde de Barcelona&nbsp; Sr. Xavier Trias, alcalde de Barcelona: No a la Privatizaci\u00f3n de aparcamientos municipales El gobierno municipal en Barcelona de CiU, con &#8230; <a title=\"FIRMA Y DIFUNDE CONTRA LA PRIVATIZACI\u00d3N DE APARCAMIENTOS MUNICIPALES\" class=\"read-more\" href=\"https:\/\/ccoo.app\/barcelona-serveis-municipals\/firma-y-difunde-contra-la-privatizacion-de-aparcamientos-municipales\/\" aria-label=\"M\u00e9s informaci\u00f3 sobre FIRMA Y DIFUNDE CONTRA LA PRIVATIZACI\u00d3N DE APARCAMIENTOS MUNICIPALES\">Read more<\/a><\/p>\n","protected":false},"author":4519,"featured_media":0,"comment_status":"closed","ping_status":"closed","sticky":false,"template":"","format":"standard","meta":{"footnotes":""},"categories":[1],"tags":[],"class_list":["post-3016","post","type-post","status-publish","format-standard","hentry","category-sin-categoria","generate-columns","tablet-grid-50","mobile-grid-100","grid-parent","grid-33"],"_links":{"self":[{"href":"https:\/\/ccoo.app\/barcelona-serveis-municipals\/wp-json\/wp\/v2\/posts\/3016","targetHints":{"allow":["GET"]}}],"collection":[{"href":"https:\/\/ccoo.app\/barcelona-serveis-municipals\/wp-json\/wp\/v2\/posts"}],"about":[{"href":"https:\/\/ccoo.app\/barcelona-serveis-municipals\/wp-json\/wp\/v2\/types\/post"}],"author":[{"embeddable":true,"href":"https:\/\/ccoo.app\/barcelona-serveis-municipals\/wp-json\/wp\/v2\/users\/4519"}],"replies":[{"embeddable":true,"href":"https:\/\/ccoo.app\/barcelona-serveis-municipals\/wp-json\/wp\/v2\/comments?post=3016"}],"version-history":[{"count":0,"href":"https:\/\/ccoo.app\/barcelona-serveis-municipals\/wp-json\/wp\/v2\/posts\/3016\/revisions"}],"wp:attachment":[{"href":"https:\/\/ccoo.app\/barcelona-serveis-municipals\/wp-json\/wp\/v2\/media?parent=3016"}],"wp:term":[{"taxonomy":"category","embeddable":true,"href":"https:\/\/ccoo.app\/barcelona-serveis-municipals\/wp-json\/wp\/v2\/categories?post=3016"},{"taxonomy":"post_tag","embeddable":true,"href":"https:\/\/ccoo.app\/barcelona-serveis-municipals\/wp-json\/wp\/v2\/tags?post=3016"}],"curies":[{"name":"wp","href":"https:\/\/api.w.org\/{rel}","templated":true}]}}