{"id":3015,"date":"2013-07-09T13:58:00","date_gmt":"2013-07-09T11:58:00","guid":{"rendered":"https:\/\/ccoo.app\/barcelona-serveis-municipals\/informacion-convenio-bsm\/"},"modified":"2013-07-09T13:58:00","modified_gmt":"2013-07-09T11:58:00","slug":"informacion-convenio-bsm","status":"publish","type":"post","link":"https:\/\/ccoo.app\/barcelona-serveis-municipals\/informacion-convenio-bsm\/","title":{"rendered":"Informaci\u00f3n Convenio BSM"},"content":{"rendered":"<div style=\"clear: both;text-align: center\">\n<a href=\"http:\/\/2.bp.blogspot.com\/-i74L7vefC1Y\/TeicA1kwehI\/AAAAAAAAAFU\/QD8-xLwLUIM\/s1600\/%252CDanaInfo%253Dvmportal%252BFile_18_11457_403_18_Imatge-Conveni-bsm.png\" style=\"clear: left;float: left;margin-bottom: 1em;margin-right: 1em\"><img decoding=\"async\" border=\"0\" src=\"http:\/\/2.bp.blogspot.com\/-i74L7vefC1Y\/TeicA1kwehI\/AAAAAAAAAFU\/QD8-xLwLUIM\/s1600\/%252CDanaInfo%253Dvmportal%252BFile_18_11457_403_18_Imatge-Conveni-bsm.png\" \/><\/a><\/div>\n<div style=\"text-align: justify\">\nEn el d\u00eda de<br \/>\nayer, lunes 8 de julio, la comisi\u00f3n negociadora del convenio colectivo se<br \/>\nreuni\u00f3 para seguir tratando una <b>posible<br \/>\npr\u00f3rroga<\/b> de convenio o por el contrario iniciar negociaci\u00f3n de convenio.<br \/>\nHasta la fecha, no ha habido propuestas concretas de convenio por parte de la<br \/>\nDirecci\u00f3n de BSM, ya que recordamos que fueron ellos los que a finales de<br \/>\nseptiembre de 2012, denunciaron nuestro convenio colectivo.<\/div>\n<div style=\"text-align: justify\">\n<\/div>\n<div style=\"text-align: justify\">\nDespu\u00e9s de<br \/>\nvarias reuniones donde se vislumbraba una posible pr\u00f3rroga de convenio, y<br \/>\nobservando esta secci\u00f3n sindical, que ya no hay m\u00e1s avance posible en la<br \/>\npr\u00f3rroga, decidimos <b>someterlo en primera<br \/>\ninstancia a nuestros afiliados\/as<\/b>, para que opinen y voten si la pr\u00f3rroga<br \/>\nque ahora os detallaremos ser\u00eda suficiente para poder suscribir un preacuerdo <b>sometido a posteriori a la totalidad de<br \/>\ntrabajadores\/as de BSM<\/b>.<\/div>\n<div style=\"text-align: justify\">\n<\/div>\n<div style=\"text-align: justify\">\nLa <b>pr\u00f3rroga del convenio colectivo de BSM se<br \/>\nplantea de 2013 a 2015<\/b>, sobre el literal del convenio, a excepci\u00f3n de los<br \/>\nincrementos econ\u00f3micos, que ahora os detallamos:<\/div>\n<div style=\"text-align: justify\">\n<\/div>\n<div style=\"margin-left: 70.9pt;text-align: justify;text-indent: -50.7pt\">\n<!--[if !supportLists]--><span style=\"font-family: Symbol\">\u00b7<span style=\"font-family: 'Times New Roman';font-size: 7pt\">&nbsp;&nbsp;&nbsp;&nbsp;&nbsp;&nbsp;<br \/>\n<\/span><\/span><!--[endif]-->A\u00f1o <b>2013<\/b>&nbsp;&nbsp;&nbsp;&nbsp;&nbsp; incremento <b>0% <\/b>(estamos congelados por ley)<\/div>\n<div style=\"margin-left: 70.9pt;text-align: justify;text-indent: -50.7pt\">\n<!--[if !supportLists]--><span style=\"font-family: Symbol\">\u00b7<span style=\"font-family: 'Times New Roman';font-size: 7pt\">&nbsp;&nbsp;&nbsp;&nbsp;&nbsp;&nbsp;<br \/>\n<\/span><\/span><!--[endif]-->A\u00f1o <b>2014<\/b><br \/>\n&nbsp;&nbsp;&nbsp;&nbsp; incremento<br \/>\n<b>0%<\/b><\/div>\n<div style=\"margin-left: 106.35pt;text-align: justify;text-indent: -3.0cm\">\n<!--[if !supportLists]--><span style=\"font-family: Symbol\">\u00b7<span style=\"font-family: 'Times New Roman';font-size: 7pt\">&nbsp;&nbsp;<\/span><\/span>A\u00f1o&nbsp;<b>2015<\/b><br \/>\n&nbsp;incremento <b>1,5%,<\/b> m\u00e1s diferenciales del <b>0<br \/>\nal 0,40%.<\/b>&nbsp;<span style=\"text-indent: -3cm\">Los <\/span><b style=\"text-indent: -3cm\">diferenciales<\/b><span style=\"text-indent: -3cm\"><br \/>\nest\u00e1n&nbsp;<\/span><b style=\"text-indent: -3cm\">vinculados a obtener beneficios en<br \/>\nBSM en el 2014<\/b><\/div>\n<div style=\"text-align: justify\">\n<\/div>\n<div style=\"text-align: justify\">\nA parte de<br \/>\nesto, se crear\u00eda una <b>mesa<\/b> para<br \/>\ntratar el <b>PFP<\/b> (Polivalencia,<br \/>\nFlexibilidad y Productividad), con <b>fecha<br \/>\nfin de 28\/02\/2014<\/b>. Dicha creaci\u00f3n de mesa, no contempla la obligaci\u00f3n de<br \/>\nalcanzar un acuerdo.<\/div>\n<div style=\"text-align: justify\">\n<\/div>\n<div style=\"text-align: justify\">\nRecordaros que<br \/>\nfuera de esta posible pr\u00f3rroga de convenio, est\u00e1 el acuerdo que se alcanz\u00f3 en<br \/>\nDiciembre de 2012, sobre la Disposici\u00f3n Transitoria de nuestro anterior<br \/>\nconvenio, por el que en <b>2014 y 2015<br \/>\nrespectivamente, se nos debe subir un 0,5%<\/b> en nuestras tablas salariales. <b>Este<\/b> <b>acuerdo es independiente de esta pr\u00f3rroga<\/b>, y tanto si se rechaza<br \/>\ncomo si se aprueba, esto se debe cumplir.<\/div>\n<div style=\"text-align: justify\">\n<\/div>\n<div style=\"text-align: justify\">\nAhora os<br \/>\npedimos en primera instancia a los afiliados\/as a CCOO_BSM, vuestra opini\u00f3n al<br \/>\nrespecto, para ello, os haremos llegar una <b>encuesta<br \/>\nonline<\/b>, d\u00f3nde os ser\u00e1 muy f\u00e1cil mostrar vuestra opini\u00f3n y voto.<\/div>\n<div style=\"text-align: justify\">\n<\/div>\n<div style=\"text-align: justify\">\nEn funci\u00f3n del<br \/>\nresultado que se obtenga de nuestra afiliaci\u00f3n, y del resto de sindicatos, y si<br \/>\nesta fuera afirmativa, se alcanzar\u00eda un preacuerdo a someter a la <b>totalidad de la plantilla<\/b> de<br \/>\ntrabajadores\/as de BSM.<\/div>\n<div style=\"text-align: justify\">\n<\/div>\n<div style=\"text-align: justify\">\nAhora tu voto<br \/>\ncuenta, <b>t\u00fa decides<\/b> si esta pr\u00f3rroga<br \/>\nte parece suficiente o prefieres que iniciemos negociaciones de todo el convenio,<br \/>\ncon nuestras propuestas y las de la Direcci\u00f3n de la empresa.<\/div>\n<div style=\"text-align: justify\">\n<\/div>\n<div style=\"text-align: justify\">\nSecci\u00f3n<br \/>\nSindical CCOO_BSM<\/div>\n","protected":false},"excerpt":{"rendered":"<p>En el d\u00eda de ayer, lunes 8 de julio, la comisi\u00f3n negociadora del convenio colectivo se reuni\u00f3 para seguir tratando una posible pr\u00f3rroga de convenio o por el contrario iniciar &#8230; <a title=\"Informaci\u00f3n Convenio BSM\" class=\"read-more\" href=\"https:\/\/ccoo.app\/barcelona-serveis-municipals\/informacion-convenio-bsm\/\" aria-label=\"M\u00e9s informaci\u00f3 sobre Informaci\u00f3n Convenio BSM\">Read more<\/a><\/p>\n","protected":false},"author":4519,"featured_media":0,"comment_status":"closed","ping_status":"closed","sticky":false,"template":"","format":"standard","meta":{"footnotes":""},"categories":[1],"tags":[],"class_list":["post-3015","post","type-post","status-publish","format-standard","hentry","category-sin-categoria","generate-columns","tablet-grid-50","mobile-grid-100","grid-parent","grid-33"],"_links":{"self":[{"href":"https:\/\/ccoo.app\/barcelona-serveis-municipals\/wp-json\/wp\/v2\/posts\/3015","targetHints":{"allow":["GET"]}}],"collection":[{"href":"https:\/\/ccoo.app\/barcelona-serveis-municipals\/wp-json\/wp\/v2\/posts"}],"about":[{"href":"https:\/\/ccoo.app\/barcelona-serveis-municipals\/wp-json\/wp\/v2\/types\/post"}],"author":[{"embeddable":true,"href":"https:\/\/ccoo.app\/barcelona-serveis-municipals\/wp-json\/wp\/v2\/users\/4519"}],"replies":[{"embeddable":true,"href":"https:\/\/ccoo.app\/barcelona-serveis-municipals\/wp-json\/wp\/v2\/comments?post=3015"}],"version-history":[{"count":0,"href":"https:\/\/ccoo.app\/barcelona-serveis-municipals\/wp-json\/wp\/v2\/posts\/3015\/revisions"}],"wp:attachment":[{"href":"https:\/\/ccoo.app\/barcelona-serveis-municipals\/wp-json\/wp\/v2\/media?parent=3015"}],"wp:term":[{"taxonomy":"category","embeddable":true,"href":"https:\/\/ccoo.app\/barcelona-serveis-municipals\/wp-json\/wp\/v2\/categories?post=3015"},{"taxonomy":"post_tag","embeddable":true,"href":"https:\/\/ccoo.app\/barcelona-serveis-municipals\/wp-json\/wp\/v2\/tags?post=3015"}],"curies":[{"name":"wp","href":"https:\/\/api.w.org\/{rel}","templated":true}]}}