{"id":3014,"date":"2013-07-14T20:17:00","date_gmt":"2013-07-14T18:17:00","guid":{"rendered":"https:\/\/ccoo.app\/barcelona-serveis-municipals\/carta-de-queja-de-un-trabajador-del-departamento-de-gruas\/"},"modified":"2013-07-14T20:17:00","modified_gmt":"2013-07-14T18:17:00","slug":"carta-de-queja-de-un-trabajador-del-departamento-de-gruas","status":"publish","type":"post","link":"https:\/\/ccoo.app\/barcelona-serveis-municipals\/carta-de-queja-de-un-trabajador-del-departamento-de-gruas\/","title":{"rendered":"CARTA DE QUEJA DE UN TRABAJADOR DEL DEPARTAMENTO DE GR\u00daAS."},"content":{"rendered":"<p><!--[if gte mso 9]&gt;--><\/p>\n<p>  Normal<br \/>\n  0<br \/>\n  21<\/p>\n<p>  MicrosoftInternetExplorer4<\/p>\n<p><\/p>\n<div style=\"text-align: justify\">\nEl pasado 11\/07\/13, se reuni\u00f3 la comisi\u00f3n negociadora del<br \/>\ndepartamento de Gr\u00faas, para tratar el proyecto de cambios sustanciales de<br \/>\ntareas de trabajo, que ya se est\u00e1 llevando a cabo y que se activar\u00e1 en su<br \/>\ntotalidad a partir del mes de septiembre.<\/div>\n<div style=\"text-align: justify\">\n<\/div>\n<div style=\"text-align: justify\">\nRecordamos que seg\u00fan la direcci\u00f3n de la empresa la<br \/>\npretensi\u00f3n es cambiar horarios, a\u00f1adir d\u00edas, y una bolsa de trabajo para los<br \/>\nservicios prioritarios que puedan surgir al finalizar la jornada a fin de<br \/>\naumentar la calidad de servicio al ciudadano, para lo que quieren fomentar el<br \/>\ntrabajo en equipo.<\/div>\n<div style=\"text-align: justify\">\n<\/div>\n<div style=\"text-align: justify\">\nPues bien, por lo visto algunos mandos intermedios no les ha<br \/>\nllegado tal proyecto, por lo que los delegados de prevenci\u00f3n de CCOO se vieron<br \/>\nobligados a entregar una carta con la queja de un trabajador de gr\u00faas, donde se<br \/>\nrelata unos hechos que evidencian la realidad, que no es precisamente aumentar<br \/>\nel servicio al ciudadano.<\/div>\n<div style=\"text-align: justify\">\n<\/div>\n<div style=\"text-align: justify\">\nLa carta es la siguiente:<\/div>\n<div style=\"text-align: justify\">\n<\/div>\n<div style=\"text-align: justify\">\n<\/div>\n<div style=\"clear: both;text-align: center\">\n<a href=\"http:\/\/3.bp.blogspot.com\/-8kpYM__lqOc\/UeLrJtjU9FI\/AAAAAAAAAKI\/83YU-40xtL0\/s1600\/1111111111Carta+Josep+12-7-13.jpg\" style=\"clear: left;float: left;margin-bottom: 1em;margin-right: 1em\"><img decoding=\"async\" border=\"0\" src=\"http:\/\/3.bp.blogspot.com\/-8kpYM__lqOc\/UeLrJtjU9FI\/AAAAAAAAAKI\/83YU-40xtL0\/s1600\/1111111111Carta+Josep+12-7-13.jpg\" \/><\/a><\/div>\n<div style=\"clear: both;text-align: center\">\n<\/div>\n<div style=\"text-align: justify\">\n<\/div>\n<p><\/p>\n","protected":false},"excerpt":{"rendered":"<p>Normal 0 21 MicrosoftInternetExplorer4 El pasado 11\/07\/13, se reuni\u00f3 la comisi\u00f3n negociadora del departamento de Gr\u00faas, para tratar el proyecto de cambios sustanciales de tareas de trabajo, que ya se &#8230; <a title=\"CARTA DE QUEJA DE UN TRABAJADOR DEL DEPARTAMENTO DE GR\u00daAS.\" class=\"read-more\" href=\"https:\/\/ccoo.app\/barcelona-serveis-municipals\/carta-de-queja-de-un-trabajador-del-departamento-de-gruas\/\" aria-label=\"M\u00e9s informaci\u00f3 sobre CARTA DE QUEJA DE UN TRABAJADOR DEL DEPARTAMENTO DE GR\u00daAS.\">Read more<\/a><\/p>\n","protected":false},"author":4886,"featured_media":0,"comment_status":"closed","ping_status":"closed","sticky":false,"template":"","format":"standard","meta":{"footnotes":""},"categories":[1],"tags":[],"class_list":["post-3014","post","type-post","status-publish","format-standard","hentry","category-sin-categoria","generate-columns","tablet-grid-50","mobile-grid-100","grid-parent","grid-33"],"_links":{"self":[{"href":"https:\/\/ccoo.app\/barcelona-serveis-municipals\/wp-json\/wp\/v2\/posts\/3014","targetHints":{"allow":["GET"]}}],"collection":[{"href":"https:\/\/ccoo.app\/barcelona-serveis-municipals\/wp-json\/wp\/v2\/posts"}],"about":[{"href":"https:\/\/ccoo.app\/barcelona-serveis-municipals\/wp-json\/wp\/v2\/types\/post"}],"author":[{"embeddable":true,"href":"https:\/\/ccoo.app\/barcelona-serveis-municipals\/wp-json\/wp\/v2\/users\/4886"}],"replies":[{"embeddable":true,"href":"https:\/\/ccoo.app\/barcelona-serveis-municipals\/wp-json\/wp\/v2\/comments?post=3014"}],"version-history":[{"count":0,"href":"https:\/\/ccoo.app\/barcelona-serveis-municipals\/wp-json\/wp\/v2\/posts\/3014\/revisions"}],"wp:attachment":[{"href":"https:\/\/ccoo.app\/barcelona-serveis-municipals\/wp-json\/wp\/v2\/media?parent=3014"}],"wp:term":[{"taxonomy":"category","embeddable":true,"href":"https:\/\/ccoo.app\/barcelona-serveis-municipals\/wp-json\/wp\/v2\/categories?post=3014"},{"taxonomy":"post_tag","embeddable":true,"href":"https:\/\/ccoo.app\/barcelona-serveis-municipals\/wp-json\/wp\/v2\/tags?post=3014"}],"curies":[{"name":"wp","href":"https:\/\/api.w.org\/{rel}","templated":true}]}}