{"id":3013,"date":"2013-07-18T21:06:00","date_gmt":"2013-07-18T19:06:00","guid":{"rendered":"https:\/\/ccoo.app\/barcelona-serveis-municipals\/ratificacion-preacuerdo-de-prorroga-de-convenio-18-07-2013\/"},"modified":"2013-07-18T21:06:00","modified_gmt":"2013-07-18T19:06:00","slug":"ratificacion-preacuerdo-de-prorroga-de-convenio-18-07-2013","status":"publish","type":"post","link":"https:\/\/ccoo.app\/barcelona-serveis-municipals\/ratificacion-preacuerdo-de-prorroga-de-convenio-18-07-2013\/","title":{"rendered":"Ratificaci\u00f3n preacuerdo de pr\u00f3rroga de convenio 18.07.2013"},"content":{"rendered":"<p><!--[if !mso]&gt;--><\/p>\n<p><\/p>\n<div style=\"text-align: justify\">\nEn las asambleas celebradas hoy, en ese rinc\u00f3n desacondicionado<br \/>\nque le sobra a la empresa y tan amablemente nos cede para reunirnos, se ha<br \/>\nratificado por mayor\u00eda el preacuerdo de pr\u00f3rrogar el convenio en los terminos<br \/>\nque se fijaron en la reuni\u00f3n del pasado 16 de julio, siendo los siguientes:<\/div>\n<div style=\"text-align: justify\">\n<\/div>\n<div style=\"text-align: justify\">\n<a href=\"http:\/\/1.bp.blogspot.com\/-uIPbJ8fLQJc\/Ueg8b4oqrNI\/AAAAAAAAAKY\/AcTFaGkqDic\/s1600\/,DanaInfo=vmportal+File_18_11457_403_18_Imatge-Conveni-bsm.JPG\" style=\"clear: right;float: right;margin-bottom: 1em;margin-left: 1em\"><img loading=\"lazy\" decoding=\"async\" border=\"0\" height=\"320\" src=\"http:\/\/1.bp.blogspot.com\/-uIPbJ8fLQJc\/Ueg8b4oqrNI\/AAAAAAAAAKY\/AcTFaGkqDic\/s320\/,DanaInfo=vmportal+File_18_11457_403_18_Imatge-Conveni-bsm.JPG\" width=\"243\" \/><\/a>Primero.- Se pr\u00f3rroga<br \/>\nhasta el 31 de diciembre de 2015, con el mantenimiento integro de su redactado.<\/div>\n<div style=\"text-align: justify\">\n<\/div>\n<div style=\"text-align: justify\">\nSegundo.- Incremento salarial para el 2015 del 1,5% al que<br \/>\nse sumar\u00eda, caso de tener resultado positvo en 2014 diferenciales previstos en<br \/>\nel convenio, y que en el mejor de los casos es de un 0,4. <\/div>\n<div style=\"text-align: justify\">\n<\/div>\n<div style=\"text-align: justify\">\nRespecto al incremento salarial, decir que ha lo pactado<br \/>\nse ha de sumar 0,5 en 2014 y 2015 por la <\/div>\n<div style=\"text-align: justify\">\ndisposici\u00f3n transitoria 5\u00aa del<br \/>\nconvenio.<\/div>\n<div style=\"text-align: justify\">\n<\/div>\n<div style=\"text-align: justify\">\nTercero.- Se<br \/>\ncrea una mesa negociadora para tratar los temas de polivalencia, flexibilidad y<br \/>\nproductividad.<\/div>\n<div style=\"text-align: justify\">\n<\/div>\n<div style=\"text-align: justify\">\nSin entrar a<br \/>\nvalorar la pr\u00f3rroga en s\u00ed, destacar que la misma ha sido secundada por todas<br \/>\nlas expresiones sindicales.<\/div>\n<div style=\"text-align: justify\">\n<\/div>\n<div style=\"text-align: justify\">\nPor otro lado,<br \/>\nqueremos aprovechar esta hoja informativa para pediros que deis soporte a la<br \/>\ncampa\u00f1a de recogida de firmas (tanto f\u00edsica como digital) para intentar detener<br \/>\nla privatizaci\u00f3n de los 15 aparcamientos m\u00e1s rentables de BSM.<\/div>\n<div style=\"text-align: justify\">\n<\/div>\n<div style=\"text-align: justify\">\nLa<br \/>\nprivatizaci\u00f3n de los mismos puede conllevar, en un par de a\u00f1os, con casi toda<br \/>\nseguridad a tener p\u00e9rdidas econ\u00f3micas a la empresa, con lo que ser\u00e1 previsible<br \/>\nun endurecimiento de las condiciones laborales de todos los trabajadores de BSM.<\/div>\n<div style=\"text-align: justify\">\n<\/div>\n<div style=\"text-align: justify\">\nSobre la<br \/>\ncampa\u00f1a decir que llevamos m\u00e1s de 400 firmas on-line y aunque no tenemos datos<br \/>\nsobre la recogida de firmas f\u00edsicas porque se est\u00e1n dejando en centros c\u00edvicos,<br \/>\nen la Federaci\u00f3n de Asociaciones de vecinos, Partidos pol\u00edticos, etc&#8230; todo<br \/>\nhace pensar en un n\u00famero m\u00e1s elevado.<\/div>\n<div style=\"text-align: justify\">\n<\/div>\n<div style=\"text-align: justify\">\nEsta campa\u00f1a<br \/>\nno se ha enfocado s\u00f3lo a los trabajadores de BSM, es importante hacerla llegar<br \/>\na toda la ciudadan\u00eda, ya que los ciudadanos de Barcelona tambi\u00e9n pierden una<br \/>\nfuente de ingresos que con toda seguridad habr\u00e1n de sustituir con subida de<br \/>\nimpuestos o con la perdida de algunos servicios.<\/div>\n<div style=\"text-align: justify\">\n<\/div>\n<div style=\"text-align: justify\">\nSi alguno de<br \/>\nvosotros quiere colaborar en la campa\u00f1a os pod\u00e9is poner en contacto con<br \/>\ncualquier delegado sindical para que os hagamos llegar hojas.<\/div>\n<div style=\"text-align: justify\">\n<\/div>\n<div style=\"text-align: justify\">\nSeguiremos<br \/>\ninformando<\/div>\n<div style=\"text-align: justify\">\n<\/div>\n","protected":false},"excerpt":{"rendered":"<p>En las asambleas celebradas hoy, en ese rinc\u00f3n desacondicionado que le sobra a la empresa y tan amablemente nos cede para reunirnos, se ha ratificado por mayor\u00eda el preacuerdo de &#8230; <a title=\"Ratificaci\u00f3n preacuerdo de pr\u00f3rroga de convenio 18.07.2013\" class=\"read-more\" href=\"https:\/\/ccoo.app\/barcelona-serveis-municipals\/ratificacion-preacuerdo-de-prorroga-de-convenio-18-07-2013\/\" aria-label=\"M\u00e9s informaci\u00f3 sobre Ratificaci\u00f3n preacuerdo de pr\u00f3rroga de convenio 18.07.2013\">Read more<\/a><\/p>\n","protected":false},"author":4886,"featured_media":0,"comment_status":"closed","ping_status":"closed","sticky":false,"template":"","format":"standard","meta":{"footnotes":""},"categories":[1],"tags":[],"class_list":["post-3013","post","type-post","status-publish","format-standard","hentry","category-sin-categoria","generate-columns","tablet-grid-50","mobile-grid-100","grid-parent","grid-33"],"_links":{"self":[{"href":"https:\/\/ccoo.app\/barcelona-serveis-municipals\/wp-json\/wp\/v2\/posts\/3013","targetHints":{"allow":["GET"]}}],"collection":[{"href":"https:\/\/ccoo.app\/barcelona-serveis-municipals\/wp-json\/wp\/v2\/posts"}],"about":[{"href":"https:\/\/ccoo.app\/barcelona-serveis-municipals\/wp-json\/wp\/v2\/types\/post"}],"author":[{"embeddable":true,"href":"https:\/\/ccoo.app\/barcelona-serveis-municipals\/wp-json\/wp\/v2\/users\/4886"}],"replies":[{"embeddable":true,"href":"https:\/\/ccoo.app\/barcelona-serveis-municipals\/wp-json\/wp\/v2\/comments?post=3013"}],"version-history":[{"count":0,"href":"https:\/\/ccoo.app\/barcelona-serveis-municipals\/wp-json\/wp\/v2\/posts\/3013\/revisions"}],"wp:attachment":[{"href":"https:\/\/ccoo.app\/barcelona-serveis-municipals\/wp-json\/wp\/v2\/media?parent=3013"}],"wp:term":[{"taxonomy":"category","embeddable":true,"href":"https:\/\/ccoo.app\/barcelona-serveis-municipals\/wp-json\/wp\/v2\/categories?post=3013"},{"taxonomy":"post_tag","embeddable":true,"href":"https:\/\/ccoo.app\/barcelona-serveis-municipals\/wp-json\/wp\/v2\/tags?post=3013"}],"curies":[{"name":"wp","href":"https:\/\/api.w.org\/{rel}","templated":true}]}}