{"id":3012,"date":"2013-07-22T15:50:00","date_gmt":"2013-07-22T13:50:00","guid":{"rendered":"https:\/\/ccoo.app\/barcelona-serveis-municipals\/3a-reunion-privatizacion-aparcamientos-bsm\/"},"modified":"2013-07-22T15:50:00","modified_gmt":"2013-07-22T13:50:00","slug":"3a-reunion-privatizacion-aparcamientos-bsm","status":"publish","type":"post","link":"https:\/\/ccoo.app\/barcelona-serveis-municipals\/3a-reunion-privatizacion-aparcamientos-bsm\/","title":{"rendered":"3\u00aa Reuni\u00f3n Privatizaci\u00f3n Aparcamientos BSM"},"content":{"rendered":"<div style=\"clear: both;text-align: center\">\n<a href=\"http:\/\/1.bp.blogspot.com\/-x8Z5tk7F-2U\/UdQbdYoiQBI\/AAAAAAAABp4\/ski-0QAPR4w\/s1600\/Nos+venden+Sin+raz%25C3%25B3n+aqu%25C3%25AD.jpg\" style=\"clear: left;float: left;margin-bottom: 1em;margin-right: 1em\"><img loading=\"lazy\" decoding=\"async\" border=\"0\" height=\"120\" src=\"http:\/\/1.bp.blogspot.com\/-x8Z5tk7F-2U\/UdQbdYoiQBI\/AAAAAAAABp4\/ski-0QAPR4w\/s200\/Nos+venden+Sin+raz%25C3%25B3n+aqu%25C3%25AD.jpg\" width=\"200\" \/><\/a><\/div>\n<div style=\"text-align: justify\">\nHoy d\u00eda 22 de julio, est\u00e1bamos citados a una nueva reuni\u00f3n, sobre el proceso de privatizaci\u00f3n de los 15 aparcamientos m\u00e1s rentables de BSM, que implica la subrogaci\u00f3n de parte del personal de BSM.<\/div>\n<div style=\"text-align: justify\">\n<\/div>\n<div style=\"text-align: justify\">\n<\/div>\n<div style=\"text-align: justify\">\nComo aspectos m\u00e1s novedosos a destacar:<\/div>\n<p><\/p>\n<ul>\n<li style=\"text-align: justify\">La Direcci\u00f3n de BSM, nos confirmar\u00e1 en los pr\u00f3ximos d\u00edas la posibilidad de que la fecha tope de <b>31\/07\/2013<\/b> para conocer la lista de personal subrogado, pueda ser en <b>septiembre de 2013<\/b>. Cuando tengan la autorizaci\u00f3n o no del Ajuntament de BCN, nos lo comentar\u00e1n, para retomar las reuniones o bien la semana que viene o bien en septiembre.<\/li>\n<\/ul>\n<div style=\"text-align: justify\">\n<\/div>\n<ul>\n<li style=\"text-align: justify\">Aumentan otra vez el n\u00famero de empleados\/as BSM a subrogar, siendo un total de <b>34<\/b> a d\u00eda de hoy, de los cu\u00e1les <b>31<\/b> trabajadores\/as, son personal <b>operativo de aparcamientos<\/b>, <b>2<\/b> trabajadores de <b>mantenimiento<\/b> y<b> 1<\/b> trabajador\/a de <b>atenci\u00f3n al cliente, <\/b>descartando personal de<b> recaudaci\u00f3n.<\/b><\/li>\n<\/ul>\n<div style=\"text-align: justify\">\n<\/div>\n<div style=\"clear: both;text-align: center\">\n<a href=\"http:\/\/1.bp.blogspot.com\/-TiEaP1QPhCY\/UdQbVPheb9I\/AAAAAAAABpw\/QisvS2r2BLA\/s1600\/privatizaci%25C3%25B3n+basura.jpg\" style=\"clear: right;float: right;margin-bottom: 1em;margin-left: 1em\"><img decoding=\"async\" border=\"0\" src=\"http:\/\/1.bp.blogspot.com\/-TiEaP1QPhCY\/UdQbVPheb9I\/AAAAAAAABpw\/QisvS2r2BLA\/s1600\/privatizaci%25C3%25B3n+basura.jpg\" \/><\/a><\/div>\n<div style=\"text-align: justify\">\nEn cuanto a los criterios para elegir al personal, no ha habido ninguna novedad ni avance significativo. Por parte de CCOO_BSM seguimos manteniendo como alternativa, la <b>recolocaci\u00f3n<\/b> de todo aquel trabajador\/a susceptible de ser subrogado, y en caso de que la Direcci\u00f3n de BSM opte por la subrogaci\u00f3n, entendemos que s\u00f3lo puede ser v\u00e1lido un&nbsp;<b>sorteo<\/b> entre todo el personal susceptible, ya que como representantes de los trabajadores, no podemos elegir que personal es m\u00e1s v\u00e1lido para continuar o no en BSM.<\/div>\n<div style=\"text-align: justify\">\n<\/div>\n<div style=\"text-align: justify\">\nDesde CCOO_BSM hemos vuelto a reiterar, nuestra sorpresa y perplejidad, ante el anuncio de volver a <b>incrementar personal operativo<\/b> en la subrogaci\u00f3n, y en cambio <b>no hay ni una persona directiva o de fuera de convenio.<\/b><\/div>\n<div style=\"text-align: justify\">\n<\/div>\n<div style=\"text-align: justify\">\nOs seguiremos informando<\/div>\n<div>\n<\/div>\n","protected":false},"excerpt":{"rendered":"<p>Hoy d\u00eda 22 de julio, est\u00e1bamos citados a una nueva reuni\u00f3n, sobre el proceso de privatizaci\u00f3n de los 15 aparcamientos m\u00e1s rentables de BSM, que implica la subrogaci\u00f3n de parte &#8230; <a title=\"3\u00aa Reuni\u00f3n Privatizaci\u00f3n Aparcamientos BSM\" class=\"read-more\" href=\"https:\/\/ccoo.app\/barcelona-serveis-municipals\/3a-reunion-privatizacion-aparcamientos-bsm\/\" aria-label=\"M\u00e9s informaci\u00f3 sobre 3\u00aa Reuni\u00f3n Privatizaci\u00f3n Aparcamientos BSM\">Read more<\/a><\/p>\n","protected":false},"author":4519,"featured_media":0,"comment_status":"closed","ping_status":"closed","sticky":false,"template":"","format":"standard","meta":{"footnotes":""},"categories":[1],"tags":[],"class_list":["post-3012","post","type-post","status-publish","format-standard","hentry","category-sin-categoria","generate-columns","tablet-grid-50","mobile-grid-100","grid-parent","grid-33"],"_links":{"self":[{"href":"https:\/\/ccoo.app\/barcelona-serveis-municipals\/wp-json\/wp\/v2\/posts\/3012","targetHints":{"allow":["GET"]}}],"collection":[{"href":"https:\/\/ccoo.app\/barcelona-serveis-municipals\/wp-json\/wp\/v2\/posts"}],"about":[{"href":"https:\/\/ccoo.app\/barcelona-serveis-municipals\/wp-json\/wp\/v2\/types\/post"}],"author":[{"embeddable":true,"href":"https:\/\/ccoo.app\/barcelona-serveis-municipals\/wp-json\/wp\/v2\/users\/4519"}],"replies":[{"embeddable":true,"href":"https:\/\/ccoo.app\/barcelona-serveis-municipals\/wp-json\/wp\/v2\/comments?post=3012"}],"version-history":[{"count":0,"href":"https:\/\/ccoo.app\/barcelona-serveis-municipals\/wp-json\/wp\/v2\/posts\/3012\/revisions"}],"wp:attachment":[{"href":"https:\/\/ccoo.app\/barcelona-serveis-municipals\/wp-json\/wp\/v2\/media?parent=3012"}],"wp:term":[{"taxonomy":"category","embeddable":true,"href":"https:\/\/ccoo.app\/barcelona-serveis-municipals\/wp-json\/wp\/v2\/categories?post=3012"},{"taxonomy":"post_tag","embeddable":true,"href":"https:\/\/ccoo.app\/barcelona-serveis-municipals\/wp-json\/wp\/v2\/tags?post=3012"}],"curies":[{"name":"wp","href":"https:\/\/api.w.org\/{rel}","templated":true}]}}