{"id":3011,"date":"2013-08-08T18:34:00","date_gmt":"2013-08-08T16:34:00","guid":{"rendered":"https:\/\/ccoo.app\/barcelona-serveis-municipals\/condiciones-ambientales-de-los-vestuarios-de-rius\/"},"modified":"2013-08-08T18:34:00","modified_gmt":"2013-08-08T16:34:00","slug":"condiciones-ambientales-de-los-vestuarios-de-rius","status":"publish","type":"post","link":"https:\/\/ccoo.app\/barcelona-serveis-municipals\/condiciones-ambientales-de-los-vestuarios-de-rius\/","title":{"rendered":"Condiciones ambientales de los vestuarios de Rius"},"content":{"rendered":"<p><!--[if gte mso 9]&gt;--><\/p>\n<p>  Normal<br \/>\n  0<br \/>\n  21<\/p>\n<p>  MicrosoftInternetExplorer4<\/p>\n<p>\n<!--[if gte mso 10]&gt;--><\/p>\n<p><\/p>\n<div style=\"text-align: justify\">\n<span>Debido a<br \/>\nlas alt\u00edsimas temperaturas las condiciones de los vestuarios de Rius se han<br \/>\nhecho poco menos que insoportables.<\/span><\/div>\n<div style=\"text-align: justify\">\n<\/div>\n<div style=\"text-align: justify\">\n<span>Este tema se<br \/>\ntrat\u00f3 en el Comit\u00e9 de Seguridad y Salud sin que se proporcionase una soluci\u00f3n al tema, por lo que CCOO_BSM envi\u00f3<br \/>\nuna carta dirigida al Servei de Prevenci\u00f2, al Cap d&#8217;unitat UOER y a la<br \/>\nDirectora de personal.&nbsp;<\/span><\/div>\n<div style=\"text-align: justify\">\n<\/div>\n<div style=\"text-align: justify\">\n<span>Dado a d\u00eda de hoy no hemos recibido respuesta a la carta que enviamos, esta<br \/>\nsecci\u00f3n sindical ha procedido a denunciar los hechos ante la Inspecci\u00f3n de<br \/>\nTrabajo para que tomen las medidas oportunas para solventar el problema.<\/span><\/div>\n<div style=\"clear: both;text-align: center\">\n<\/div>\n<p><\/p>\n<div style=\"clear: both;text-align: center\">\n<\/div>\n<div style=\"text-align: justify\">\n<\/div>\n<div style=\"text-align: justify\">\n<\/div>\n<div style=\"text-align: justify\">\n<span><\/span><\/div>\n<div style=\"clear: both;text-align: center\">\n<\/div>\n<p><\/p>\n<div style=\"clear: both;text-align: center\">\n<a href=\"http:\/\/3.bp.blogspot.com\/-iuhtqZbu9Oc\/UgPHkzs5QTI\/AAAAAAAAALQ\/FWX_BKltJqU\/s1600\/0+carta550.jpg\" style=\"margin-left: 1em;margin-right: 1em\"><img decoding=\"async\" border=\"0\" src=\"http:\/\/3.bp.blogspot.com\/-iuhtqZbu9Oc\/UgPHkzs5QTI\/AAAAAAAAALQ\/FWX_BKltJqU\/s1600\/0+carta550.jpg\" \/><\/a><\/div>\n<p><\/p>\n<div style=\"clear: both;text-align: center\">\n<a href=\"http:\/\/3.bp.blogspot.com\/-7tK-S0rrrVk\/UgPHmYnliHI\/AAAAAAAAALY\/vY1ojJorhJw\/s1600\/0+denuncia+550.jpg\" style=\"margin-left: 1em;margin-right: 1em\"><img decoding=\"async\" border=\"0\" src=\"http:\/\/3.bp.blogspot.com\/-7tK-S0rrrVk\/UgPHmYnliHI\/AAAAAAAAALY\/vY1ojJorhJw\/s1600\/0+denuncia+550.jpg\" \/><\/a><\/div>\n<div style=\"clear: both;text-align: center\">\n<\/div>\n<div style=\"text-align: justify\">\n<span><br \/><\/span><\/div>\n","protected":false},"excerpt":{"rendered":"<p>Normal 0 21 MicrosoftInternetExplorer4 Debido a las alt\u00edsimas temperaturas las condiciones de los vestuarios de Rius se han hecho poco menos que insoportables. Este tema se trat\u00f3 en el Comit\u00e9 &#8230; <a title=\"Condiciones ambientales de los vestuarios de Rius\" class=\"read-more\" href=\"https:\/\/ccoo.app\/barcelona-serveis-municipals\/condiciones-ambientales-de-los-vestuarios-de-rius\/\" aria-label=\"M\u00e9s informaci\u00f3 sobre Condiciones ambientales de los vestuarios de Rius\">Read more<\/a><\/p>\n","protected":false},"author":4886,"featured_media":0,"comment_status":"closed","ping_status":"closed","sticky":false,"template":"","format":"standard","meta":{"footnotes":""},"categories":[1],"tags":[],"class_list":["post-3011","post","type-post","status-publish","format-standard","hentry","category-sin-categoria","generate-columns","tablet-grid-50","mobile-grid-100","grid-parent","grid-33"],"_links":{"self":[{"href":"https:\/\/ccoo.app\/barcelona-serveis-municipals\/wp-json\/wp\/v2\/posts\/3011","targetHints":{"allow":["GET"]}}],"collection":[{"href":"https:\/\/ccoo.app\/barcelona-serveis-municipals\/wp-json\/wp\/v2\/posts"}],"about":[{"href":"https:\/\/ccoo.app\/barcelona-serveis-municipals\/wp-json\/wp\/v2\/types\/post"}],"author":[{"embeddable":true,"href":"https:\/\/ccoo.app\/barcelona-serveis-municipals\/wp-json\/wp\/v2\/users\/4886"}],"replies":[{"embeddable":true,"href":"https:\/\/ccoo.app\/barcelona-serveis-municipals\/wp-json\/wp\/v2\/comments?post=3011"}],"version-history":[{"count":0,"href":"https:\/\/ccoo.app\/barcelona-serveis-municipals\/wp-json\/wp\/v2\/posts\/3011\/revisions"}],"wp:attachment":[{"href":"https:\/\/ccoo.app\/barcelona-serveis-municipals\/wp-json\/wp\/v2\/media?parent=3011"}],"wp:term":[{"taxonomy":"category","embeddable":true,"href":"https:\/\/ccoo.app\/barcelona-serveis-municipals\/wp-json\/wp\/v2\/categories?post=3011"},{"taxonomy":"post_tag","embeddable":true,"href":"https:\/\/ccoo.app\/barcelona-serveis-municipals\/wp-json\/wp\/v2\/tags?post=3011"}],"curies":[{"name":"wp","href":"https:\/\/api.w.org\/{rel}","templated":true}]}}