{"id":3009,"date":"2013-09-18T14:03:00","date_gmt":"2013-09-18T12:03:00","guid":{"rendered":"https:\/\/ccoo.app\/barcelona-serveis-municipals\/calendario-y-horarios-unidad-parc-guell\/"},"modified":"2013-09-18T14:03:00","modified_gmt":"2013-09-18T12:03:00","slug":"calendario-y-horarios-unidad-parc-guell","status":"publish","type":"post","link":"https:\/\/ccoo.app\/barcelona-serveis-municipals\/calendario-y-horarios-unidad-parc-guell\/","title":{"rendered":"Calendario y horarios Unidad Parc G\u00fcell"},"content":{"rendered":"<div style=\"clear: both;text-align: center\">\n<\/div>\n<div style=\"text-align: justify\">\nEl pasado martes 17 de septiembre, tuvo lugar la tercera reuni\u00f3n, para tratar los <b>calendarios y horarios<\/b> de los trabajadores\/as que formar\u00e1n parte de la nueva unidad Park G\u00fcell.<\/div>\n<div style=\"text-align: justify\">\nA\u00fan y entendiendo, que es una actividad nueva en BSM, desde esta secci\u00f3n sindical, as\u00ed como el resto del comit\u00e9, hemos manifestado nuestra <b>disconformidad<\/b> con los calendarios y horarios que la empresa implantar\u00e1.<\/div>\n<p><\/p>\n<div style=\"text-align: justify\">\nOs adjuntamos&nbsp;<b>copia \u00edntegra<\/b>&nbsp;de la manifestaci\u00f3n de parte de CCOO_BSM, a la cu\u00e1l se sum\u00f3 el resto del comit\u00e9 de empresa:<\/div>\n<div style=\"text-align: justify\">\n<div style=\"clear: both;text-align: center\">\n<a href=\"http:\/\/3.bp.blogspot.com\/-e845Log_y70\/VLzNDKNryrI\/AAAAAAAAGVE\/f4Du6cEoTTE\/s1600\/Manifestaci%C3%B3n%2BCCOO_BSM%2Bcalendarios%2BPark%2BG%C3%BCell%2B2013%2Bfirmada.jpg\" style=\"margin-left: 1em;margin-right: 1em\"><img loading=\"lazy\" decoding=\"async\" border=\"0\" height=\"640\" src=\"http:\/\/3.bp.blogspot.com\/-e845Log_y70\/VLzNDKNryrI\/AAAAAAAAGVE\/f4Du6cEoTTE\/s1600\/Manifestaci%C3%B3n%2BCCOO_BSM%2Bcalendarios%2BPark%2BG%C3%BCell%2B2013%2Bfirmada.jpg\" width=\"450\" \/><\/a><\/div>\n<p><\/div>\n<div style=\"clear: both;text-align: center\">\n<\/div>\n<div style=\"text-align: justify\">\nCualquier trabajador\/a, que desee m\u00e1s informaci\u00f3n, sobre los calendarios, horarios, vacaciones, etc&#8230;, no dud\u00e9is de poneros en contacto con nosotros a trav\u00e9s del email <a href=\"mailto:bsm@ccoo.cat\"><b>bsm@ccoo.cat<\/b><\/a><\/div>\n<p><span style=\"text-align: justify\">Por otro lado, sobre el personal operativo que trabajar\u00e1 durante todo el a\u00f1o en Parque G\u00fcell, nos han comentado los siguientes extremos:<\/span><\/p>\n<ul>\n<li style=\"text-align: justify\">Habr\u00e1 <b>30<\/b> trabajadores\/as durante todo el a\u00f1o m\u00e1s <b>4<\/b> encargados\/as. En temporada alta de marzo a octubre se prev\u00e9 que hayan <b>15 personas m\u00e1s<\/b> aproximadamente de refuerzo.<\/li>\n<li style=\"text-align: justify\">De estos 30 trabajadores\/as<b>, 12<\/b>&nbsp;han promocionado del <b>grupo BSM<\/b>, as\u00ed como los <b>4 <\/b>encargados\/as. Y<b> 18<\/b> trabajadores\/as m\u00e1s ser\u00e1n contratados para comenzar en octubre, con contrato <b>eventual<\/b> y previsi\u00f3n futura de hacerlos indefinidos.<\/li>\n<\/ul>\n<div style=\"text-align: justify\">\nEn cuanto al<b> inicio de la actividad<\/b> por parte de los trabajadores\/as, nos comentan el siguiente calendario:<\/div>\n<p><\/p>\n<div>\n<div>\n<ul>\n<li style=\"text-align: justify\"><b>14 de octubre<\/b> comienzan la formaci\u00f3n<\/li>\n<li style=\"text-align: justify\">Del <b>21 al 24 de octubre<\/b>, estar\u00e1n trabajando (realizando pr\u00e1cticas) ya en Park G\u00fcell, si bien este no estar\u00e1 regulado hasta el d\u00eda 25.<\/li>\n<li style=\"text-align: justify\">A partir del d\u00eda <b>25 de octubre<\/b> comienza la regulaci\u00f3n del Park G\u00fcell, y la actividad por parte de los trabajadores\/as.<\/li>\n<\/ul>\n<div style=\"text-align: justify\">\nOs seguiremos informando<\/div>\n<div style=\"text-align: justify\">\n<\/div>\n<\/div>\n<\/div>\n","protected":false},"excerpt":{"rendered":"<p>El pasado martes 17 de septiembre, tuvo lugar la tercera reuni\u00f3n, para tratar los calendarios y horarios de los trabajadores\/as que formar\u00e1n parte de la nueva unidad Park G\u00fcell. A\u00fan &#8230; <a title=\"Calendario y horarios Unidad Parc G\u00fcell\" class=\"read-more\" href=\"https:\/\/ccoo.app\/barcelona-serveis-municipals\/calendario-y-horarios-unidad-parc-guell\/\" aria-label=\"M\u00e9s informaci\u00f3 sobre Calendario y horarios Unidad Parc G\u00fcell\">Read more<\/a><\/p>\n","protected":false},"author":4519,"featured_media":0,"comment_status":"closed","ping_status":"closed","sticky":false,"template":"","format":"standard","meta":{"footnotes":""},"categories":[1],"tags":[],"class_list":["post-3009","post","type-post","status-publish","format-standard","hentry","category-sin-categoria","generate-columns","tablet-grid-50","mobile-grid-100","grid-parent","grid-33"],"_links":{"self":[{"href":"https:\/\/ccoo.app\/barcelona-serveis-municipals\/wp-json\/wp\/v2\/posts\/3009","targetHints":{"allow":["GET"]}}],"collection":[{"href":"https:\/\/ccoo.app\/barcelona-serveis-municipals\/wp-json\/wp\/v2\/posts"}],"about":[{"href":"https:\/\/ccoo.app\/barcelona-serveis-municipals\/wp-json\/wp\/v2\/types\/post"}],"author":[{"embeddable":true,"href":"https:\/\/ccoo.app\/barcelona-serveis-municipals\/wp-json\/wp\/v2\/users\/4519"}],"replies":[{"embeddable":true,"href":"https:\/\/ccoo.app\/barcelona-serveis-municipals\/wp-json\/wp\/v2\/comments?post=3009"}],"version-history":[{"count":0,"href":"https:\/\/ccoo.app\/barcelona-serveis-municipals\/wp-json\/wp\/v2\/posts\/3009\/revisions"}],"wp:attachment":[{"href":"https:\/\/ccoo.app\/barcelona-serveis-municipals\/wp-json\/wp\/v2\/media?parent=3009"}],"wp:term":[{"taxonomy":"category","embeddable":true,"href":"https:\/\/ccoo.app\/barcelona-serveis-municipals\/wp-json\/wp\/v2\/categories?post=3009"},{"taxonomy":"post_tag","embeddable":true,"href":"https:\/\/ccoo.app\/barcelona-serveis-municipals\/wp-json\/wp\/v2\/tags?post=3009"}],"curies":[{"name":"wp","href":"https:\/\/api.w.org\/{rel}","templated":true}]}}