{"id":3008,"date":"2013-09-18T14:45:00","date_gmt":"2013-09-18T12:45:00","guid":{"rendered":"https:\/\/ccoo.app\/barcelona-serveis-municipals\/4a-reunion-privatizacion-aparcamientos-bsm\/"},"modified":"2013-09-18T14:45:00","modified_gmt":"2013-09-18T12:45:00","slug":"4a-reunion-privatizacion-aparcamientos-bsm","status":"publish","type":"post","link":"https:\/\/ccoo.app\/barcelona-serveis-municipals\/4a-reunion-privatizacion-aparcamientos-bsm\/","title":{"rendered":"4\u00aa Reuni\u00f3n Privatizaci\u00f3n Aparcamientos BSM"},"content":{"rendered":"<div style=\"text-align: justify\">\nHoy, d\u00eda 18 de septiembre est\u00e1bamos convocados nuevamente, para tratar la <b>privatizaci\u00f3n<\/b> de los 15 aparcamientos m\u00e1s rentables de BSM, en lo que afecta a la <b>subrogaci\u00f3n<\/b> de parte de la plantilla de BSM.<\/div>\n<div style=\"text-align: justify\">\n<\/div>\n<div style=\"text-align: justify\">\nNo se ha producido ning\u00fan avance significativo, ya que desde la representaci\u00f3n social, seguimos insistiendo en que se opte por la <b>recolocaci\u00f3n<\/b> de todo el personal susceptible de ser subrogado, ya que <b>no entendemos ni compartimos<\/b>, que ning\u00fan trabajador\/a de BSM tenga que abandonar obligatoriamente BSM, como consecuencia de una privatizaci\u00f3n parcial, teniendo en cuenta que en BSM, arrancan <b>nuevas actividades<\/b> como el Park G\u00fcell, que conllevar\u00e1n una <b>nueva contrataci\u00f3n de personal<\/b>.<\/div>\n<div style=\"text-align: justify\">\n<\/div>\n<div style=\"clear: both;text-align: center\">\n<\/div>\n<div style=\"text-align: justify\">\nPor parte de la Direcci\u00f3n de BSM, se han limitado a entregarnos documentaci\u00f3n sobre el posible personal afectado de aparcamientos, en el que se encuentra <b>todo el personal operativo<\/b> que est\u00e1 actualmente en la unidad.<\/div>\n<div style=\"text-align: justify\">\n<\/div>\n<div style=\"text-align: justify\">\nNos han vuelto a confirmar las cifras de personal que pretenden subrogar a la nueva empresa y que son:<\/div>\n<p><\/p>\n<ul>\n<li style=\"text-align: justify\"><b>31<\/b> trabajadores\/as de aparcamientos, s\u00f3lo personal operativo<\/li>\n<li style=\"text-align: justify\"><b>2<\/b> trabajadores de mantenimiento<\/li>\n<li style=\"text-align: justify\"><b>1<\/b> trabajador\/a de atenci\u00f3n al cliente de las divisiones de aparcamientos y transportes<\/li>\n<\/ul>\n<div style=\"text-align: justify\">\nEn la pasada reuni\u00f3n del 22 de julio, eran los mismos n\u00fameros, con la<b> novedad<\/b> que antes era como m\u00e1ximo, y que hoy han comentado, que son <b>como m\u00ednimo<\/b>, pudiendo <b>ampliar<\/b> este n\u00famero <b>total de 34 <\/b>trabajadores\/as.<\/div>\n<div style=\"text-align: justify\">\n<\/div>\n<div style=\"clear: both;text-align: center\">\n<\/div>\n<div style=\"text-align: justify\">\nEl gobierno municipal de CiU (con el apoyo de alg\u00fan partido pol\u00edtico m\u00e1s), tiene la <b>intenci\u00f3n de aprobar definitivamente la privatizaci\u00f3n<\/b> de los 15 aparcamientos m\u00e1s rentables de BSM, y la creaci\u00f3n de la nueva sociedad privada-p\u00fablico, en el <b>pleno del pr\u00f3ximo mes de octubre.<\/b><\/div>\n<div style=\"text-align: justify\">\n<\/div>\n<div style=\"text-align: justify\">\nLa pr\u00f3xima reuni\u00f3n se realizar\u00e1 el <b>2 de octubre.<\/b><\/div>\n<div style=\"text-align: justify\">\n<\/div>\n<div style=\"text-align: justify\">\n<\/div>\n<div style=\"text-align: justify\">\nOs seguiremos informando<\/div>\n","protected":false},"excerpt":{"rendered":"<p>Hoy, d\u00eda 18 de septiembre est\u00e1bamos convocados nuevamente, para tratar la privatizaci\u00f3n de los 15 aparcamientos m\u00e1s rentables de BSM, en lo que afecta a la subrogaci\u00f3n de parte de &#8230; <a title=\"4\u00aa Reuni\u00f3n Privatizaci\u00f3n Aparcamientos BSM\" class=\"read-more\" href=\"https:\/\/ccoo.app\/barcelona-serveis-municipals\/4a-reunion-privatizacion-aparcamientos-bsm\/\" aria-label=\"M\u00e9s informaci\u00f3 sobre 4\u00aa Reuni\u00f3n Privatizaci\u00f3n Aparcamientos BSM\">Read more<\/a><\/p>\n","protected":false},"author":4519,"featured_media":0,"comment_status":"closed","ping_status":"closed","sticky":false,"template":"","format":"standard","meta":{"footnotes":""},"categories":[1],"tags":[],"class_list":["post-3008","post","type-post","status-publish","format-standard","hentry","category-sin-categoria","generate-columns","tablet-grid-50","mobile-grid-100","grid-parent","grid-33"],"_links":{"self":[{"href":"https:\/\/ccoo.app\/barcelona-serveis-municipals\/wp-json\/wp\/v2\/posts\/3008","targetHints":{"allow":["GET"]}}],"collection":[{"href":"https:\/\/ccoo.app\/barcelona-serveis-municipals\/wp-json\/wp\/v2\/posts"}],"about":[{"href":"https:\/\/ccoo.app\/barcelona-serveis-municipals\/wp-json\/wp\/v2\/types\/post"}],"author":[{"embeddable":true,"href":"https:\/\/ccoo.app\/barcelona-serveis-municipals\/wp-json\/wp\/v2\/users\/4519"}],"replies":[{"embeddable":true,"href":"https:\/\/ccoo.app\/barcelona-serveis-municipals\/wp-json\/wp\/v2\/comments?post=3008"}],"version-history":[{"count":0,"href":"https:\/\/ccoo.app\/barcelona-serveis-municipals\/wp-json\/wp\/v2\/posts\/3008\/revisions"}],"wp:attachment":[{"href":"https:\/\/ccoo.app\/barcelona-serveis-municipals\/wp-json\/wp\/v2\/media?parent=3008"}],"wp:term":[{"taxonomy":"category","embeddable":true,"href":"https:\/\/ccoo.app\/barcelona-serveis-municipals\/wp-json\/wp\/v2\/categories?post=3008"},{"taxonomy":"post_tag","embeddable":true,"href":"https:\/\/ccoo.app\/barcelona-serveis-municipals\/wp-json\/wp\/v2\/tags?post=3008"}],"curies":[{"name":"wp","href":"https:\/\/api.w.org\/{rel}","templated":true}]}}