{"id":3007,"date":"2013-09-26T10:39:00","date_gmt":"2013-09-26T08:39:00","guid":{"rendered":"https:\/\/ccoo.app\/barcelona-serveis-municipals\/ahora-van-a-por-la-retribucion-variable\/"},"modified":"2013-09-26T10:39:00","modified_gmt":"2013-09-26T08:39:00","slug":"ahora-van-a-por-la-retribucion-variable","status":"publish","type":"post","link":"https:\/\/ccoo.app\/barcelona-serveis-municipals\/ahora-van-a-por-la-retribucion-variable\/","title":{"rendered":"AHORA VAN A POR LA RETRIBUCI\u00d3N VARIABLE"},"content":{"rendered":"<div style=\"line-height: 110%;text-align: justify\">\n<span style=\"font-family: Arial, Helvetica, sans-serif\">La Direcci\u00f3n de RRHH de BSM manifest\u00f3 antes<br \/>\ndel verano la intenci\u00f3n de cambiar la forma de evaluar la parte individual<br \/>\n(50%) de la paga de la Retribuci\u00f3n Variable. Hasta ah\u00ed todo normal, pero el pasado d\u00eda 12.09.13, nos entreg\u00f3<br \/>\nuna propuesta de negociaci\u00f3n sobre c\u00f3mo evaluar la <b>parte individual<\/b><br \/>\nde dicha paga y la<br \/>\npropuesta es de todo,<br \/>\nmenos una evaluaci\u00f3n individual de los trabajadores.<\/span><\/div>\n<div style=\"line-height: 110%;text-align: justify\">\n<\/div>\n<div style=\"line-height: 110%;text-align: justify\">\n<span style=\"font-family: Arial, Helvetica, sans-serif\">Se quieren vincular aspectos globales, entre otras cosas, como el <b>absentismo global<\/b>. Adem\u00e1s, se<br \/>\ntienen en cuenta valoraciones<br \/>\nexternas sobre nuestra actividad (como <b>encuestas<br \/>\nde satisfacci\u00f3n<\/b>) para evaluar<br \/>\nsi<br \/>\nel desempe\u00f1o de nuestro trabajo merece el cobro de la retribuci\u00f3n variable<br \/>\ncorrespondiente.<\/span><\/div>\n<div style=\"line-height: 110%;text-align: justify\">\n<\/div>\n<div style=\"line-height: 110%;text-align: justify\">\n<span style=\"font-family: Arial, Helvetica, sans-serif\">El d\u00eda 25.09.13 la representaci\u00f3n social de<br \/>\nmanera <b>un\u00e1nime<\/b> entreg\u00f3 un escrito manifestando que <b>no tiene intenci\u00f3n de negociar<\/b> un<br \/>\nsistema que <b>no beneficia a los trabajadores\/as<\/b><br \/>\ny record\u00f3 a la representaci\u00f3n de la empresa que debe<br \/>\naplicar<b> el actual<\/b><b> <\/b><b>sistema<\/b> mientras no se acuerde otro.<\/span><\/div>\n<div style=\"clear: both;text-align: center\">\n<a href=\"http:\/\/1.bp.blogspot.com\/-GyUx2qE7qYY\/UkPsclOetdI\/AAAAAAAABzU\/xGLPEbVVhww\/s1600\/Carta+a+BSM+cambio+variable+25_09_2013.jpg\" style=\"margin-left: 1em;margin-right: 1em\"><span style=\"font-family: Arial, Helvetica, sans-serif\"><\/span><\/a><\/div>\n<div style=\"clear: both;text-align: center\">\n<\/div>\n<div style=\"clear: both;text-align: center\">\n<a href=\"http:\/\/3.bp.blogspot.com\/-BC9mXadXfzY\/VLzMThhCs0I\/AAAAAAAAGU8\/rwDIXVhDrjE\/s1600\/Carta%2Ba%2BBSM%2Bcambio%2Bvariable%2B25_09_2013.jpg\" style=\"margin-left: 1em;margin-right: 1em\"><img loading=\"lazy\" decoding=\"async\" border=\"0\" src=\"http:\/\/3.bp.blogspot.com\/-BC9mXadXfzY\/VLzMThhCs0I\/AAAAAAAAGU8\/rwDIXVhDrjE\/s1600\/Carta%2Ba%2BBSM%2Bcambio%2Bvariable%2B25_09_2013.jpg\" height=\"640\" width=\"452\" \/><\/a><\/div>\n<p><span style=\"font-family: Arial, Helvetica, sans-serif\"><\/span><\/p>\n<div style=\"line-height: 110%;text-align: justify\">\n<\/div>\n<div style=\"line-height: 110%;text-align: justify\">\n<span style=\"font-family: Arial, Helvetica, sans-serif\">Nos tememos que la Direcci\u00f3n de RRHH est\u00e9 maquinando <b>un atraco a nuestra paga de la Retribuci\u00f3n Variable<\/b>, y como de<br \/>\ncostumbre en estos \u00faltimos a\u00f1os, sin respetar ni una sola coma de lo que hace<br \/>\npoco m\u00e1s de 2 meses se acord\u00f3 prorrogar. Recordar que el vigente<span style=\"color: red\"> <\/span>Convenio en su art\u00edculo 18.4 establece que<span style=\"color: red\"> <\/span>la Comisi\u00f3n de la Retribuci\u00f3n Variable es<br \/>\nla \u00fanica que puede <b>acodar la modificaci\u00f3n<\/b> de cualquier aspecto de dicha<br \/>\npaga.<\/span><\/div>\n<div style=\"line-height: 110%;text-align: justify\">\n<\/div>\n<div style=\"line-height: 110%;text-align: justify\">\n<span style=\"font-family: Arial, Helvetica, sans-serif\">Desde CCOO_BSM no estamos en contra de<br \/>\nllegar a ning\u00fan acuerdo,<br \/>\npero debe ser desde una posici\u00f3n de buena fe de la Direcci\u00f3n de RRHH, <b>sin imposiciones<\/b>. Las evaluaciones de la<br \/>\nparte individual deben ser bajo par\u00e1metros individuales y <b>objetivos<\/b><b> <\/b><b>asumibles<\/b> por los trabajadores, que no lleven a <b>manipulaciones<\/b><b> <\/b><b>indeseables<\/b> realizadas por la parte fuerte de la<br \/>\nrelaci\u00f3n laboral<a href=\"https:\/\/www.blogger.com\/blogger.g?blogID=4831682844342495571\" name=\"_GoBack\"><\/a>.<\/span><\/div>\n<div style=\"line-height: 110%;text-align: justify\">\n<\/div>\n<div style=\"line-height: 110%;text-align: justify\">\n<span style=\"font-family: Arial, Helvetica, sans-serif\">Por \u00faltimo recordar,<br \/>\nque la retribuci\u00f3n variable, naci\u00f3 hace muchos a\u00f1os, como consecuencia de una<br \/>\ncongelaci\u00f3n salarial, que tuvo que aplicar la antigua SMASSA (ahora BSM), y que<br \/>\n<b>no es ning\u00fan regalo<\/b> que nos puedan<br \/>\ndar o quitar la Direcci\u00f3n de BSM a su antojo.<\/span><\/div>\n<div style=\"line-height: 110%;text-align: justify\">\n<\/div>\n<div style=\"line-height: 110%;text-align: justify\">\n<span style=\"font-family: Arial, Helvetica, sans-serif\">Si quieren<br \/>\ncambios en el sistema de la retribuci\u00f3n variable, deber\u00e1n ser <b>claros, transparentes y entendibles<\/b> por<br \/>\nlos trabajadores\/as, adem\u00e1s de <b>obligatoriamente<br \/>\npactados<\/b> en la comisi\u00f3n de la retribuci\u00f3n variable y no impuestos, de lo<br \/>\ncontrario, esta secci\u00f3n sindical no aceptar\u00e1 ning\u00fan cambio.<\/span><\/div>\n<div style=\"line-height: 110%;text-align: justify\">\n<\/div>\n<div style=\"line-height: 110%;text-align: justify\">\n<span style=\"font-family: Arial, Helvetica, sans-serif\">Os seguiremos<br \/>\ninformando<\/span><\/div>\n<p><\/p>\n<div style=\"text-align: justify\">\n<\/div>\n","protected":false},"excerpt":{"rendered":"<p>La Direcci\u00f3n de RRHH de BSM manifest\u00f3 antes del verano la intenci\u00f3n de cambiar la forma de evaluar la parte individual (50%) de la paga de la Retribuci\u00f3n Variable. Hasta &#8230; <a title=\"AHORA VAN A POR LA RETRIBUCI\u00d3N VARIABLE\" class=\"read-more\" href=\"https:\/\/ccoo.app\/barcelona-serveis-municipals\/ahora-van-a-por-la-retribucion-variable\/\" aria-label=\"M\u00e9s informaci\u00f3 sobre AHORA VAN A POR LA RETRIBUCI\u00d3N VARIABLE\">Read more<\/a><\/p>\n","protected":false},"author":4519,"featured_media":0,"comment_status":"closed","ping_status":"closed","sticky":false,"template":"","format":"standard","meta":{"footnotes":""},"categories":[1],"tags":[],"class_list":["post-3007","post","type-post","status-publish","format-standard","hentry","category-sin-categoria","generate-columns","tablet-grid-50","mobile-grid-100","grid-parent","grid-33"],"_links":{"self":[{"href":"https:\/\/ccoo.app\/barcelona-serveis-municipals\/wp-json\/wp\/v2\/posts\/3007","targetHints":{"allow":["GET"]}}],"collection":[{"href":"https:\/\/ccoo.app\/barcelona-serveis-municipals\/wp-json\/wp\/v2\/posts"}],"about":[{"href":"https:\/\/ccoo.app\/barcelona-serveis-municipals\/wp-json\/wp\/v2\/types\/post"}],"author":[{"embeddable":true,"href":"https:\/\/ccoo.app\/barcelona-serveis-municipals\/wp-json\/wp\/v2\/users\/4519"}],"replies":[{"embeddable":true,"href":"https:\/\/ccoo.app\/barcelona-serveis-municipals\/wp-json\/wp\/v2\/comments?post=3007"}],"version-history":[{"count":0,"href":"https:\/\/ccoo.app\/barcelona-serveis-municipals\/wp-json\/wp\/v2\/posts\/3007\/revisions"}],"wp:attachment":[{"href":"https:\/\/ccoo.app\/barcelona-serveis-municipals\/wp-json\/wp\/v2\/media?parent=3007"}],"wp:term":[{"taxonomy":"category","embeddable":true,"href":"https:\/\/ccoo.app\/barcelona-serveis-municipals\/wp-json\/wp\/v2\/categories?post=3007"},{"taxonomy":"post_tag","embeddable":true,"href":"https:\/\/ccoo.app\/barcelona-serveis-municipals\/wp-json\/wp\/v2\/tags?post=3007"}],"curies":[{"name":"wp","href":"https:\/\/api.w.org\/{rel}","templated":true}]}}