{"id":3006,"date":"2013-10-02T14:31:00","date_gmt":"2013-10-02T12:31:00","guid":{"rendered":"https:\/\/ccoo.app\/barcelona-serveis-municipals\/5a-reunion-privatizacion-aparcamientos-bsm\/"},"modified":"2013-10-02T14:31:00","modified_gmt":"2013-10-02T12:31:00","slug":"5a-reunion-privatizacion-aparcamientos-bsm","status":"publish","type":"post","link":"https:\/\/ccoo.app\/barcelona-serveis-municipals\/5a-reunion-privatizacion-aparcamientos-bsm\/","title":{"rendered":"5\u00aa reuni\u00f3n Privatizaci\u00f3n Aparcamientos BSM"},"content":{"rendered":"<div style=\"text-align: justify\">\nHoy d\u00eda 2 de octubre, est\u00e1bamos convocados a una nueva reuni\u00f3n sobre el<br \/>\nproceso de&nbsp;<b>privatizaci\u00f3n de los 15 aparcamientos m\u00e1s rentables de BSM,<\/b>&nbsp;y<br \/>\ndel personal que actualmente trabaja en BSM y se ver\u00e1 afectado, vi\u00e9ndose<br \/>\nobligado a vincularse a una nueva empresa privada-p\u00fablico (BAMSA), pendiente de<br \/>\nformalizar y constituir, por el Ajuntament de Barcelona, que en principio<br \/>\nestaba previsto para el pr\u00f3ximo d\u00eda 18 de octubre en pleno municipal, pero<br \/>\npuede que se retrase al pleno municipal de noviembre.<\/div>\n<div style=\"text-align: justify\">\n<\/div>\n<div style=\"clear: both;text-align: center\">\n<\/div>\n<div style=\"text-align: justify\">\nEn la reuni\u00f3n de hoy, todos los sindicatos representados en<br \/>\nel comit\u00e9 de empresa, hemos hecho entrega de una&nbsp;<b>carta&nbsp;<\/b>a la<br \/>\nDirecci\u00f3n de BSM, d\u00f3nde dejamos claro que&nbsp;<b>no aceptamos&nbsp;<\/b>que 1<br \/>\ns\u00f3lo trabajador\/a se vea obligado a marcharse de BSM, m\u00e1s si cabe teniendo en<br \/>\ncuenta, la nueva contrataci\u00f3n de personal que se est\u00e1 produciendo en unidades<br \/>\ncomo Park G\u00fcell.<\/div>\n<div>\n<!--[if gte vml 1]&gt;--><\/p>\n<p><!--[if !vml]--><!--[endif]--><\/div>\n<div style=\"text-align: justify\">\n<\/div>\n<div style=\"text-align: justify\">\nEn cuanto al n\u00famero de trabajadores que la Direcci\u00f3n de BSM<br \/>\ntiene decidido subrogar, a d\u00eda de hoy, contin\u00faan con los mismos n\u00fameros,&nbsp;<b>31<br \/>\ntrabajadores\/as<\/b>&nbsp;de personal operativo de&nbsp;<b>aparcamientos<\/b>,&nbsp;<b>2<br \/>\nde mantenimiento y 1 de atenci\u00f3n al cliente<\/b>.<\/div>\n<div style=\"text-align: justify\">\n<\/div>\n<div>\n<a href=\"http:\/\/1.bp.blogspot.com\/-lG63MwY-luk\/UkwZ-b5LNKI\/AAAAAAAAB1E\/AcZ4luL5Pfg\/s1600\/STOP+Privatizaci%C3%B3n.jpg\"><span style=\"text-decoration: none\"><!--[if gte vml 1]&gt;--><\/p>\n<p><!--[if !vml]--><!--[endif]--><\/span><\/a><\/div>\n<div style=\"clear: both;text-align: center\">\n<\/div>\n<div style=\"text-align: justify\">\nComo \u00fanica novedad en el d\u00eda de hoy, es la confirmaci\u00f3n de que la<br \/>\nDirecci\u00f3n de BSM para elegir al personal subrogado, trabajan con los criterios<br \/>\nde personal que actualmente&nbsp;<b>NO sea PAM<\/b>, y dentro de este, por el<br \/>\npersonal con&nbsp;<b>m\u00e1s y menos antig\u00fcedad respectivamente<\/b>.<\/div>\n<div style=\"text-align: justify\">\n<\/div>\n<div style=\"text-align: justify\">\nNo hay fecha prevista para la pr\u00f3xima reuni\u00f3n, que seg\u00fan la<br \/>\nDirecci\u00f3n de BSM, ya ser\u00e1 en la cual nos entreguen&nbsp;<b>lista de personal<br \/>\nsubrogado<\/b>&nbsp;con los criterios en que se han basado.<\/div>\n<div style=\"text-align: justify\">\n<\/div>\n<p><\/p>\n<div style=\"text-align: justify\">\nOs seguiremos informando<\/div>\n","protected":false},"excerpt":{"rendered":"<p>Hoy d\u00eda 2 de octubre, est\u00e1bamos convocados a una nueva reuni\u00f3n sobre el proceso de&nbsp;privatizaci\u00f3n de los 15 aparcamientos m\u00e1s rentables de BSM,&nbsp;y del personal que actualmente trabaja en BSM &#8230; <a title=\"5\u00aa reuni\u00f3n Privatizaci\u00f3n Aparcamientos BSM\" class=\"read-more\" href=\"https:\/\/ccoo.app\/barcelona-serveis-municipals\/5a-reunion-privatizacion-aparcamientos-bsm\/\" aria-label=\"M\u00e9s informaci\u00f3 sobre 5\u00aa reuni\u00f3n Privatizaci\u00f3n Aparcamientos BSM\">Read more<\/a><\/p>\n","protected":false},"author":4519,"featured_media":0,"comment_status":"closed","ping_status":"closed","sticky":false,"template":"","format":"standard","meta":{"footnotes":""},"categories":[1],"tags":[],"class_list":["post-3006","post","type-post","status-publish","format-standard","hentry","category-sin-categoria","generate-columns","tablet-grid-50","mobile-grid-100","grid-parent","grid-33"],"_links":{"self":[{"href":"https:\/\/ccoo.app\/barcelona-serveis-municipals\/wp-json\/wp\/v2\/posts\/3006","targetHints":{"allow":["GET"]}}],"collection":[{"href":"https:\/\/ccoo.app\/barcelona-serveis-municipals\/wp-json\/wp\/v2\/posts"}],"about":[{"href":"https:\/\/ccoo.app\/barcelona-serveis-municipals\/wp-json\/wp\/v2\/types\/post"}],"author":[{"embeddable":true,"href":"https:\/\/ccoo.app\/barcelona-serveis-municipals\/wp-json\/wp\/v2\/users\/4519"}],"replies":[{"embeddable":true,"href":"https:\/\/ccoo.app\/barcelona-serveis-municipals\/wp-json\/wp\/v2\/comments?post=3006"}],"version-history":[{"count":0,"href":"https:\/\/ccoo.app\/barcelona-serveis-municipals\/wp-json\/wp\/v2\/posts\/3006\/revisions"}],"wp:attachment":[{"href":"https:\/\/ccoo.app\/barcelona-serveis-municipals\/wp-json\/wp\/v2\/media?parent=3006"}],"wp:term":[{"taxonomy":"category","embeddable":true,"href":"https:\/\/ccoo.app\/barcelona-serveis-municipals\/wp-json\/wp\/v2\/categories?post=3006"},{"taxonomy":"post_tag","embeddable":true,"href":"https:\/\/ccoo.app\/barcelona-serveis-municipals\/wp-json\/wp\/v2\/tags?post=3006"}],"curies":[{"name":"wp","href":"https:\/\/api.w.org\/{rel}","templated":true}]}}