{"id":3005,"date":"2013-10-09T16:15:00","date_gmt":"2013-10-09T14:15:00","guid":{"rendered":"https:\/\/ccoo.app\/barcelona-serveis-municipals\/graves-problemas-en-la-uoer\/"},"modified":"2013-10-09T16:15:00","modified_gmt":"2013-10-09T14:15:00","slug":"graves-problemas-en-la-uoer","status":"publish","type":"post","link":"https:\/\/ccoo.app\/barcelona-serveis-municipals\/graves-problemas-en-la-uoer\/","title":{"rendered":"Graves problemas en la UOER"},"content":{"rendered":"<div style=\"text-align: justify\">\n<div style=\"text-align: justify\">\nReproducimos copia \u00edntegra, de la carta enviada por esta secci\u00f3n sindical de CCOO_BSM en el d\u00eda de hoy a la Direcci\u00f3n General de BSM, Direcci\u00f3n de la Divisi\u00f3n de Aparcamientos y Direcci\u00f3n Unidad UOER, donde dejamos constancia de los problemas que nos ocasiona para realizar nuestras funciones, los continuos fallos en los servidores y en las PDAS.<\/div>\n<\/div>\n<div style=\"text-align: justify\">\n<div style=\"text-align: justify\">\n<\/div>\n<\/div>\n<div style=\"text-align: justify\">\n<div style=\"text-align: justify\">\n<\/div>\n<\/div>\n<div style=\"text-align: justify\">\n<div style=\"text-align: justify\">\nA\/A:&nbsp; Direcci\u00f3n General de BSM; Direcci\u00f3n Divisi\u00f3n<br \/>\nAparcamientos y Direcci\u00f3n Unidad UOER<\/div>\n<\/div>\n<div style=\"text-align: justify\">\n<div style=\"text-align: justify\">\nDe:&nbsp;&nbsp; Secci\u00f3n Sindical CCOO_BSM<\/div>\n<\/div>\n<div style=\"text-align: justify\">\n<div style=\"text-align: justify\">\n<\/div>\n<\/div>\n<div style=\"clear: both;text-align: center\">\n<\/div>\n<div style=\"text-align: justify\">\n<div style=\"text-align: justify\">\nEl motivo de esta<br \/>\ncarta abierta dirigida a los m\u00e1ximos responsables de BSM, de la Divisi\u00f3n de<br \/>\nAparcamientos, y de la Unidad de UOER, es dejar constancia de los numerosos<br \/>\nproblemas que estamos padeciendo los trabajadores\/as de UOER desde inicios de<br \/>\nseptiembre de este a\u00f1o 2013, coincidiendo con la puesta en marcha de la<br \/>\naplicaci\u00f3n de pago por m\u00f3vil ApparkB.<\/div>\n<\/div>\n<div style=\"text-align: justify\">\n<div style=\"text-align: justify\">\n<\/div>\n<\/div>\n<div style=\"text-align: justify\">\n<div style=\"text-align: justify\">\nDesde inicios de<br \/>\nseptiembre de 2013, casi todos los d\u00edas, estamos viviendo una situaci\u00f3n<br \/>\nins\u00f3lita y ca\u00f3tica a la hora de desarrollar nuestras funciones, bien por las<br \/>\ncontinuas ca\u00eddas de los servidores, que hacen que los parqu\u00edmetros dejen de<br \/>\ncomunicar, sin enviar ni recibir datos, por lo que impiden a numerosos usuarios<br \/>\nrealizar el pago mediante tarjeta d\u00e9bito\/cr\u00e9dito, o bien a los residentes que<br \/>\nles impide obtener su ticket correspondiente. Por si esto fuera poco, esto se<br \/>\nve agravado con las numerosas ca\u00eddas del sistema inform\u00e1tico de las PDAS de los<br \/>\nvigilantes, que imposibilita realizar consultas de matr\u00edcula, pasar aver\u00edas,<br \/>\nincluso impide contactar con la l\u00ednea de mando, por lo que nos es imposible<br \/>\nregular correctamente el estacionamiento.<\/div>\n<\/div>\n<div style=\"text-align: justify\">\n<div style=\"text-align: justify\">\n<\/div>\n<\/div>\n<div style=\"clear: both;text-align: center\">\n<\/div>\n<div style=\"text-align: justify\">\n<div style=\"text-align: justify\">\nAntes de<br \/>\nseptiembre de 2013, estos problemas eran puntuales, nunca continuos, pero desde<br \/>\nla entrada en funcionamiento de ApparkB, los trabajadores\/as tenemos la<br \/>\nobligaci\u00f3n de comprobar cualquier matr\u00edcula de cualquier veh\u00edculo estacionado<br \/>\nen zona azul o zona verde, no obstante, tal y como hemos explicado y por las<br \/>\nrazones ya expuestas, a los trabajadores\/as nos resulta muy complicado, cuando<br \/>\nno imposible, realizar nuestro trabajo.<\/div>\n<\/div>\n<div style=\"text-align: justify\">\n<div style=\"text-align: justify\">\n<\/div>\n<\/div>\n<div style=\"text-align: justify\">\n<div style=\"text-align: justify\">\nEsta secci\u00f3n<br \/>\nsindical, ya puso de manifiesto hace mucho tiempo, que era preciso efectuar una<br \/>\nrenovaci\u00f3n, actualizaci\u00f3n y mejora de los equipos necesarios para llevar a cabo<br \/>\nla regulaci\u00f3n del estacionamiento y su control (las actuales PDAS de los<br \/>\nvigilantes est\u00e1n obsoletas, lo mismo sucede con los parqu\u00edmetros y los<br \/>\ntarjeteros que dan numerosos problemas). Ahora resulta evidente que tambi\u00e9n han<br \/>\nde renovarse los servidores, bases de datos y programas inform\u00e1ticos, para<br \/>\npoder trabajar dignamente, prestando al ciudadano un servicio de calidad, sin<br \/>\nvulneraciones innecesarias a sus derechos que deriven en reclamaciones o quejas.<\/div>\n<\/div>\n<div style=\"text-align: justify\">\n<div style=\"text-align: justify\">\n<\/div>\n<\/div>\n<div style=\"text-align: justify\">\n<div style=\"text-align: justify\">\nMediante carta<br \/>\nenviada a ustedes en fecha 7 de mayo de 2013, se puso en su conocimiento el<br \/>\nhecho de que los trabajadores\/as de estacionamiento regulado, sufrimos<br \/>\ncontinuas injurias, agravios, amenazas, e incluso agresiones con motivo de<br \/>\nnuestro trabajo, solicitando se tomasen las medidas oportunas. A fecha de hoy 9<br \/>\nde octubre, seguimos sin ninguna respuesta ni propuesta por parte de la<br \/>\nDirecci\u00f3n de BSM. <\/div>\n<\/div>\n<div style=\"text-align: justify\">\n<div style=\"text-align: justify\">\n<\/div>\n<\/div>\n<div style=\"clear: both;text-align: center\">\n<\/div>\n<div style=\"text-align: justify\">\n<div style=\"text-align: justify\">\nDeber\u00edan ser<br \/>\nconscientes de que la prestaci\u00f3n de los servicios en la actual situaci\u00f3n de<br \/>\nprecariedad, como consecuencia de la utilizaci\u00f3n de equipos obsoletos, conlleva<br \/>\nuna inevitable<span style=\"color: red\"> <\/span>crispaci\u00f3n del ciudadano<span style=\"color: red\"> <\/span>que se evidencia en el trato hacia el trabajador de<br \/>\nBSM.<\/div>\n<\/div>\n<div style=\"text-align: justify\">\n<div style=\"text-align: justify\">\n<\/div>\n<\/div>\n<div style=\"text-align: justify\">\n<div style=\"text-align: justify\">\nComo ejemplos,<br \/>\nd\u00edas 26 o 27 de septiembre de 2013, en los que esta secci\u00f3n sindical, comprueba<br \/>\nin situ, como los parqu\u00edmetros no comunican, y como los usuarios reclaman<br \/>\nnuestra presencia, enfadados y muy exaltados, al intentar pagar reiteradamente con<br \/>\ndiferentes tarjetas en diferentes parqu\u00edmetros, sin que ninguna les sea<br \/>\naceptada. As\u00ed mismo, residentes intentan sacar ticket y les es imposible.<\/div>\n<\/div>\n<div style=\"text-align: justify\">\n<div style=\"text-align: justify\">\n<\/div>\n<\/div>\n<div style=\"text-align: justify\">\n<div style=\"text-align: justify\">\nEjemplos como los<br \/>\nque acabamos de citar tenemos de muchos m\u00e1s d\u00edas, zonas, parqu\u00edmetros, PDAS sin<br \/>\npoder consultar, etc\u2026<\/div>\n<\/div>\n<div style=\"text-align: justify\">\n<div style=\"text-align: justify\">\n<\/div>\n<\/div>\n<div style=\"text-align: justify\">\n<div style=\"text-align: justify\">\nOtro ejemplo que<br \/>\nconsideramos de mayor incidencia, y que deben conocer es el del d\u00eda 1 de<br \/>\noctubre, d\u00eda en que se inicia pago trimestral de residentes, y en el que la<br \/>\ngran mayor\u00eda de tickets caducan al ser obtenidos de forma trimestral: este d\u00eda<br \/>\nlos trabajadores iniciaron su jornada en el turno de ma\u00f1ana, procediendo a<br \/>\nhacer el control de las zonas asignadas, y realizar las correspondientes<br \/>\ndenuncias a los residentes que no ten\u00edan el nuevo ticket trimestral, sin saber<br \/>\nni tener informaci\u00f3n a primera hora, de que dicho d\u00eda, los servidores cayeron y<br \/>\nlos residentes no pod\u00edan sacar ticket de ninguna forma. <\/div>\n<\/div>\n<div style=\"text-align: justify\">\n<div style=\"text-align: justify\">\nSi bien es cierto<br \/>\nque sobre las 09:30h se nos informa de dicha anomal\u00eda y se nos pide retirar<br \/>\ndenuncias puestas, no es menos cierto, que la imagen que transmitimos al<br \/>\nresidente es la de meros recaudadores, ya que mientras \u00e9stos iban de<br \/>\nparqu\u00edmetro en parqu\u00edmetro intentando sacar ticket, nosotros realiz\u00e1bamos<br \/>\nnuestra ruta sancionando a los veh\u00edculos que no dispon\u00edan del ticket<br \/>\nactualizado, ajenos a que no pod\u00edan sacar ticket, por fallos ajenos a nuestro<br \/>\nconocimiento.<\/div>\n<\/div>\n<div style=\"text-align: justify\">\n<div style=\"text-align: justify\">\n<\/div>\n<\/div>\n<div style=\"text-align: justify\">\n<div style=\"text-align: justify\">\nEsta secci\u00f3n<br \/>\nsindical, as\u00ed como los trabajadores\/as, desconocemos la \u00edndole, el alcance y la<br \/>\ngravedad de las incidencias que se est\u00e1n produciendo de forma reiterada, ya que<br \/>\nno somos informados, ni por la empresa ni por el departamento, m\u00e1s bien todo lo<br \/>\ncontrario: somos nosotros los que mantenemos informada a nuestra l\u00ednea de mando<br \/>\n(cuando funciona la PDA).<\/div>\n<\/div>\n<div style=\"text-align: justify\">\n<div style=\"text-align: justify\">\n<\/div>\n<\/div>\n<div style=\"text-align: justify\">\n<div style=\"text-align: justify\">\nLa percepci\u00f3n de<br \/>\nesta secci\u00f3n sindical y de los trabajadores\/as de esta unidad, es que o bien no<br \/>\nson ustedes conocedores reales de esta situaci\u00f3n o bien suponen err\u00f3neamente<br \/>\nque al no transmitir ninguna informaci\u00f3n respecto a las carencias, incidencias<br \/>\ny problem\u00e1tica de la no renovaci\u00f3n de los equipos, \u00e9stas no ser\u00e1n tan evidentes.<\/div>\n<\/div>\n<div style=\"text-align: justify\">\n<div style=\"text-align: justify\">\n<\/div>\n<\/div>\n<div style=\"text-align: justify\">\n<div style=\"text-align: justify\">\nLos<br \/>\ntrabajadores\/as de la unidad operativa de estacionamiento regulado, s\u00f3lo<br \/>\npedimos realizar nuestro trabajo lo m\u00e1s profesional y dignamente que se pueda,<br \/>\nsin tener que sufrir estas situaciones que agravan y ponen en peligro m\u00e1s si<br \/>\ncabe nuestra integridad.<\/div>\n<\/div>\n<div style=\"text-align: justify\">\n<div style=\"text-align: justify\">\n<\/div>\n<\/div>\n<div style=\"text-align: justify\">\n<div style=\"text-align: justify\">\nLo \u00fanico que<br \/>\nsolicitamos es que se act\u00fae con la misma determinaci\u00f3n y rapidez con la que se<br \/>\nact\u00faa, cuando se quiere, para expedientar o despedir si es el caso a un<br \/>\ntrabajador\/a.<\/div>\n<\/div>\n<div style=\"text-align: justify\">\n<div style=\"text-align: justify\">\n<\/div>\n<\/div>\n<div style=\"text-align: justify\">\n<div style=\"text-align: justify\">\nQueremos que se<br \/>\ntomen decisiones, que se busquen responsables y que se nos informe de las<br \/>\nmedidas que se ponen en marcha para poder trabajar correctamente.<\/div>\n<\/div>\n<div style=\"text-align: justify\">\n<div style=\"text-align: justify\">\n<\/div>\n<\/div>\n<div style=\"text-align: justify\">\n<div style=\"text-align: justify\">\nPor \u00faltimo, ya<br \/>\nque BSM es una empresa muy dada a las estad\u00edsticas, nos gustar\u00eda saber la<br \/>\nrecaudaci\u00f3n que ha dejado de ingresar BSM, por fallos continuos en<br \/>\nparqu\u00edmetros, as\u00ed como la recaudaci\u00f3n que est\u00e1 dejando de ingresar el<br \/>\nAjuntament de Barcelona, a consecuencia de las sanciones no emitidas, por<br \/>\nproblemas de las PDAS.<\/div>\n<\/div>\n<div style=\"text-align: justify\">\n<div style=\"text-align: justify\">\n<\/div>\n<\/div>\n<div style=\"text-align: justify\">\n<div style=\"text-align: justify\">\nQuedamos a su<br \/>\ndisposici\u00f3n para cualquier aclaraci\u00f3n o duda al respecto.<\/div>\n<\/div>\n<div style=\"text-align: justify\">\n<div style=\"text-align: justify\">\n<\/div>\n<\/div>\n<div style=\"text-align: justify\">\n<div style=\"text-align: justify\">\nReciban un<br \/>\ncordial saludo<\/div>\n<\/div>\n<div style=\"text-align: justify\">\n<div style=\"text-align: justify\">\n<\/div>\n<\/div>\n<div style=\"text-align: justify\">\n<\/div>\n<div style=\"text-align: justify\">\n<div style=\"text-align: justify\">\nSecci\u00f3n Sindical<br \/>\nCCOO_BSM<\/div>\n<\/div>\n","protected":false},"excerpt":{"rendered":"<p>Reproducimos copia \u00edntegra, de la carta enviada por esta secci\u00f3n sindical de CCOO_BSM en el d\u00eda de hoy a la Direcci\u00f3n General de BSM, Direcci\u00f3n de la Divisi\u00f3n de Aparcamientos &#8230; <a title=\"Graves problemas en la UOER\" class=\"read-more\" href=\"https:\/\/ccoo.app\/barcelona-serveis-municipals\/graves-problemas-en-la-uoer\/\" aria-label=\"M\u00e9s informaci\u00f3 sobre Graves problemas en la UOER\">Read more<\/a><\/p>\n","protected":false},"author":4519,"featured_media":0,"comment_status":"closed","ping_status":"closed","sticky":false,"template":"","format":"standard","meta":{"footnotes":""},"categories":[1],"tags":[],"class_list":["post-3005","post","type-post","status-publish","format-standard","hentry","category-sin-categoria","generate-columns","tablet-grid-50","mobile-grid-100","grid-parent","grid-33"],"_links":{"self":[{"href":"https:\/\/ccoo.app\/barcelona-serveis-municipals\/wp-json\/wp\/v2\/posts\/3005","targetHints":{"allow":["GET"]}}],"collection":[{"href":"https:\/\/ccoo.app\/barcelona-serveis-municipals\/wp-json\/wp\/v2\/posts"}],"about":[{"href":"https:\/\/ccoo.app\/barcelona-serveis-municipals\/wp-json\/wp\/v2\/types\/post"}],"author":[{"embeddable":true,"href":"https:\/\/ccoo.app\/barcelona-serveis-municipals\/wp-json\/wp\/v2\/users\/4519"}],"replies":[{"embeddable":true,"href":"https:\/\/ccoo.app\/barcelona-serveis-municipals\/wp-json\/wp\/v2\/comments?post=3005"}],"version-history":[{"count":0,"href":"https:\/\/ccoo.app\/barcelona-serveis-municipals\/wp-json\/wp\/v2\/posts\/3005\/revisions"}],"wp:attachment":[{"href":"https:\/\/ccoo.app\/barcelona-serveis-municipals\/wp-json\/wp\/v2\/media?parent=3005"}],"wp:term":[{"taxonomy":"category","embeddable":true,"href":"https:\/\/ccoo.app\/barcelona-serveis-municipals\/wp-json\/wp\/v2\/categories?post=3005"},{"taxonomy":"post_tag","embeddable":true,"href":"https:\/\/ccoo.app\/barcelona-serveis-municipals\/wp-json\/wp\/v2\/tags?post=3005"}],"curies":[{"name":"wp","href":"https:\/\/api.w.org\/{rel}","templated":true}]}}