{"id":3003,"date":"2013-10-29T11:56:00","date_gmt":"2013-10-29T10:56:00","guid":{"rendered":"https:\/\/ccoo.app\/barcelona-serveis-municipals\/intervencion-ccoo_bsm-en-audiencia-publica-presupuestos-municipales-bcn\/"},"modified":"2013-10-29T11:56:00","modified_gmt":"2013-10-29T10:56:00","slug":"intervencion-ccoo_bsm-en-audiencia-publica-presupuestos-municipales-bcn","status":"publish","type":"post","link":"https:\/\/ccoo.app\/barcelona-serveis-municipals\/intervencion-ccoo_bsm-en-audiencia-publica-presupuestos-municipales-bcn\/","title":{"rendered":"Intervenci\u00f3n CCOO_BSM en audiencia p\u00fablica presupuestos municipales BCN"},"content":{"rendered":"<div style=\"text-align: justify\">\nAyer d\u00eda 28 de octubre a las 19h, iniciaba la audiencia p\u00fablica de los presupuestos municipales del Ajuntament de BCN, en el auditorio de la biblioteca Jaume Fuster, ubicada en la Plaza Lesseps.<\/div>\n<div style=\"text-align: justify\">\n<\/div>\n<div style=\"text-align: justify\">\nA dicho acto, los representantes de la secci\u00f3n sindical de CCOO_BSM, acudimos con la intenci\u00f3n de <b>cuestionar<\/b> al equipo de gobierno de CiU, y a la presidenta de BSM, Sonia Recasens, sobre la <b>privatizaci\u00f3n de los aparcamientos municipales de BSM<\/b>, que incluyen en dichos presupuestos por valor de 101 millones.<\/div>\n<div style=\"text-align: justify\">\n<\/div>\n<div style=\"text-align: justify\">\nEn el turno abierto de preguntas, varios representantes de esta secci\u00f3n sindical formularon consultas, alegaciones y dudas sobre esta operaci\u00f3n, los cuales grabamos en video para su posterior difusi\u00f3n. Tambi\u00e9n un equipo de Btv, en las noticias de las 22h, expuso la noticia y las intervenciones de los compa\u00f1eros de esta secci\u00f3n sindical de CCOO_BSM.<\/div>\n<div style=\"text-align: justify\">\n<\/div>\n<div style=\"text-align: justify\">\nAdjuntamos v\u00eddeos, los cuales hemos subido al canal de <a href=\"http:\/\/www.youtube.com\/user\/CCOOBSM\">CCOOBSM<\/a> en youtube<\/div>\n<p><\/p>\n<div style=\"text-align: justify\">\nTodos los partidos de la oposici\u00f3n, hablaron de la <b>inoportunidad de vender (regalar) BSM<\/b>, con afirmaciones como la del portavoz de ICV-EUiA: \u00abNo hi ha necessitat de privatitzar els aparcaments si es preveu super\u00e0vit, <b>es tracta d&#8217;una opci\u00f3 ideol\u00f2gica<\/b>\u00ab, o el portavoz del PP, que manifest\u00f3 que <b>hoy por hoy<\/b> la operaci\u00f3n de privatizaci\u00f3n de aparcamientos <b>no cuenta con el apoyo suficiente<\/b> para llevarla a cabo, afirmaci\u00f3n que de inicio es esperanzadora, pero que sigue dejando la puerta abierta a un futuro apoyo del PP en esta operaci\u00f3n.<\/div>\n<div style=\"text-align: justify\">\n<\/div>\n<div style=\"text-align: justify\">\nPor parte de Sonia Recasens, del grupo municipal de CiU, y presidenta de BSM, manifest\u00f3: \u00abfem una nova formula de gesti\u00f3, no es venta, no es privatitzaci\u00f3, es una concessi\u00f3 municipal\u00bb, <b>\u00ab<\/b> <b>BSM no es posar\u00e0 en cap moment en situaci\u00f3 cr\u00edtica mitjan\u00e7ant aquesta operaci\u00f3\u00bb<\/b>.<\/div>\n<div style=\"text-align: justify\">\n<\/div>\n<div style=\"text-align: justify\">\nComo pod\u00e9is observar el asunto de privatizaci\u00f3n de 15 aparcamientos de BSM y la creaci\u00f3n de la nueva sociedad privada-p\u00fablico BAMSA, siguen en la agenda del Ajuntament, que <b>intentaran recabar el apoyo necesario para tirar adelante esta operaci\u00f3n.<\/b><\/div>\n<div style=\"text-align: justify\">\n<\/div>\n<div style=\"text-align: justify\">\nDesde <b>CCOO_BSM, seguiremos insistiendo y actuando para que esto no se produzca.<\/b><\/div>\n<div style=\"text-align: justify\">\n<\/div>\n<div style=\"text-align: justify\">\nOs seguiremos informando<\/div>\n","protected":false},"excerpt":{"rendered":"<p>Ayer d\u00eda 28 de octubre a las 19h, iniciaba la audiencia p\u00fablica de los presupuestos municipales del Ajuntament de BCN, en el auditorio de la biblioteca Jaume Fuster, ubicada en &#8230; <a title=\"Intervenci\u00f3n CCOO_BSM en audiencia p\u00fablica presupuestos municipales BCN\" class=\"read-more\" href=\"https:\/\/ccoo.app\/barcelona-serveis-municipals\/intervencion-ccoo_bsm-en-audiencia-publica-presupuestos-municipales-bcn\/\" aria-label=\"M\u00e9s informaci\u00f3 sobre Intervenci\u00f3n CCOO_BSM en audiencia p\u00fablica presupuestos municipales BCN\">Read more<\/a><\/p>\n","protected":false},"author":4519,"featured_media":0,"comment_status":"closed","ping_status":"closed","sticky":false,"template":"","format":"standard","meta":{"footnotes":""},"categories":[1],"tags":[],"class_list":["post-3003","post","type-post","status-publish","format-standard","hentry","category-sin-categoria","generate-columns","tablet-grid-50","mobile-grid-100","grid-parent","grid-33"],"_links":{"self":[{"href":"https:\/\/ccoo.app\/barcelona-serveis-municipals\/wp-json\/wp\/v2\/posts\/3003","targetHints":{"allow":["GET"]}}],"collection":[{"href":"https:\/\/ccoo.app\/barcelona-serveis-municipals\/wp-json\/wp\/v2\/posts"}],"about":[{"href":"https:\/\/ccoo.app\/barcelona-serveis-municipals\/wp-json\/wp\/v2\/types\/post"}],"author":[{"embeddable":true,"href":"https:\/\/ccoo.app\/barcelona-serveis-municipals\/wp-json\/wp\/v2\/users\/4519"}],"replies":[{"embeddable":true,"href":"https:\/\/ccoo.app\/barcelona-serveis-municipals\/wp-json\/wp\/v2\/comments?post=3003"}],"version-history":[{"count":0,"href":"https:\/\/ccoo.app\/barcelona-serveis-municipals\/wp-json\/wp\/v2\/posts\/3003\/revisions"}],"wp:attachment":[{"href":"https:\/\/ccoo.app\/barcelona-serveis-municipals\/wp-json\/wp\/v2\/media?parent=3003"}],"wp:term":[{"taxonomy":"category","embeddable":true,"href":"https:\/\/ccoo.app\/barcelona-serveis-municipals\/wp-json\/wp\/v2\/categories?post=3003"},{"taxonomy":"post_tag","embeddable":true,"href":"https:\/\/ccoo.app\/barcelona-serveis-municipals\/wp-json\/wp\/v2\/tags?post=3003"}],"curies":[{"name":"wp","href":"https:\/\/api.w.org\/{rel}","templated":true}]}}