{"id":3002,"date":"2013-11-06T19:45:00","date_gmt":"2013-11-06T18:45:00","guid":{"rendered":"https:\/\/ccoo.app\/barcelona-serveis-municipals\/reunion-seguridad-area\/"},"modified":"2013-11-06T19:45:00","modified_gmt":"2013-11-06T18:45:00","slug":"reunion-seguridad-area","status":"publish","type":"post","link":"https:\/\/ccoo.app\/barcelona-serveis-municipals\/reunion-seguridad-area\/","title":{"rendered":"Reuni\u00f3n Seguridad AREA"},"content":{"rendered":"<div style=\"text-align: justify\">\nEn la reuni\u00f3n sobre seguridad del departamento de AREA de esta ma\u00f1ana se<br \/>\nhan tratado los siguientes temas:<\/div>\n<div style=\"text-align: justify\">\n<\/div>\n<div style=\"clear: both;text-align: center\">\n<\/div>\n<ul style=\"margin-top: 0cm\" type=\"disc\">\n<li style=\"text-align: justify\">A finales del mes de enero se impartir\u00e1<br \/>\n     un curso para la gesti\u00f3n de las agresiones impartido por la empresa <a href=\"http:\/\/www.cife-academia.eu\/Inicio\/Inicio.aspx\">CIFE<\/a>,<br \/>\n     especialista en estos temas y que ya ha trabajado con otros colectivos<br \/>\n     donde han sufrido agresiones como los inspectores de Renfe, trabajadores penitenciarios y personal sanitario.&nbsp;El curso ser\u00e1<br \/>\n     de 8 horas y se efectuar\u00e1 el d\u00eda de doblaje.&nbsp;<\/li>\n<\/ul>\n<p><span style=\"text-align: justify\">Respecto a la presentaci\u00f3n del mismo, nos ha<br \/>\nparecido interesante, aunque como viene siendo habitual echamos en falta la participaci\u00f3n<br \/>\nde los delegados de prevenci\u00f3n para organizarlo. Destacar que se tratar\u00e1 la problem\u00e1tica<br \/>\ndesde la prevenci\u00f3n, (incluyendo sistemas de trabajo) hasta la finalizaci\u00f3n en<br \/>\njuicio, pasando por supuesto por la propia agresi\u00f3n en si, basada en las<br \/>\nexperiencias de algunos compa\u00f1eros\/as.<\/span><br \/>\n<span style=\"text-align: justify\"><br \/><\/span><br \/>\n<span style=\"text-align: justify\">Por otra parte esta empresa prest\u00f3<br \/>\nasesoramiento jur\u00eddico para tramitar la consideraci\u00f3n de agentes de la<br \/>\nautoridad a personal sanitario, maestros, etc&#8230; y prestar\u00e1 este mismo<br \/>\nasesoramiento a BSM.<\/span><\/p>\n<div style=\"margin-left: 35.25pt;text-align: justify\">\n<\/div>\n<div style=\"text-align: justify\">\n<\/div>\n<ul style=\"margin-top: 0cm\" type=\"disc\">\n<li style=\"text-align: justify\">Respecto a la figura del facilitador,<br \/>\n     persona que ha de acompa\u00f1ar en todo el proceso a los trabajadores\/as<br \/>\n     agredidos, la empresa indic\u00f3 que seguir\u00e1n siendo los encargados.<\/li>\n<\/ul>\n<div style=\"text-align: justify\">\n<\/div>\n<ul style=\"margin-top: 0cm\" type=\"disc\">\n<li style=\"text-align: justify\">Por parte del departamento jur\u00eddico se<br \/>\n     nos han aportado las cifras de las denuncias cursadas por agresi\u00f3n en<br \/>\n     2012, que fueron un total de 25, de las que 9 fueron con lesiones y cuyo<br \/>\n     balance final fue de 13 sentencias favorables, 5 desestimadas, 2 sobrese\u00eddas,<br \/>\n     1 pendiente de juicio y el resto renunciadas.<\/li>\n<\/ul>\n<p><span style=\"text-align: justify\">En lo que va de 2013, llevamos 26 procesos<br \/>\njudiciales, de las que destacan las 3 que se ha iniciado el proceso penal, ya<br \/>\nque se pide la consideraci\u00f3n de delito, no de falta.<\/span><\/p>\n<div style=\"margin-left: 35.4pt;text-align: justify\">\n<\/div>\n<div style=\"text-align: justify\">\n<\/div>\n<ul style=\"margin-top: 0cm\" type=\"disc\">\n<li style=\"text-align: justify\">Respecto a las amenazas de muerte<br \/>\n     aparecidas en dos denuncias pegadas en un parqu\u00edmetro de una zona de Ruyra, nos informan que el pasado d\u00eda 31, la responsable de serveis jur\u00eddics de BSM, puso denuncia en<br \/>\n     la comisaria de Les Corts.&nbsp;<\/li>\n<\/ul>\n<div style=\"text-align: justify\">\n<\/div>\n<div style=\"clear: both;text-align: center\">\n<\/div>\n<ul style=\"margin-top: 0cm\" type=\"disc\">\n<li style=\"text-align: justify\">Como novedades importantes la empresa estudia<br \/>\n     la implantaci\u00f3n de sistema GPS, para la localizaci\u00f3n del vigilante en caso<br \/>\n     de agresi\u00f3n, y la adquisici\u00f3n de unas tarjetas identificativas que llevan<br \/>\n     incorporada una c\u00e1mara para gravar las agresiones de la marca <a href=\"http:\/\/www.edesix.com\/\">EDESIX<\/a>. Estas dos medidas est\u00e1n en<br \/>\n     periodo de estudio por parte de la empresa.<\/li>\n<\/ul>\n<div style=\"text-align: justify\">\n<\/div>\n<ul style=\"margin-top: 0cm\" type=\"disc\">\n<li style=\"text-align: justify\">Se le ha solicitado a la empresa una<br \/>\n     mejor coordinaci\u00f3n con el departamento de gr\u00faas cuando estas act\u00faan en<br \/>\n     zonas azules y verdes.<\/li>\n<\/ul>\n<div style=\"text-align: justify\">\n<\/div>\n<div style=\"text-align: justify\">\nOs seguiremos informando<\/div>\n","protected":false},"excerpt":{"rendered":"<p>En la reuni\u00f3n sobre seguridad del departamento de AREA de esta ma\u00f1ana se han tratado los siguientes temas: A finales del mes de enero se impartir\u00e1 un curso para la &#8230; <a title=\"Reuni\u00f3n Seguridad AREA\" class=\"read-more\" href=\"https:\/\/ccoo.app\/barcelona-serveis-municipals\/reunion-seguridad-area\/\" aria-label=\"M\u00e9s informaci\u00f3 sobre Reuni\u00f3n Seguridad AREA\">Read more<\/a><\/p>\n","protected":false},"author":4519,"featured_media":0,"comment_status":"closed","ping_status":"closed","sticky":false,"template":"","format":"standard","meta":{"footnotes":""},"categories":[1],"tags":[],"class_list":["post-3002","post","type-post","status-publish","format-standard","hentry","category-sin-categoria","generate-columns","tablet-grid-50","mobile-grid-100","grid-parent","grid-33"],"_links":{"self":[{"href":"https:\/\/ccoo.app\/barcelona-serveis-municipals\/wp-json\/wp\/v2\/posts\/3002","targetHints":{"allow":["GET"]}}],"collection":[{"href":"https:\/\/ccoo.app\/barcelona-serveis-municipals\/wp-json\/wp\/v2\/posts"}],"about":[{"href":"https:\/\/ccoo.app\/barcelona-serveis-municipals\/wp-json\/wp\/v2\/types\/post"}],"author":[{"embeddable":true,"href":"https:\/\/ccoo.app\/barcelona-serveis-municipals\/wp-json\/wp\/v2\/users\/4519"}],"replies":[{"embeddable":true,"href":"https:\/\/ccoo.app\/barcelona-serveis-municipals\/wp-json\/wp\/v2\/comments?post=3002"}],"version-history":[{"count":0,"href":"https:\/\/ccoo.app\/barcelona-serveis-municipals\/wp-json\/wp\/v2\/posts\/3002\/revisions"}],"wp:attachment":[{"href":"https:\/\/ccoo.app\/barcelona-serveis-municipals\/wp-json\/wp\/v2\/media?parent=3002"}],"wp:term":[{"taxonomy":"category","embeddable":true,"href":"https:\/\/ccoo.app\/barcelona-serveis-municipals\/wp-json\/wp\/v2\/categories?post=3002"},{"taxonomy":"post_tag","embeddable":true,"href":"https:\/\/ccoo.app\/barcelona-serveis-municipals\/wp-json\/wp\/v2\/tags?post=3002"}],"curies":[{"name":"wp","href":"https:\/\/api.w.org\/{rel}","templated":true}]}}