{"id":3001,"date":"2013-11-12T17:01:00","date_gmt":"2013-11-12T16:01:00","guid":{"rendered":"https:\/\/ccoo.app\/barcelona-serveis-municipals\/lluita-8-noviembre-2013\/"},"modified":"2013-11-12T17:01:00","modified_gmt":"2013-11-12T16:01:00","slug":"lluita-8-noviembre-2013","status":"publish","type":"post","link":"https:\/\/ccoo.app\/barcelona-serveis-municipals\/lluita-8-noviembre-2013\/","title":{"rendered":"Lluita! 8 Noviembre 2013"},"content":{"rendered":"<div style=\"text-align: left\">\n<\/div>\n<div style=\"text-align: justify\">\n<table cellpadding=\"0\" cellspacing=\"0\" style=\"float: left;margin-right: 1em;text-align: left\">\n<tbody>\n<tr>\n<td style=\"text-align: center\"><a href=\"http:\/\/2.bp.blogspot.com\/-xC1qa5kkL9o\/VKU8lvDYh9I\/AAAAAAAAFIY\/yydvePE4yaQ\/s1600\/portada%2BLluita%2B8%2Bnov%2B13.jpg\" style=\"clear: left;margin-bottom: 1em;margin-left: auto;margin-right: auto\"><img loading=\"lazy\" decoding=\"async\" border=\"0\" src=\"http:\/\/2.bp.blogspot.com\/-xC1qa5kkL9o\/VKU8lvDYh9I\/AAAAAAAAFIY\/yydvePE4yaQ\/s1600\/portada%2BLluita%2B8%2Bnov%2B13.jpg\" height=\"320\" width=\"226\" \/><\/a><\/td>\n<\/tr>\n<tr>\n<td style=\"text-align: center\"><a href=\"https:\/\/dl.dropboxusercontent.com\/u\/24163046\/LLUITA%21%208.pdf\">Lluita! 8 Novembre 2013<\/a><\/td>\n<\/tr>\n<\/tbody>\n<\/table>\n<p>Os adjuntamos un nuevo n\u00famero, de la revista de la secci\u00f3n sindical de CCOO_BSM, Lluita!8 edici\u00f3n noviembre 2013. La pod\u00e9is leer <a href=\"https:\/\/dl.dropboxusercontent.com\/u\/24163046\/LLUITA%21%208.pdf\">desde aqu\u00ed<\/a> o haciendo clic en el enlace debajo de la imagen de la portada de la revista.<\/div>\n<div style=\"text-align: justify\">\n<\/div>\n<div style=\"text-align: justify\">\nComo siempre, esta revista est\u00e1 abierta a la colaboraci\u00f3n y opini\u00f3n de cualquier trabajador\/a de BSM.<\/div>\n<div style=\"text-align: justify\">\n<\/div>\n<div style=\"text-align: justify\">\nContiene art\u00edculos de opini\u00f3n y de informaci\u00f3n relacionados con la actualidad de la empresa, esperamos que os guste.<\/div>\n<div style=\"text-align: justify\">\n<\/div>\n<div style=\"text-align: justify\">\n<\/div>\n<div style=\"clear: both;text-align: center\">\n<\/div>\n<p><\/p>\n","protected":false},"excerpt":{"rendered":"<p>Lluita! 8 Novembre 2013 Os adjuntamos un nuevo n\u00famero, de la revista de la secci\u00f3n sindical de CCOO_BSM, Lluita!8 edici\u00f3n noviembre 2013. La pod\u00e9is leer desde aqu\u00ed o haciendo clic &#8230; <a title=\"Lluita! 8 Noviembre 2013\" class=\"read-more\" href=\"https:\/\/ccoo.app\/barcelona-serveis-municipals\/lluita-8-noviembre-2013\/\" aria-label=\"M\u00e9s informaci\u00f3 sobre Lluita! 8 Noviembre 2013\">Read more<\/a><\/p>\n","protected":false},"author":4519,"featured_media":0,"comment_status":"closed","ping_status":"closed","sticky":false,"template":"","format":"standard","meta":{"footnotes":""},"categories":[1],"tags":[],"class_list":["post-3001","post","type-post","status-publish","format-standard","hentry","category-sin-categoria","generate-columns","tablet-grid-50","mobile-grid-100","grid-parent","grid-33"],"_links":{"self":[{"href":"https:\/\/ccoo.app\/barcelona-serveis-municipals\/wp-json\/wp\/v2\/posts\/3001","targetHints":{"allow":["GET"]}}],"collection":[{"href":"https:\/\/ccoo.app\/barcelona-serveis-municipals\/wp-json\/wp\/v2\/posts"}],"about":[{"href":"https:\/\/ccoo.app\/barcelona-serveis-municipals\/wp-json\/wp\/v2\/types\/post"}],"author":[{"embeddable":true,"href":"https:\/\/ccoo.app\/barcelona-serveis-municipals\/wp-json\/wp\/v2\/users\/4519"}],"replies":[{"embeddable":true,"href":"https:\/\/ccoo.app\/barcelona-serveis-municipals\/wp-json\/wp\/v2\/comments?post=3001"}],"version-history":[{"count":0,"href":"https:\/\/ccoo.app\/barcelona-serveis-municipals\/wp-json\/wp\/v2\/posts\/3001\/revisions"}],"wp:attachment":[{"href":"https:\/\/ccoo.app\/barcelona-serveis-municipals\/wp-json\/wp\/v2\/media?parent=3001"}],"wp:term":[{"taxonomy":"category","embeddable":true,"href":"https:\/\/ccoo.app\/barcelona-serveis-municipals\/wp-json\/wp\/v2\/categories?post=3001"},{"taxonomy":"post_tag","embeddable":true,"href":"https:\/\/ccoo.app\/barcelona-serveis-municipals\/wp-json\/wp\/v2\/tags?post=3001"}],"curies":[{"name":"wp","href":"https:\/\/api.w.org\/{rel}","templated":true}]}}