{"id":3000,"date":"2013-12-02T12:43:00","date_gmt":"2013-12-02T11:43:00","guid":{"rendered":"https:\/\/ccoo.app\/barcelona-serveis-municipals\/comite-empresa-bsm-interrumpimos-pleno-municipal-ajuntament-barcelona\/"},"modified":"2013-12-02T12:43:00","modified_gmt":"2013-12-02T11:43:00","slug":"comite-empresa-bsm-interrumpimos-pleno-municipal-ajuntament-barcelona","status":"publish","type":"post","link":"https:\/\/ccoo.app\/barcelona-serveis-municipals\/comite-empresa-bsm-interrumpimos-pleno-municipal-ajuntament-barcelona\/","title":{"rendered":"Comit\u00e9 empresa BSM interrumpimos pleno municipal Ajuntament Barcelona"},"content":{"rendered":"<div style=\"text-align: justify\">\n<span lang=\"ES-TRAD\">El pasado 29 de noviembre, asistimos al<br \/>\nPleno del Consejo Municipal del Ajuntament de Barcelona, donde se trataban los <b>presupuestos municipales<\/b> para el a\u00f1o 2014 y en el que pretenden incluir la <b>privatizaci\u00f3n<\/b> de 26<br \/>\naparcamientos municipales, como sab\u00e9is, 15 de ellos gestionados actualmente por<br \/>\nBSM.<\/span><\/div>\n<div style=\"text-align: justify\">\n<span lang=\"ES-TRAD\"><br \/><\/span><\/div>\n<div style=\"text-align: justify\">\n<span lang=\"ES-TRAD\">Los presupuestos municipales <b>han sido rechazados por la mayor\u00eda<\/b> de la oposici\u00f3n (PSC, PP e ICv-EUiA), pero desde el gobierno municipal de CiU, no aceptando que la mayor\u00eda pol\u00edtica rechaza estos presupuestos municipales, han presentado una <b>moci\u00f3n de confianza<\/b>, para que si en los pr\u00f3ximos 30 dias, no se presenta ning\u00fan candidato alternativo a alcalde, el se\u00f1or Xavier Trias, podr\u00e1 seguir ejerciendo de alcalde y los presupuestos quedar\u00e1n aprobados.<\/span><\/div>\n<div style=\"text-align: justify\">\n<span lang=\"ES-TRAD\"><br \/><\/span><\/div>\n<div style=\"text-align: justify\">\n<span lang=\"ES-TRAD\">En este v\u00eddeo podr\u00e9is observar como representantes del comit\u00e9 de empresa de BSM, <b>interrumpimos el plenario<\/b> para decir bien alto y bien claro que <b>no queremos que se realice la privatizaci\u00f3n de BSM<\/b>, y que continuaremos dici\u00e9ndolo las veces que haga falta.<\/span><\/div>\n<div style=\"text-align: justify\">\n<\/div>\n<div style=\"text-align: justify\">\n<div style=\"clear: both;text-align: center\">\n<object><\/object><\/div>\n<p><span lang=\"ES-TRAD\">La asistencia al plenario forma parte de<br \/>\nla campa\u00f1a de lucha que estamos llevando <b>contra la privatizaci\u00f3n<\/b> de estos<br \/>\naparcamientos, y en la que quer\u00edamos mostrar al alcalde sr. Xavier Tr\u00edas y su equipo de<br \/>\ngobierno, el <b>rechazo del Comit\u00e9 de Empresa a esta operaci\u00f3n<\/b>, por lo que supone<br \/>\npara los trabajadores\/as que ser\u00e1n <b>subrogados<\/b>, por la <b>p\u00e9rdida de ingresos<\/b> para nuestra<br \/>\nempresa y por el <b>expolio de lo p\u00fablico<\/b> en <b>beneficio del capital privado<\/b>, en<br \/>\nconsonancia con la pol\u00edtica neoliberal que est\u00e1 llevando CiU en nuestro<br \/>\nAyuntamiento.<\/span><br \/>\n<span lang=\"ES-TRAD\"><br \/><\/span><br \/>\n<span lang=\"ES-TRAD\">En este otro v\u00eddeo que os mostramos a continuaci\u00f3n, la regidora de CiU, y presidenta de Barcelona de Serveis Municipals, sra. Sonia Recasens, argumenta el motivo de <b>la inclusi\u00f3n de la privatizaci\u00f3n de los aparcamientos en los presupuestos municipales<\/b>. Se la nota crispada y cansada de tener que decir que no es una privatizaci\u00f3n ( se lo seguiremos recordando).<\/span><\/p>\n<div style=\"clear: both;text-align: center\">\n<\/div>\n<div style=\"text-align: center\">\n<object><\/object><\/div>\n<p><span lang=\"ES-TRAD\"><br \/><\/span><\/div>\n<div style=\"text-align: justify\">\nComo sab\u00e9is desde el Comit\u00e9 de Empresa<br \/>\ntambi\u00e9n impulsamos una <b><a href=\"http:\/\/www.change.org\/es\/peticiones\/sr-xavier-trias-alcalde-de-barcelona-no-a-la-privatizaci%C3%B3n-de-aparcamientos-municipales\">campa\u00f1a online para la recogida de firmas contra la privatizaci\u00f3n de los aparcamientos<\/a>.<\/b> Desde CCOO_BSM enviamos solicitud de apoyo a<br \/>\nesta campa\u00f1a a las organizaciones pol\u00edticas: Iniciativa per Catalunya, Esquerra<br \/>\nUnida i Alternativa, Esquerra Oberta, Nova Esquerra independentista, Esquerra<br \/>\nanticapitalista y La CUP, a los diarios: El Triangle, El diario.es, Caf\u00e9 amb<br \/>\nLlet, Tercera informaci\u00f3n, Agencia pulsa y Periodismo ciudadano y a las<br \/>\norganizaciones: Global Voice, Federaci\u00f3n de asociaciones de vecinos de<br \/>\nBarcelona, Democracia Real Ya, Trobada alternativa de Nou Barris, Bella Ciao,<br \/>\nAteneu Barcelon\u00e8s, Ateneo popular 9, Ateneo Sant Andreu y al Ateneo Popular de<br \/>\nVallcarca.<\/div>\n<div style=\"text-align: justify\">\n<\/div>\n<div style=\"text-align: justify\">\n<span lang=\"ES-TRAD\">Sobre esta campa\u00f1a decir que de momento, s\u00f3lo hemos conseguido recoger 443 firmas, cifra que nos decepciona profundamente, ya que<br \/>\nsiendo una empresa con 1200 trabajadores\/as (es decir 1200 personas directamente<br \/>\nafectadas por esta privatizaci\u00f3n), esper\u00e1bamos como m\u00ednimo el triple.<\/span><\/div>\n<div style=\"text-align: justify\">\n<\/div>\n<div style=\"text-align: justify\">\n<span lang=\"ES-TRAD\">Otra l\u00ednea que desde CCOO_BSM hemos seguido,<br \/>\npara luchar contra la privatizaci\u00f3n de los aparcamientos, ha sido intentar<br \/>\nllamar la atenci\u00f3n de los <b>medios de comunicaci\u00f3n <\/b>sobre este tema, para ello,<br \/>\nhemos enviado cartas al director de los diarios El Pa\u00eds, La Vanguardia, El<br \/>\nPeri\u00f3dico, 20 minutos, El Mundo, La Raz\u00f3n y ABC. <\/span><\/div>\n<div style=\"text-align: justify\">\n<\/div>\n<div style=\"text-align: justify\">\n<span lang=\"ES-TRAD\">Adem\u00e1s, hemos solicitado al programa Salvados<br \/>\nde La Sexta, que se interesase por este tema e invitamos al noticiario El<br \/>\nIntermedio de La Sexta y al programa Crack\u00f2via de TV3 a incluir alg\u00fan sketch sobre<br \/>\neste tema en sus programas.<\/span><\/div>\n<div style=\"text-align: justify\">\n<span lang=\"ES-TRAD\"><br \/><\/span><\/div>\n<div style=\"text-align: justify\">\n<span lang=\"ES-TRAD\">Seguiremos trabajando y actuando&nbsp;<\/span><\/div>\n<div style=\"text-align: justify\">\n<span lang=\"ES-TRAD\"><br \/><\/span><\/div>\n<div style=\"clear: both;text-align: center\">\n<\/div>\n<div style=\"text-align: justify\">\n<\/div>\n","protected":false},"excerpt":{"rendered":"<p>El pasado 29 de noviembre, asistimos al Pleno del Consejo Municipal del Ajuntament de Barcelona, donde se trataban los presupuestos municipales para el a\u00f1o 2014 y en el que pretenden &#8230; <a title=\"Comit\u00e9 empresa BSM interrumpimos pleno municipal Ajuntament Barcelona\" class=\"read-more\" href=\"https:\/\/ccoo.app\/barcelona-serveis-municipals\/comite-empresa-bsm-interrumpimos-pleno-municipal-ajuntament-barcelona\/\" aria-label=\"M\u00e9s informaci\u00f3 sobre Comit\u00e9 empresa BSM interrumpimos pleno municipal Ajuntament Barcelona\">Read more<\/a><\/p>\n","protected":false},"author":4519,"featured_media":0,"comment_status":"closed","ping_status":"closed","sticky":false,"template":"","format":"standard","meta":{"footnotes":""},"categories":[1],"tags":[],"class_list":["post-3000","post","type-post","status-publish","format-standard","hentry","category-sin-categoria","generate-columns","tablet-grid-50","mobile-grid-100","grid-parent","grid-33"],"_links":{"self":[{"href":"https:\/\/ccoo.app\/barcelona-serveis-municipals\/wp-json\/wp\/v2\/posts\/3000","targetHints":{"allow":["GET"]}}],"collection":[{"href":"https:\/\/ccoo.app\/barcelona-serveis-municipals\/wp-json\/wp\/v2\/posts"}],"about":[{"href":"https:\/\/ccoo.app\/barcelona-serveis-municipals\/wp-json\/wp\/v2\/types\/post"}],"author":[{"embeddable":true,"href":"https:\/\/ccoo.app\/barcelona-serveis-municipals\/wp-json\/wp\/v2\/users\/4519"}],"replies":[{"embeddable":true,"href":"https:\/\/ccoo.app\/barcelona-serveis-municipals\/wp-json\/wp\/v2\/comments?post=3000"}],"version-history":[{"count":0,"href":"https:\/\/ccoo.app\/barcelona-serveis-municipals\/wp-json\/wp\/v2\/posts\/3000\/revisions"}],"wp:attachment":[{"href":"https:\/\/ccoo.app\/barcelona-serveis-municipals\/wp-json\/wp\/v2\/media?parent=3000"}],"wp:term":[{"taxonomy":"category","embeddable":true,"href":"https:\/\/ccoo.app\/barcelona-serveis-municipals\/wp-json\/wp\/v2\/categories?post=3000"},{"taxonomy":"post_tag","embeddable":true,"href":"https:\/\/ccoo.app\/barcelona-serveis-municipals\/wp-json\/wp\/v2\/tags?post=3000"}],"curies":[{"name":"wp","href":"https:\/\/api.w.org\/{rel}","templated":true}]}}