{"id":2999,"date":"2013-12-11T15:26:00","date_gmt":"2013-12-11T14:26:00","guid":{"rendered":"https:\/\/ccoo.app\/barcelona-serveis-municipals\/calendario-area-2014-y-domingos-y-festivos-obligados\/"},"modified":"2013-12-11T15:26:00","modified_gmt":"2013-12-11T14:26:00","slug":"calendario-area-2014-y-domingos-y-festivos-obligados","status":"publish","type":"post","link":"https:\/\/ccoo.app\/barcelona-serveis-municipals\/calendario-area-2014-y-domingos-y-festivos-obligados\/","title":{"rendered":"Calendario AREA 2014 y domingos y festivos obligados??"},"content":{"rendered":"<div style=\"text-align: justify\">\nHoy mi\u00e9rcoles 11 de diciembre, est\u00e1bamos convocados a una reuni\u00f3n sobre calendarios de AREA, en la cual nos han presentado una propuesta de pr\u00f3rroga de calendario, a la que la representaci\u00f3n social, hemos manifestado nuestra intenci\u00f3n de <b>modificar ciertos aspectos<\/b>, como por ejemplo la fecha del s\u00e1bado puente de agosto (d\u00eda 16), pasarlo al s\u00e1bado 27 de diciembre, la cu\u00e1l la Direcci\u00f3n del departamento de AREA ha rechazado, provocando que sea<b> imposible alcanzar acuerdo<\/b> en los calendarios laborales 2014.<\/div>\n<div style=\"text-align: justify\">\n<\/div>\n<div style=\"text-align: justify\">\nComo novedad, se incorpora un <b>5\u00ba turno de minis <\/b>en la semana del <b>5 al 9 de enero de 2015<\/b>.<\/div>\n<div style=\"text-align: justify\">\n<\/div>\n<div style=\"text-align: justify\">\nAl haber un <b>festivo<\/b> m\u00e1s el a\u00f1o que viene (15), el cual se debe <b>recuperar<\/b>, la Direcci\u00f3n manifiesta que <b>se descontar\u00e1 un d\u00eda de vacaciones<\/b> para todos los trabajadores\/as (quedar\u00e1n 22 d\u00edas laborables), a excepci\u00f3n del personal con reducci\u00f3n de jornada, que deber\u00e1n acordar con la unidad como recuperan este d\u00eda. Recordamos que no pueden obligar, a recuperar este d\u00eda en domingo o festivo, ni en s\u00e1bado a aquellos trabajadores\/as que no lo trabajen por reducci\u00f3n de jornada.<\/div>\n<div style=\"text-align: justify\">\n<\/div>\n<div style=\"clear: both;text-align: center\">\n<\/div>\n<div style=\"text-align: justify\">\nComo colof\u00f3n a la nula voluntad de llegar a un consenso por parte de la Direcci\u00f3n de BSM, \u00e9sta, nos anuncia que nos <b>citar\u00e1n en breve<\/b> para solucionar la problem\u00e1tica que tiene la unidad de AREA con <b>trabajar los domingos y festivos<\/b>, sin anticipar nada de nada, y que no descartan hacer uso del 10% de flexibilidad horaria que estipula el Estatuto de los Trabajadores en su art\u00edculo 34.2.<\/div>\n<div style=\"text-align: justify\">\n<\/div>\n<div style=\"text-align: justify\">\n<\/div>\n<div style=\"text-align: justify\">\n<\/div>\n<div style=\"text-align: justify\">\nEstaremos a la expectativa de la intenci\u00f3n de la Direcci\u00f3n, de obligarnos a trabajar domingos y festivos, y por mucho que quieran tirar de mecanismos legales para obligarnos, <b>no se lo pondremos nada f\u00e1cil.<\/b><\/div>\n<div style=\"text-align: justify\">\n<\/div>\n<div style=\"text-align: justify\">\nOs seguiremos informando<\/div>\n","protected":false},"excerpt":{"rendered":"<p>Hoy mi\u00e9rcoles 11 de diciembre, est\u00e1bamos convocados a una reuni\u00f3n sobre calendarios de AREA, en la cual nos han presentado una propuesta de pr\u00f3rroga de calendario, a la que la &#8230; <a title=\"Calendario AREA 2014 y domingos y festivos obligados??\" class=\"read-more\" href=\"https:\/\/ccoo.app\/barcelona-serveis-municipals\/calendario-area-2014-y-domingos-y-festivos-obligados\/\" aria-label=\"M\u00e9s informaci\u00f3 sobre Calendario AREA 2014 y domingos y festivos obligados??\">Read more<\/a><\/p>\n","protected":false},"author":4519,"featured_media":0,"comment_status":"closed","ping_status":"closed","sticky":false,"template":"","format":"standard","meta":{"footnotes":""},"categories":[1],"tags":[],"class_list":["post-2999","post","type-post","status-publish","format-standard","hentry","category-sin-categoria","generate-columns","tablet-grid-50","mobile-grid-100","grid-parent","grid-33"],"_links":{"self":[{"href":"https:\/\/ccoo.app\/barcelona-serveis-municipals\/wp-json\/wp\/v2\/posts\/2999","targetHints":{"allow":["GET"]}}],"collection":[{"href":"https:\/\/ccoo.app\/barcelona-serveis-municipals\/wp-json\/wp\/v2\/posts"}],"about":[{"href":"https:\/\/ccoo.app\/barcelona-serveis-municipals\/wp-json\/wp\/v2\/types\/post"}],"author":[{"embeddable":true,"href":"https:\/\/ccoo.app\/barcelona-serveis-municipals\/wp-json\/wp\/v2\/users\/4519"}],"replies":[{"embeddable":true,"href":"https:\/\/ccoo.app\/barcelona-serveis-municipals\/wp-json\/wp\/v2\/comments?post=2999"}],"version-history":[{"count":0,"href":"https:\/\/ccoo.app\/barcelona-serveis-municipals\/wp-json\/wp\/v2\/posts\/2999\/revisions"}],"wp:attachment":[{"href":"https:\/\/ccoo.app\/barcelona-serveis-municipals\/wp-json\/wp\/v2\/media?parent=2999"}],"wp:term":[{"taxonomy":"category","embeddable":true,"href":"https:\/\/ccoo.app\/barcelona-serveis-municipals\/wp-json\/wp\/v2\/categories?post=2999"},{"taxonomy":"post_tag","embeddable":true,"href":"https:\/\/ccoo.app\/barcelona-serveis-municipals\/wp-json\/wp\/v2\/tags?post=2999"}],"curies":[{"name":"wp","href":"https:\/\/api.w.org\/{rel}","templated":true}]}}