{"id":2996,"date":"2014-01-14T10:21:00","date_gmt":"2014-01-14T09:21:00","guid":{"rendered":"https:\/\/ccoo.app\/barcelona-serveis-municipals\/ajuntament-bcn-y-direccion-bsm-niegan-informacion-sobre-privatizacion-aparcamientos\/"},"modified":"2014-01-14T10:21:00","modified_gmt":"2014-01-14T09:21:00","slug":"ajuntament-bcn-y-direccion-bsm-niegan-informacion-sobre-privatizacion-aparcamientos","status":"publish","type":"post","link":"https:\/\/ccoo.app\/barcelona-serveis-municipals\/ajuntament-bcn-y-direccion-bsm-niegan-informacion-sobre-privatizacion-aparcamientos\/","title":{"rendered":"Ajuntament BCN y Direcci\u00f3n BSM niegan informaci\u00f3n sobre privatizaci\u00f3n aparcamientos"},"content":{"rendered":"<div style=\"clear: both;text-align: center\">\n<\/div>\n<div style=\"text-align: right\">\n<b><span style=\"font-family: Arial, sans-serif\"><span style=\"font-size: x-large\">EL COMITE INFORMA &nbsp; &nbsp; &nbsp; &nbsp; &nbsp; &nbsp;&nbsp;<\/span><\/span><\/b><b style=\"text-align: right\"><span style=\"font-family: Arial, sans-serif\">13\/01\/14<\/span><\/b><\/div>\n<div style=\"text-align: justify\">\n<\/div>\n<div style=\"text-align: justify\">\n<b style=\"text-align: center\"><span>LA<br \/>\nEMPRESA Y EL AJUNTAMENT DE BCN DENIEGAN A LOS REPRESENTANTES DE LOS<br \/>\nTRABAJADORES INFORMACION VITAL SOBRE LA PRIVATIZACION DE APARCAMIENTOS<\/span><\/b><\/div>\n<div style=\"text-align: justify\">\n<\/div>\n<div style=\"text-align: justify\">\n<span>Para los<br \/>\nrepresentantes de los trabajadores, se han incrementado de manera exponencial nuestras<br \/>\nsospechas de que, pese al barniz de supuestos beneficios sociales mediante el<br \/>\ncual el Ajuntament de Barcelona est\u00e1 disfrazando su iniciativa, detr\u00e1s de la<br \/>\nprivatizaci\u00f3n de parte de los aparcamientos de BSM se enmascara, simple y<br \/>\nllanamente, una ambiciosa operaci\u00f3n financiera destinada a favorecer por parte del<br \/>\nequipo municipal gobernante a determinados agentes de la \u00e9lite empresarial del<br \/>\npa\u00eds en detrimento del beneficio p\u00fablico y colectivo, lo que vulgarmente se<br \/>\nconoce como \u201cdar un pelotazo\u201d.<\/span><\/div>\n<div style=\"text-align: justify\">\n<\/div>\n<div style=\"text-align: justify\">\n<span>Adem\u00e1s de que<br \/>\nninguna de las argumentaciones de la representaci\u00f3n social contrarias al plan<br \/>\nde privatizaci\u00f3n, incluidas alegaciones formalmente registradas, plan ideado y<br \/>\nbautizado por el consistorio con el rimbombante nombre de <b>Operaci\u00f3n Terranova<\/b>, fueran tenidas en consideraci\u00f3n, la opci\u00f3n de<br \/>\nplantear en el seno del comit\u00e9 de empresa la posibilidad de denunciar en los<br \/>\ntribunales de justicia al Ajuntament de Barcelona por promover una operaci\u00f3n<br \/>\nperjudicial para los intereses de la ciudad, de los trabajadores de BSM<br \/>\nafectados y de la futura viabilidad de la propia empresa, est\u00e1 resultando de<br \/>\ndif\u00edcil realizaci\u00f3n por el secretismo y la falta de transparencia de la<br \/>\nalcald\u00eda y la direcci\u00f3n de la empresa. A los efectos de valorar la interposici\u00f3n<br \/>\nde denuncia con datos fidedignos, el comit\u00e9 de empresa solicit\u00f3 por escrito al<br \/>\nAjuntament de Barcelona el <b>Informe de<br \/>\nValoraci\u00f3n<\/b>, realizado por la consultor\u00eda financiera independiente Altium<br \/>\nCapital en paralelo al expediente informativo municipal, este \u00faltimo de<br \/>\nobligada exposici\u00f3n p\u00fablica. En dicho Informe de Valoraci\u00f3n se recogen de<br \/>\nmanera pormenorizada datos referentes al sector, un an\u00e1lisis exhaustivo de los<br \/>\naparcamientos afectados, endeudamiento y accionariado de la futura empresa<br \/>\nBAMSA, y lo principal: valor de la nueva empresa y margen de beneficios anual<br \/>\nque le repercutir\u00e1.<\/span><\/div>\n<div style=\"text-align: justify\">\n<\/div>\n<div style=\"text-align: justify\">\n<span>Estos datos<br \/>\necon\u00f3micos, tambi\u00e9n fueron solicitados el pasado 28 de octubre, a la segunda<br \/>\nteniente de alcalde y presidenta de BSM, Sonia Recasens, durante la<br \/>\npresentaci\u00f3n de los presupuestos del Ajuntament en el auditorio de la<br \/>\nbiblioteca Jaume Fuster, sin obtener respuesta alguna al respecto, manteniendo<br \/>\nla opacidad que caracteriza esta operaci\u00f3n.<\/span><\/div>\n<div style=\"text-align: justify\">\n<\/div>\n<div style=\"text-align: justify\">\n<span>Pues bien, el<br \/>\nDirector de Serveis d\u2019Empresas, Consorcis i Fundacions del Ajuntament, despu\u00e9s<br \/>\nde autorizar la consulta del Informe de Valoraci\u00f3n en la sede de la empresa, se<br \/>\ndesdijo de dicha autorizaci\u00f3n y deneg\u00f3 la posibilidad de consultar ese<br \/>\ndocumento, resultando infructuoso a partir de ese momento cualquier otro<br \/>\nintento ante la direcci\u00f3n de BSM de poder examinar el informe, el \u00faltimo de<br \/>\nellos realizado el pasado 27 de noviembre y con igual negativa por parte de su<br \/>\nDirector General.<\/span><\/div>\n<div style=\"text-align: justify\">\n<\/div>\n<div style=\"text-align: justify\">\n<span>Ante esta evidente<br \/>\nfalta de buena fe y de ocultaci\u00f3n de datos a los leg\u00edtimos representantes de<br \/>\nlos trabajadores en un asunto que les repercute directamente, el comit\u00e9 de<br \/>\nempresa ha interpuesto denuncia por incumplimiento de la empresa del derecho a<br \/>\nla informaci\u00f3n ante Inspecci\u00f3n de Trabajo y transmitir\u00e1 a la opini\u00f3n p\u00fablica la<br \/>\nsituaci\u00f3n del proceso para su conocimiento.<\/span><\/div>\n<div style=\"text-align: justify\">\n<\/div>\n<div style=\"text-align: justify\">\n<span>Seguiremos<br \/>\ninformando &nbsp;<\/span><\/div>\n<div style=\"text-align: justify\">\n<\/div>\n<div align=\"right\" style=\"text-align: right\">\n<b><i><span style=\"font-size: 20.0pt\">Comit\u00e9 de Empresa de BSM <\/span><\/i><\/b><\/div>\n<div style=\"clear: both;text-align: center\">\n<\/div>\n<div>\n<\/div>\n<p><\/p>\n","protected":false},"excerpt":{"rendered":"<p>EL COMITE INFORMA &nbsp; &nbsp; &nbsp; &nbsp; &nbsp; &nbsp;&nbsp;13\/01\/14 LA EMPRESA Y EL AJUNTAMENT DE BCN DENIEGAN A LOS REPRESENTANTES DE LOS TRABAJADORES INFORMACION VITAL SOBRE LA PRIVATIZACION DE APARCAMIENTOS &#8230; <a title=\"Ajuntament BCN y Direcci\u00f3n BSM niegan informaci\u00f3n sobre privatizaci\u00f3n aparcamientos\" class=\"read-more\" href=\"https:\/\/ccoo.app\/barcelona-serveis-municipals\/ajuntament-bcn-y-direccion-bsm-niegan-informacion-sobre-privatizacion-aparcamientos\/\" aria-label=\"M\u00e9s informaci\u00f3 sobre Ajuntament BCN y Direcci\u00f3n BSM niegan informaci\u00f3n sobre privatizaci\u00f3n aparcamientos\">Read more<\/a><\/p>\n","protected":false},"author":4519,"featured_media":0,"comment_status":"closed","ping_status":"closed","sticky":false,"template":"","format":"standard","meta":{"footnotes":""},"categories":[1],"tags":[],"class_list":["post-2996","post","type-post","status-publish","format-standard","hentry","category-sin-categoria","generate-columns","tablet-grid-50","mobile-grid-100","grid-parent","grid-33"],"_links":{"self":[{"href":"https:\/\/ccoo.app\/barcelona-serveis-municipals\/wp-json\/wp\/v2\/posts\/2996","targetHints":{"allow":["GET"]}}],"collection":[{"href":"https:\/\/ccoo.app\/barcelona-serveis-municipals\/wp-json\/wp\/v2\/posts"}],"about":[{"href":"https:\/\/ccoo.app\/barcelona-serveis-municipals\/wp-json\/wp\/v2\/types\/post"}],"author":[{"embeddable":true,"href":"https:\/\/ccoo.app\/barcelona-serveis-municipals\/wp-json\/wp\/v2\/users\/4519"}],"replies":[{"embeddable":true,"href":"https:\/\/ccoo.app\/barcelona-serveis-municipals\/wp-json\/wp\/v2\/comments?post=2996"}],"version-history":[{"count":0,"href":"https:\/\/ccoo.app\/barcelona-serveis-municipals\/wp-json\/wp\/v2\/posts\/2996\/revisions"}],"wp:attachment":[{"href":"https:\/\/ccoo.app\/barcelona-serveis-municipals\/wp-json\/wp\/v2\/media?parent=2996"}],"wp:term":[{"taxonomy":"category","embeddable":true,"href":"https:\/\/ccoo.app\/barcelona-serveis-municipals\/wp-json\/wp\/v2\/categories?post=2996"},{"taxonomy":"post_tag","embeddable":true,"href":"https:\/\/ccoo.app\/barcelona-serveis-municipals\/wp-json\/wp\/v2\/tags?post=2996"}],"curies":[{"name":"wp","href":"https:\/\/api.w.org\/{rel}","templated":true}]}}