{"id":2956,"date":"2014-08-29T18:24:00","date_gmt":"2014-08-29T16:24:00","guid":{"rendered":"https:\/\/ccoo.app\/barcelona-serveis-municipals\/coche-para-el-area\/"},"modified":"2014-08-29T18:24:00","modified_gmt":"2014-08-29T16:24:00","slug":"coche-para-el-area","status":"publish","type":"post","link":"https:\/\/ccoo.app\/barcelona-serveis-municipals\/coche-para-el-area\/","title":{"rendered":"\u00bfCoche para el AREA?"},"content":{"rendered":"<div style=\"text-align: justify\">\nEl<br \/>\npasado mes de julio, la unidad de AREA inform\u00f3 de que prev\u00e9 disponer de un veh\u00edculo<br \/>\n(coche), dotado de c\u00e1maras para el control del estacionamiento, el cu\u00e1l<br \/>\ncomenzar\u00e1 a probar previsiblemente en octubre en zonas reguladas sin confirmar.<\/div>\n<div style=\"text-align: justify\">\n<\/div>\n<div style=\"text-align: justify\">\nAl parecernos muy pobre esta informaci\u00f3n, desde CCOO_BSM buscamos la licitaci\u00f3n p\u00fablica, encontrando que su valor<br \/>\nestimado es de <b>95.000 euros<\/b>, y el t\u00edtulo<i>:<b>\u201d Suministro para realizar una<br \/>\nprueba piloto de un veh\u00edculo, con un solo ocupante y sistema de c\u00e1maras que<br \/>\npermitan la lectura, escaneo de matr\u00edculas a bordo del coche, m\u00e1s sistema de<br \/>\ncomunicaci\u00f3n para enviarlo a BSM, software de soporte de los sistemas (gesti\u00f3n<br \/>\ny validaci\u00f3n de las denuncias) y sistema de asistencia para dejar los avisos de<br \/>\ndenuncia \u201cin situ\u201d \u201c<\/b><\/i><\/div>\n<div style=\"text-align: justify\">\n<\/div>\n<div style=\"text-align: justify\">\nYa con el t\u00edtulo aparecen las primeras aclaraciones, <b>solo quieren un ocupante<\/b> en el<br \/>\nveh\u00edculo, aunque si bien en los documentos exponen que el<br \/>\nturismo debe disponer de 2 plazas.<\/div>\n<div style=\"text-align: justify\">\n<\/div>\n<div style=\"text-align: justify\">\n<div style=\"clear: both;text-align: center\">\n<a href=\"http:\/\/3.bp.blogspot.com\/-tPSt-voifr8\/VKkqOYnnISI\/AAAAAAAAGIY\/lj0l6C38y9g\/s1600\/COCHE%2BDENUNCIA%2BBSM.jpg\" style=\"clear: left;float: left;margin-bottom: 1em;margin-right: 1em\"><img loading=\"lazy\" decoding=\"async\" border=\"0\" src=\"http:\/\/3.bp.blogspot.com\/-tPSt-voifr8\/VKkqOYnnISI\/AAAAAAAAGIY\/lj0l6C38y9g\/s1600\/COCHE%2BDENUNCIA%2BBSM.jpg\" height=\"87\" width=\"320\" \/><\/a><\/div>\n<p>Una vez<br \/>\nrevisada la propia documentaci\u00f3n t\u00e9cnica de la licitaci\u00f3n, vemos como desde B:SM pretenden que <b>el veh\u00edculo haga propuestas de denuncia<\/b>, al igual que las<br \/>\nrealizamos los trabajadores\/as, aunque nos generan dudas de como pretenden dejar<br \/>\nlos avisos de denuncia \u201cin situ\u201d, con un veh\u00edculo y con 1 s\u00f3lo ocupante.<\/div>\n<div style=\"text-align: justify\">\n<\/div>\n<div style=\"text-align: justify\">\nLa prueba<br \/>\npiloto que tiene una duraci\u00f3n prevista de 3 meses, la realizar\u00e1n en un \u00e1rea<br \/>\nexclusiva de residentes a determinar por la unidad, aunque tambi\u00e9n probar\u00e1n en<br \/>\nareas verdes preferentes, as\u00ed como en alguna otra zona regulada con el fin de<br \/>\npoder evaluar el sistema en grandes extensiones y poder hacer estudios de<br \/>\nocupaci\u00f3n.<\/div>\n<div style=\"text-align: justify\">\n<\/div>\n<div style=\"text-align: justify\">\nA parte del<br \/>\nturismo, la licitaci\u00f3n incluye otra serie de medios tecnol\u00f3gicos como son el<br \/>\nsoftware para su uso <b>y 2 dispositivos PDA para vigilantes<\/b>. Tambi\u00e9n se prev\u00e9<br \/>\nsoporte inform\u00e1tico en el <b>CCM<\/b> (Centro de Control de Movilidad), d\u00f3nde los<br \/>\noperadores del centro de control tendr\u00e1n la misi\u00f3n de recibir las propuestas de<br \/>\ndenuncia, validarlas, filtrarlas, clasificarlas y reenviarlas en caso de ser<br \/>\nnecesario a las PDA de los vigilantes para su comprobaci\u00f3n y<br \/>\nverificaci\u00f3n.<\/div>\n<div style=\"text-align: justify\">\n<\/div>\n<div style=\"text-align: justify\">\nA\u00fan y sabiendo<br \/>\nque es una prueba piloto, a esta secci\u00f3n sindical nos generan algunas dudas, la<br \/>\nimplantaci\u00f3n de este veh\u00edculo:<\/div>\n<div style=\"text-align: justify\">\n<\/div>\n<div style=\"margin-left: 36.0pt;text-align: justify;text-indent: -18.0pt\">\n<!--[if !supportLists]--><span style=\"font-family: Symbol\">\u00b7<span style=\"font-family: 'Times New Roman';font-size: 7pt\">&nbsp;&nbsp;&nbsp;&nbsp;&nbsp;<\/span><\/span>\u00bfEs realmente <b>necesario<\/b> este veh\u00edculo?, \u00bfes<br \/>\nnecesario <b>gastarse<\/b> <b>95.000<\/b> euros en una <b>prueba<\/b> de 3 meses?<\/div>\n<div style=\"margin-left: 36.0pt;text-align: justify;text-indent: -18.0pt\">\n<!--[if !supportLists]--><span style=\"font-family: Symbol\">\u00b7<span style=\"font-family: 'Times New Roman';font-size: 7pt\">&nbsp;&nbsp;&nbsp;&nbsp;&nbsp;&nbsp;&nbsp;<br \/>\n<\/span><\/span><!--[endif]-->\u00bfSe pretende <b>reducir o reubicar<\/b> personal<br \/>\noperativo con este coche?<\/div>\n<div style=\"margin-left: 36.0pt;text-align: justify;text-indent: -18.0pt\">\n<!--[if !supportLists]--><span style=\"font-family: Symbol\">\u00b7<span style=\"font-family: 'Times New Roman';font-size: 7pt\">&nbsp;&nbsp;&nbsp;&nbsp;&nbsp;&nbsp;&nbsp;<br \/>\n<\/span><\/span><!--[endif]-->\u00bfSe incrementar\u00e1 el personal de operador en CCM,<br \/>\no se <b>sobrecargar\u00e1<\/b>&nbsp;al actual?<\/div>\n<div style=\"margin-left: 36.0pt;text-align: justify;text-indent: -18.0pt\">\n<!--[if !supportLists]--><span style=\"font-family: Symbol\">\u00b7<span style=\"font-family: 'Times New Roman';font-size: 7pt\">&nbsp;&nbsp;&nbsp;&nbsp;<\/span><\/span>\u00bfSe convocar\u00e1 plaza o plazas abiertas para que<br \/>\ntodo el personal pueda optar a conducir dicho veh\u00edculo, o se asignar\u00e1 el<br \/>\n<b>servicio a dedo<\/b>?<\/div>\n<div style=\"text-align: justify\">\n<\/div>\n<div style=\"text-align: justify\">\nCon estas y m\u00e1s<br \/>\ndudas, desde CCOO_BSM, avisamos que estaremos atentos a esta prueba piloto y de que si esta innovaci\u00f3n pretende ir acompa\u00f1ada de medidas contra los trabajadores\/as o nuestro empleo, <b>no<\/b> <b>nos quedaremos<br \/>\nde brazos cruzados<\/b>.<\/div>\n<div style=\"text-align: justify\">\n<\/div>\n<div style=\"text-align: justify\">\nOs seguiremos<br \/>\ninformando<\/p>\n<div style=\"clear: both;text-align: center\">\n<\/div>\n<div style=\"clear: both;text-align: center\">\n<span style=\"font-size: x-small\">Esquema publicado en la licitaci\u00f3n p\u00fablica<\/span><\/div>\n<div style=\"clear: both;text-align: center\">\n<a href=\"http:\/\/3.bp.blogspot.com\/-o_6h1q-5mpk\/VKkqZKw85yI\/AAAAAAAAGIg\/yVcfULrWeWM\/s1600\/esquema.jpg\" style=\"margin-left: 1em;margin-right: 1em\"><img loading=\"lazy\" decoding=\"async\" border=\"0\" src=\"http:\/\/3.bp.blogspot.com\/-o_6h1q-5mpk\/VKkqZKw85yI\/AAAAAAAAGIg\/yVcfULrWeWM\/s1600\/esquema.jpg\" height=\"640\" width=\"452\" \/><\/a><\/div>\n<div style=\"clear: both;text-align: center\">\n<span style=\"font-size: x-small\"><br \/><\/span><\/div>\n<div style=\"clear: both;text-align: center\">\n<span style=\"font-size: x-small\"><br \/><\/span><\/div>\n<div style=\"clear: both;text-align: left\">\n<a href=\"http:\/\/www.bsmsa.cat\/?id=581&amp;bsmsa%5Buid%5D=4932&amp;bsmsa%5Btype%5D=2&amp;bsmsa%5Baction%5D=view\"><span style=\"font-size: large\">Adjudicado a Abstract Computing International BV por 87.721 euros sin IVA<\/span><\/a><\/div>\n<p><\/div>\n","protected":false},"excerpt":{"rendered":"<p>El pasado mes de julio, la unidad de AREA inform\u00f3 de que prev\u00e9 disponer de un veh\u00edculo (coche), dotado de c\u00e1maras para el control del estacionamiento, el cu\u00e1l comenzar\u00e1 a &#8230; <a title=\"\u00bfCoche para el AREA?\" class=\"read-more\" href=\"https:\/\/ccoo.app\/barcelona-serveis-municipals\/coche-para-el-area\/\" aria-label=\"M\u00e9s informaci\u00f3 sobre \u00bfCoche para el AREA?\">Read more<\/a><\/p>\n","protected":false},"author":4519,"featured_media":0,"comment_status":"closed","ping_status":"closed","sticky":false,"template":"","format":"standard","meta":{"footnotes":""},"categories":[1],"tags":[],"class_list":["post-2956","post","type-post","status-publish","format-standard","hentry","category-sin-categoria","generate-columns","tablet-grid-50","mobile-grid-100","grid-parent","grid-33"],"_links":{"self":[{"href":"https:\/\/ccoo.app\/barcelona-serveis-municipals\/wp-json\/wp\/v2\/posts\/2956","targetHints":{"allow":["GET"]}}],"collection":[{"href":"https:\/\/ccoo.app\/barcelona-serveis-municipals\/wp-json\/wp\/v2\/posts"}],"about":[{"href":"https:\/\/ccoo.app\/barcelona-serveis-municipals\/wp-json\/wp\/v2\/types\/post"}],"author":[{"embeddable":true,"href":"https:\/\/ccoo.app\/barcelona-serveis-municipals\/wp-json\/wp\/v2\/users\/4519"}],"replies":[{"embeddable":true,"href":"https:\/\/ccoo.app\/barcelona-serveis-municipals\/wp-json\/wp\/v2\/comments?post=2956"}],"version-history":[{"count":0,"href":"https:\/\/ccoo.app\/barcelona-serveis-municipals\/wp-json\/wp\/v2\/posts\/2956\/revisions"}],"wp:attachment":[{"href":"https:\/\/ccoo.app\/barcelona-serveis-municipals\/wp-json\/wp\/v2\/media?parent=2956"}],"wp:term":[{"taxonomy":"category","embeddable":true,"href":"https:\/\/ccoo.app\/barcelona-serveis-municipals\/wp-json\/wp\/v2\/categories?post=2956"},{"taxonomy":"post_tag","embeddable":true,"href":"https:\/\/ccoo.app\/barcelona-serveis-municipals\/wp-json\/wp\/v2\/tags?post=2956"}],"curies":[{"name":"wp","href":"https:\/\/api.w.org\/{rel}","templated":true}]}}