{"id":2955,"date":"2014-09-03T09:09:00","date_gmt":"2014-09-03T07:09:00","guid":{"rendered":"https:\/\/ccoo.app\/barcelona-serveis-municipals\/ajuntament-bcn-adjudica-a-saba-el-60-de-bamsa\/"},"modified":"2014-09-03T09:09:00","modified_gmt":"2014-09-03T07:09:00","slug":"ajuntament-bcn-adjudica-a-saba-el-60-de-bamsa","status":"publish","type":"post","link":"https:\/\/ccoo.app\/barcelona-serveis-municipals\/ajuntament-bcn-adjudica-a-saba-el-60-de-bamsa\/","title":{"rendered":"Ajuntament BCN adjudica a SABA el 60% de BAMSA"},"content":{"rendered":"<div style=\"text-align: justify\">\nEl pasado pleno del Ajuntament de BCN del viernes 25 de julio, <b>adjudic\u00f3 el 60%<\/b> de la nueva sociedad <b>privada-p\u00fablico BAMSA<\/b> a la empresa de aparcamientos <b>SABA<\/b>, con los votos favorables de CiU, PP y ERC.<\/div>\n<div style=\"text-align: justify\">\n<div style=\"clear: both;text-align: center\">\n<a href=\"http:\/\/3.bp.blogspot.com\/-YYMpkz3NDcs\/U_7p5v-aPkI\/AAAAAAAAEv0\/eR87CsvwpXE\/s1600\/Barcelona%2BNo%2BEsta%2Ben%2BVenda.png\" style=\"clear: left;float: left;margin-bottom: 1em;margin-right: 1em\"><img loading=\"lazy\" decoding=\"async\" border=\"0\" src=\"http:\/\/3.bp.blogspot.com\/-YYMpkz3NDcs\/U_7p5v-aPkI\/AAAAAAAAEv0\/eR87CsvwpXE\/s1600\/Barcelona%2BNo%2BEsta%2Ben%2BVenda.png\" height=\"320\" width=\"226\" \/><\/a><\/div>\n<p>Ninguna sorpresa para esta secci\u00f3n sindical, que ya hab\u00edamos denunciado p\u00fablicamente que SABA se har\u00eda sin duda con el 60% de BAMSA, ya que esta <b>privatizaci\u00f3n<\/b> (aunque a CiU y a ERC les moleste, es una privatizaci\u00f3n del servicio) <b>estaba muy bien preparada y encaminada<\/b> para que se la adjudicar\u00e1 a la empresa de los amigos convergentes, una empresa que sin esta adjudicaci\u00f3n podr\u00eda haber perdido los 10 aparcamientos m\u00e1s c\u00e9ntricos de Barcelona que en la actualidad gestiona.<\/div>\n<div style=\"text-align: justify\">\n<\/div>\n<div style=\"text-align: justify\">\nEn otras ocasiones os hemos informado, de las consecuencias hacia los trabajadores\/as de BSM, y hacia la estructura de nuestra empresa, pero en esta ocasi\u00f3n nos queremos centrar en explicar como todo se ha dejado <b>atado y bien preparado <\/b>para que no se le pueda escapar a SABA la gesti\u00f3n de esta suculenta empresa durante 25 a\u00f1os.<\/div>\n<div style=\"text-align: justify\">\n<\/div>\n<div style=\"text-align: justify\">\nYa informamos sobre el precio que desde el Ajuntament y B:SM se le pon\u00eda al 60% de BAMSA que saldr\u00eda a la venta, que eran <a href=\"http:\/\/ccoobsm.blogspot.com.es\/2014\/03\/licitacion-60-bamsa-o-lo-que-es-lo.html\">160 millones de euros a pagar en c\u00f3modos plazos<\/a> (Ajuntament haciendo de banco a la empresa privada). Dicho precio ya ha sido motivo de discusi\u00f3n, e incluso de <b>denuncia<\/b> por parte del comit\u00e9 de empresa de B:SM, por la <b>opacidad del informe<\/b> que se encarg\u00f3 para realizar dicha valoraci\u00f3n.<\/div>\n<div style=\"text-align: justify\">\n<\/div>\n<div style=\"text-align: justify\">\n<div style=\"clear: both;text-align: center\">\n<a href=\"http:\/\/2.bp.blogspot.com\/-6sNP0d_AsgY\/U_7p_2U5cAI\/AAAAAAAAEv8\/FwEbQ5isJsw\/s1600\/Como%2Bse%2Ble%2Bocurra%2Bdar%2Blas%2Bcuentas.jpg\" style=\"clear: right;float: right;margin-bottom: 1em;margin-left: 1em\"><img loading=\"lazy\" decoding=\"async\" border=\"0\" src=\"http:\/\/2.bp.blogspot.com\/-6sNP0d_AsgY\/U_7p_2U5cAI\/AAAAAAAAEv8\/FwEbQ5isJsw\/s1600\/Como%2Bse%2Ble%2Bocurra%2Bdar%2Blas%2Bcuentas.jpg\" height=\"213\" width=\"320\" \/><\/a><\/div>\n<p>El tiempo <b>nos ha dado la raz\u00f3n<\/b> en cuanto a la <b>opacidad<\/b> de dicho informe, y en cu\u00e1nto a que todo estaba muy bien preparado entre Ajuntament BCN (CiU), Direcci\u00f3n B:SM (CiU) y SABA (CiU), para que a esta \u00faltima empresa no se le escapara la adjudicaci\u00f3n, ya que sorprendentemente <b>SABA realiz\u00f3 una oferta de m\u00e1s de 232 <\/b>millones de euros, <b>72 millones por encima<\/b> de lo que se ped\u00eda, y 66 millones por encima de la oferta del otro participante en la privatizaci\u00f3n, Interparking que ofert\u00f3 166,5 millones de euros.<\/div>\n<div style=\"text-align: justify\">\n<\/div>\n<div style=\"text-align: justify\">\nEste detalle de los 232 millones de euros que pagar\u00e1 SABA por la gesti\u00f3n de BAMSA, s\u00f3lo se ha visto comentado por el equipo de gobierno de CiU, como un \u00e9xito rotundo a la hora de ingresar dinero, pero tiene otra posible lectura, que no es otra que SABA conoc\u00eda muy bien los informes econ\u00f3micos encargados los cu\u00e1les salieron con una <b>valoraci\u00f3n de BAMSA muy baja<\/b>, y desde SABA eran conocedores que la nueva sociedad es una <b>mina de oro<\/b> y por ello decidieron que dar\u00e1n sin miedo 72 millones de euros por encima del valor que puso el Ajuntament.<\/div>\n<div style=\"text-align: justify\">\n<\/div>\n<div style=\"text-align: justify\">\n<b>\u00bfAlguien en su sano juicio piensa que una empresa regala dinero?<\/b> <b>72 millones nada menos<\/b>. O m\u00e1s bien es que SABA estaba y est\u00e1 muy bien informada para saber que ese dinero de m\u00e1s es una minucia comparada con <b>todo lo que va a sacar en 25 a\u00f1os<\/b> de esta nueva sociedad, <b>marcando las tarifas y las pol\u00edticas de movilidad<\/b> de todo el centro de Barcelona.<\/div>\n<div style=\"text-align: justify\">\n<\/div>\n<div style=\"text-align: justify\">\nEste art\u00edculo no tiene nada que ver con los <b>trabajadores\/as de SABA ni con la espl\u00e9ndida labor que realizan<\/b>, sino con la forma de privatizar un servicio m\u00e1s que rentable para las arcas p\u00fablicas y adem\u00e1s queri\u00e9ndonos tomar por ingenuos a todos\/as nos lo venden como un \u00e9xito, cuando la realidad, es que es un <b>aut\u00e9ntico fracaso en t\u00e9rminos de movilidad, de tarifas <\/b>y lo peor: econ\u00f3micamente hablando <b>ni han sido capaces ni lo ser\u00e1n de demostrar que B:SM sale sin da\u00f1o alguno de esta operaci\u00f3n<\/b>.<\/div>\n<div style=\"text-align: justify\">\n<\/div>\n<div style=\"text-align: justify\">\nLos tiempos cambian y mucho, como ejemplo os ponemos la portada del \u00faltimo n\u00famero 28 de la revista BCN Serveis (revista del grupo B:SM) y otra del a\u00f1o 2007<\/div>\n<div style=\"text-align: justify\">\n<\/div>\n<table cellpadding=\"0\" cellspacing=\"0\" style=\"float: left;margin-right: 1em;text-align: left\">\n<tbody>\n<tr>\n<td style=\"text-align: center\"><a href=\"http:\/\/3.bp.blogspot.com\/-CqCre4Ma1Ds\/U9d4vuVEQQI\/AAAAAAAAETg\/4l3uacv_1-Y\/s1600\/portada+BCN+serveis+28.jpg\" style=\"clear: left;margin-bottom: 1em;margin-left: auto;margin-right: auto;text-align: justify\"><img loading=\"lazy\" decoding=\"async\" border=\"0\" src=\"http:\/\/3.bp.blogspot.com\/-CqCre4Ma1Ds\/U9d4vuVEQQI\/AAAAAAAAETg\/4l3uacv_1-Y\/s1600\/portada+BCN+serveis+28.jpg\" height=\"320\" width=\"225\" \/><\/a><\/td>\n<\/tr>\n<tr>\n<td style=\"text-align: center\"><a href=\"http:\/\/www.bsmsa.cat\/fileadmin\/user_upload\/revista_bcn\/bsm28\/\">BCN Serveis 28<\/a><\/td>\n<\/tr>\n<\/tbody>\n<\/table>\n<div style=\"margin-left: 1em;margin-right: 1em;text-align: justify\">\n<table align=\"center\" cellpadding=\"0\" cellspacing=\"0\" style=\"margin-left: auto;margin-right: auto;text-align: center\">\n<tbody>\n<tr>\n<td style=\"text-align: center\"><a href=\"http:\/\/2.bp.blogspot.com\/-sxSRGwIlny8\/U9d5HKydX_I\/AAAAAAAAETo\/14_VUoNRM5k\/s1600\/portada+BCN+serveis+14.jpg\" style=\"margin-left: auto;margin-right: auto\"><img loading=\"lazy\" decoding=\"async\" border=\"0\" src=\"http:\/\/2.bp.blogspot.com\/-sxSRGwIlny8\/U9d5HKydX_I\/AAAAAAAAETo\/14_VUoNRM5k\/s1600\/portada+BCN+serveis+14.jpg\" height=\"320\" width=\"225\" \/><\/a><\/td>\n<\/tr>\n<tr>\n<td style=\"text-align: center\"><a href=\"https:\/\/dl.dropboxusercontent.com\/u\/24163046\/14%20Tardor%202007.pdf\">BCN Serveis 14<\/a><\/td>\n<\/tr>\n<\/tbody>\n<\/table>\n<p><a href=\"http:\/\/2.bp.blogspot.com\/-sxSRGwIlny8\/U9d5HKydX_I\/AAAAAAAAETo\/14_VUoNRM5k\/s1600\/portada+BCN+serveis+14.jpg\" style=\"margin-left: 1em;margin-right: 1em\"><\/a><\/div>\n<p><\/p>\n<div style=\"text-align: justify\">\n<b>Antes desde B:SM nos dedic\u00e1bamos a construir aparcamientos<\/b> en barrios d\u00f3nde hay d\u00e9ficit de plazas y d\u00f3nde el sector privado nunca construir\u00e1 por su escasa rentabilidad, y <b>ahora<\/b> con el alcalde Xavier Trias y su equipo de gobierno de CiU, <b>nos dedicamos a impulsar al sector privado<\/b>, privatizando los 15 mejores aparcamientos de B:SM en cuanto a ingresos se refiere.<\/div>\n<div style=\"text-align: justify\">\n<\/div>\n<div style=\"text-align: justify\">\nEn mayo de 2015 se celebrar\u00e1n elecciones municipales y desde esta secci\u00f3n sindical de CCOO_BSM seguiremos recordando a los trabajadores\/as de B:SM y a los ciudadanos de Barcelona, la gesti\u00f3n de CiU en nuestra empresa p\u00fablica y de los socios insaciables de PP y ERC a la hora de privatizar un bien rentable, <b>muy rentable por lo visto<\/b>.<\/div>\n<div style=\"text-align: justify\">\n<\/div>\n<div style=\"text-align: justify\">\nLas urnas pondr\u00e1n a cada uno en su sitio, por desgracia, despu\u00e9s de <b>mucho da\u00f1o hecho a los trabajadores\/as de B:SM<\/b> y a los ciudadanos\/as de Barcelona.<\/div>\n<div style=\"text-align: justify\">\n<\/div>\n<div style=\"text-align: justify\">\nOs seguiremos informando<\/div>\n<div style=\"text-align: justify\">\n<\/div>\n","protected":false},"excerpt":{"rendered":"<p>El pasado pleno del Ajuntament de BCN del viernes 25 de julio, adjudic\u00f3 el 60% de la nueva sociedad privada-p\u00fablico BAMSA a la empresa de aparcamientos SABA, con los votos &#8230; <a title=\"Ajuntament BCN adjudica a SABA el 60% de BAMSA\" class=\"read-more\" href=\"https:\/\/ccoo.app\/barcelona-serveis-municipals\/ajuntament-bcn-adjudica-a-saba-el-60-de-bamsa\/\" aria-label=\"M\u00e9s informaci\u00f3 sobre Ajuntament BCN adjudica a SABA el 60% de BAMSA\">Read more<\/a><\/p>\n","protected":false},"author":4519,"featured_media":0,"comment_status":"closed","ping_status":"closed","sticky":false,"template":"","format":"standard","meta":{"footnotes":""},"categories":[1],"tags":[],"class_list":["post-2955","post","type-post","status-publish","format-standard","hentry","category-sin-categoria","generate-columns","tablet-grid-50","mobile-grid-100","grid-parent","grid-33"],"_links":{"self":[{"href":"https:\/\/ccoo.app\/barcelona-serveis-municipals\/wp-json\/wp\/v2\/posts\/2955","targetHints":{"allow":["GET"]}}],"collection":[{"href":"https:\/\/ccoo.app\/barcelona-serveis-municipals\/wp-json\/wp\/v2\/posts"}],"about":[{"href":"https:\/\/ccoo.app\/barcelona-serveis-municipals\/wp-json\/wp\/v2\/types\/post"}],"author":[{"embeddable":true,"href":"https:\/\/ccoo.app\/barcelona-serveis-municipals\/wp-json\/wp\/v2\/users\/4519"}],"replies":[{"embeddable":true,"href":"https:\/\/ccoo.app\/barcelona-serveis-municipals\/wp-json\/wp\/v2\/comments?post=2955"}],"version-history":[{"count":0,"href":"https:\/\/ccoo.app\/barcelona-serveis-municipals\/wp-json\/wp\/v2\/posts\/2955\/revisions"}],"wp:attachment":[{"href":"https:\/\/ccoo.app\/barcelona-serveis-municipals\/wp-json\/wp\/v2\/media?parent=2955"}],"wp:term":[{"taxonomy":"category","embeddable":true,"href":"https:\/\/ccoo.app\/barcelona-serveis-municipals\/wp-json\/wp\/v2\/categories?post=2955"},{"taxonomy":"post_tag","embeddable":true,"href":"https:\/\/ccoo.app\/barcelona-serveis-municipals\/wp-json\/wp\/v2\/tags?post=2955"}],"curies":[{"name":"wp","href":"https:\/\/api.w.org\/{rel}","templated":true}]}}