{"id":2954,"date":"2014-09-09T19:22:00","date_gmt":"2014-09-09T17:22:00","guid":{"rendered":"https:\/\/ccoo.app\/barcelona-serveis-municipals\/reunion-parc-guell-9-de-septiembre-de-2014\/"},"modified":"2014-09-09T19:22:00","modified_gmt":"2014-09-09T17:22:00","slug":"reunion-parc-guell-9-de-septiembre-de-2014","status":"publish","type":"post","link":"https:\/\/ccoo.app\/barcelona-serveis-municipals\/reunion-parc-guell-9-de-septiembre-de-2014\/","title":{"rendered":"Reuni\u00f3n Parc G\u00fcell 9 de Septiembre de 2014"},"content":{"rendered":"<div style=\"text-align: justify\">\nEn la reuni\u00f3n mantenida esta tarde, con la empresa, para tratar el tema de los festivos intersemanales,&nbsp; nos han manifestado que la media de festivos trabajados por el personal, ha sido de 6,5, habiendo<br \/>\ntrabajadores que han efectuado 3 o 4 y otros 10.<\/div>\n<div style=\"text-align: justify\">\n<\/div>\n<div dir=\"ltr\" style=\"text-align: justify\">\nPara subsanar esto, se confeccionaran los cuadrantes de<br \/>\ntemporada baja de manera que a 31 de diciembre de 2014, todos los trabajadores hayan sido<br \/>\ncompensados con descansos, y a partir de aqu\u00ed,&nbsp; se han de confeccionar de manera que<br \/>\ncada trabajador realice el 50% de los festivos.&nbsp;<\/div>\n<div dir=\"ltr\" style=\"text-align: justify\">\n<\/div>\n<div dir=\"ltr\" style=\"text-align: justify\">\nEn relaci\u00f3n a los dias<br \/>\nde Sant Esteve, Navidad,&nbsp; a\u00f1o nuevo y reyes, los cuadrantes se efectuar\u00e1n de manera que cada empleado trabajar\u00e1 2<br \/>\n de ellos.<\/div>\n<div dir=\"ltr\" style=\"text-align: justify\">\n<\/div>\n<div dir=\"ltr\" style=\"text-align: justify\">\nInformaros que CCOO y CGT hemos efectuado una manifestaci\u00f3n<br \/>\nde parte, en la que, sin estar en contra de esta regulacion de los<br \/>\nfestivos, no podemos firmar conforme, ya que entendemos que nacen de<br \/>\nunos calendarios impuestos por la empresa, ya que no fueron aceptados por nuestra parte, al entender que los fines de semana libres para los trabajadores son muy escasos, y que con la debida organizaci\u00f3n, podr\u00edan aumentar.<\/div>\n<div style=\"text-align: justify\">\n&nbsp; <\/div>\n<div style=\"clear: both;text-align: justify\">\n<a href=\"http:\/\/2.bp.blogspot.com\/-UEGe5JgI3Qw\/VA80q8_GydI\/AAAAAAAAAaA\/sfbeHoesQFQ\/s1600\/IMG-20140909-WA0010.jpg\" style=\"clear: left;float: left;margin-bottom: 1em;margin-right: 1em\"><img loading=\"lazy\" decoding=\"async\" border=\"0\" src=\"http:\/\/2.bp.blogspot.com\/-UEGe5JgI3Qw\/VA80q8_GydI\/AAAAAAAAAaA\/sfbeHoesQFQ\/s1600\/IMG-20140909-WA0010.jpg\" height=\"320\" width=\"270\" \/><\/a><\/div>\n<div dir=\"ltr\" style=\"text-align: justify\">\nEn otro orden, la secci\u00f3n sindical de CCOO ha preguntado a<br \/>\nla direcci\u00f3n del departamento por las declaraciones del Alcalde Xavier<br \/>\nTrias en Twitter,&nbsp; asegurando que el Parc G\u00fcell es deficitario. La<br \/>\ndirecci\u00f3n nos explica que no le constan estas declaraciones,&nbsp; aunque<br \/>\ninterpreta que se debe referir a la totalidad del parque,&nbsp; y no a las 8<br \/>\nhect\u00e1reas del recinto monumental que gestiona BSM y cuyos beneficios<br \/>\nrevierten en la conservaci\u00f3n del parque.&nbsp;<\/div>\n<div dir=\"ltr\" style=\"text-align: justify\">\n<\/div>\n<div style=\"text-align: justify\">\nDebido a la inquietud de esta Secci\u00f3n Sindical por estas<br \/>\ndeclaraciones,&nbsp; CCOO ha solicitado los datos econ\u00f3micos de la gesti\u00f3n del parque (volumen de entradas, recaudaci\u00f3n, gastos, etc&#8230;). La empresa, intentando poner trabas como es habitual, nos indica que lo<br \/>\nsolicitemos por escrito, por lo que hemos redactado alli mismo la solicitud para reclamar esta informaci\u00f3n.<\/div>\n<div style=\"text-align: justify\">\n<\/div>\n<div style=\"text-align: justify\">\nDeciros que esta informaci\u00f3n nunca se nos ha entregado,&nbsp;<br \/>\naunque tengamos derecho a ella,&nbsp; como indica el art. 64 del Estatuto de<br \/>\nlos trabajadores,&nbsp; y que por desgracia, mucho nos tememos que no nos ser\u00e1 entregada, por lo que nos veremos obligados a denunciar ante la autoridad competente.&nbsp;<\/div>\n","protected":false},"excerpt":{"rendered":"<p>En la reuni\u00f3n mantenida esta tarde, con la empresa, para tratar el tema de los festivos intersemanales,&nbsp; nos han manifestado que la media de festivos trabajados por el personal, ha &#8230; <a title=\"Reuni\u00f3n Parc G\u00fcell 9 de Septiembre de 2014\" class=\"read-more\" href=\"https:\/\/ccoo.app\/barcelona-serveis-municipals\/reunion-parc-guell-9-de-septiembre-de-2014\/\" aria-label=\"M\u00e9s informaci\u00f3 sobre Reuni\u00f3n Parc G\u00fcell 9 de Septiembre de 2014\">Read more<\/a><\/p>\n","protected":false},"author":4886,"featured_media":0,"comment_status":"closed","ping_status":"closed","sticky":false,"template":"","format":"standard","meta":{"footnotes":""},"categories":[1],"tags":[],"class_list":["post-2954","post","type-post","status-publish","format-standard","hentry","category-sin-categoria","generate-columns","tablet-grid-50","mobile-grid-100","grid-parent","grid-33"],"_links":{"self":[{"href":"https:\/\/ccoo.app\/barcelona-serveis-municipals\/wp-json\/wp\/v2\/posts\/2954","targetHints":{"allow":["GET"]}}],"collection":[{"href":"https:\/\/ccoo.app\/barcelona-serveis-municipals\/wp-json\/wp\/v2\/posts"}],"about":[{"href":"https:\/\/ccoo.app\/barcelona-serveis-municipals\/wp-json\/wp\/v2\/types\/post"}],"author":[{"embeddable":true,"href":"https:\/\/ccoo.app\/barcelona-serveis-municipals\/wp-json\/wp\/v2\/users\/4886"}],"replies":[{"embeddable":true,"href":"https:\/\/ccoo.app\/barcelona-serveis-municipals\/wp-json\/wp\/v2\/comments?post=2954"}],"version-history":[{"count":0,"href":"https:\/\/ccoo.app\/barcelona-serveis-municipals\/wp-json\/wp\/v2\/posts\/2954\/revisions"}],"wp:attachment":[{"href":"https:\/\/ccoo.app\/barcelona-serveis-municipals\/wp-json\/wp\/v2\/media?parent=2954"}],"wp:term":[{"taxonomy":"category","embeddable":true,"href":"https:\/\/ccoo.app\/barcelona-serveis-municipals\/wp-json\/wp\/v2\/categories?post=2954"},{"taxonomy":"post_tag","embeddable":true,"href":"https:\/\/ccoo.app\/barcelona-serveis-municipals\/wp-json\/wp\/v2\/tags?post=2954"}],"curies":[{"name":"wp","href":"https:\/\/api.w.org\/{rel}","templated":true}]}}